{"id":4087,"date":"2012-04-27T06:24:01","date_gmt":"2012-04-27T06:24:01","guid":{"rendered":"http:\/\/www.bbyhaber.com\/bby\/?p=4087"},"modified":"2013-01-14T13:14:24","modified_gmt":"2013-01-14T11:14:24","slug":"hasan-pasa-yazma-eserler-kutuphanesi-acildi-corum","status":"publish","type":"post","link":"https:\/\/www.bbyhaber.com\/bby\/2012\/04\/27\/hasan-pasa-yazma-eserler-kutuphanesi-acildi-corum","title":{"rendered":"Hasan Pa\u015fa Yazma Eserler K\u00fct\u00fcphanesi A\u00e7\u0131ld\u0131-\u00c7orum"},"content":{"rendered":"<p style=\"text-align: justify;\">\u00c7orum Hasan Pa\u015fa Yazma Eserler K\u00fct\u00fcphanesi ve M\u00fczesi Ba\u015fbakan Yard\u0131mc\u0131s\u0131 B\u00fclent Ar\u0131n\u00e7 taraf\u0131ndan hizmete a\u00e7\u0131ld\u0131. \u0130stiklal \u0130lk\u00f6\u011fretim Okulu hizmet binas\u0131, Yazma Eserler K\u00fct\u00fcphanesi&#8217;ne \u00e7evrildi. A\u00e7\u0131l\u0131\u015f t\u00f6renine Ba\u015fbakan Yard\u0131mc\u0131s\u0131 B\u00fclent Ar\u0131n\u00e7, \u00c7orum Valisi Nurullah \u00c7ak\u0131r, TBMM \u0130dare Amiri Salim Uslu, AK Parti \u00c7orum Milletvekili Cahit Ba\u011fc\u0131, \u00c7orum Belediye Ba\u015fkan\u0131 Muzaffer K\u00fclc\u00fc ile \u00e7ok say\u0131da davetli kat\u0131ld\u0131. Sayg\u0131 duru\u015fu ve \u0130stiklal Mar\u015f\u0131&#8217;n\u0131n ard\u0131ndan T\u00fcrkiye Yazma Eserler Kurumu Ba\u015fkan\u0131 Do\u00e7 Dr. Muhittin Macit bir konu\u015fma yapt\u0131.<!--more--><\/p>\n<p style=\"text-align: justify;\">Do\u00e7. Dr. Macit, k\u00fct\u00fcphanenin ge\u00e7mi\u015fin gelecek nesillere aktar\u0131lmas\u0131nda \u00f6nemli bir rol\u00fc oldu\u011funu belirterek, eme\u011fi ge\u00e7enlere te\u015fekk\u00fcr etti.Daha sonra konu\u015fan Vali Nurullah \u00c7ak\u0131r ise bir zamanlar okul olarak kullan\u0131lan binan\u0131n asl\u0131nda k\u00fct\u00fcphane olarak yap\u0131ld\u0131\u011f\u0131n\u0131 ve \u015fimdi de eski haline yeniden d\u00f6nd\u00fc\u011f\u00fcn\u00fc s\u00f6yledi.<\/p>\n<p style=\"text-align: justify;\">\u00c7ak\u0131r, k\u00fct\u00fcphanenin zemin kat\u0131n\u0131n b\u00f6lgeye hitap edecek bir restorasyon merkezi olaca\u011f\u0131n\u0131 a\u00e7\u0131klad\u0131. K\u00fct\u00fcphanede yer eserlerin \u00e7o\u011funun Hasan Pa\u015fa&#8217;n\u0131n koleksiyonunda yer ald\u0131\u011f\u0131n\u0131 dile getiren Vali \u00c7ak\u0131r, k\u00fclt\u00fcr camias\u0131na b\u00f6yle bir eser kazand\u0131r\u0131lmas\u0131ndan dolay\u0131 te\u015fekk\u00fcr etti.Ba\u015fbakan Yard\u0131mc\u0131s\u0131 B\u00fclent Ar\u0131n\u00e7 ise yapt\u0131\u011f\u0131 konu\u015fmada, T\u00fcrkiye&#8217;nin vak\u0131f eserleri a\u00e7\u0131s\u0131ndan zengin bir \u00fclke oldu\u011funu dile getirerek, iktidara geldikten sonra \u00e7ok say\u0131da tarihi eseri restore ettiklerini belirtti. Ar\u0131n\u00e7, &#8220;Ecdad\u0131m\u0131za kar\u015f\u0131 sorumlulu\u011fumuzu yerine getiriyoruz. Bu yerlerden en \u00fcst d\u00fczeyde faydalanal\u0131m.&#8221; dedi.Konu\u015fmalar\u0131n ard\u0131ndan Hasan Pa\u015fa Yazma Eserler K\u00fct\u00fcphanesi ve M\u00fczesi&#8217;nin kurdelesi kesildi.<\/p>\n<p style=\"text-align: justify;\">Kaynak: http:\/\/www.corumhakimiyet.net\/<\/p>\n","protected":false},"excerpt":{"rendered":"<p>\u00c7orum Hasan Pa\u015fa Yazma Eserler K\u00fct\u00fcphanesi ve M\u00fczesi Ba\u015fbakan Yard\u0131mc\u0131s\u0131 B\u00fclent Ar\u0131n\u00e7 taraf\u0131ndan hizmete a\u00e7\u0131ld\u0131. \u0130stiklal \u0130lk\u00f6\u011fretim Okulu hizmet binas\u0131, Yazma Eserler K\u00fct\u00fcphanesi&#8217;ne \u00e7evrildi. A\u00e7\u0131l\u0131\u015f t\u00f6renine Ba\u015fbakan Yard\u0131mc\u0131s\u0131 B\u00fclent Ar\u0131n\u00e7, \u00c7orum Valisi Nurullah \u00c7ak\u0131r, TBMM \u0130dare Amiri Salim Uslu, AK Parti \u00c7orum Milletvekili Cahit Ba\u011fc\u0131, \u00c7orum Belediye Ba\u015fkan\u0131 Muzaffer K\u00fclc\u00fc ile \u00e7ok say\u0131da davetli kat\u0131ld\u0131. [&hellip;]<\/p>\n","protected":false},"author":1,"featured_media":0,"comment_status":"open","ping_status":"open","sticky":false,"template":"","format":"standard","meta":{"footnotes":""},"categories":[1500,1509],"tags":[1096,438,1441],"class_list":["post-4087","post","type-post","status-publish","format-standard","hentry","category-nadir-eserler","category-yazma-eserler","tag-arsivcilik","tag-el-yazmalari","tag-yazma-eser-kutuphaneleri"],"_links":{"self":[{"href":"https:\/\/www.bbyhaber.com\/bby\/wp-json\/wp\/v2\/posts\/4087"}],"collection":[{"href":"https:\/\/www.bbyhaber.com\/bby\/wp-json\/wp\/v2\/posts"}],"about":[{"href":"https:\/\/www.bbyhaber.com\/bby\/wp-json\/wp\/v2\/types\/post"}],"author":[{"embeddable":true,"href":"https:\/\/www.bbyhaber.com\/bby\/wp-json\/wp\/v2\/users\/1"}],"replies":[{"embeddable":true,"href":"https:\/\/www.bbyhaber.com\/bby\/wp-json\/wp\/v2\/comments?post=4087"}],"version-history":[{"count":0,"href":"https:\/\/www.bbyhaber.com\/bby\/wp-json\/wp\/v2\/posts\/4087\/revisions"}],"wp:attachment":[{"href":"https:\/\/www.bbyhaber.com\/bby\/wp-json\/wp\/v2\/media?parent=4087"}],"wp:term":[{"taxonomy":"category","embeddable":true,"href":"https:\/\/www.bbyhaber.com\/bby\/wp-json\/wp\/v2\/categories?post=4087"},{"taxonomy":"post_tag","embeddable":true,"href":"https:\/\/www.bbyhaber.com\/bby\/wp-json\/wp\/v2\/tags?post=4087"}],"curies":[{"name":"wp","href":"https:\/\/api.w.org\/{rel}","templated":true}]}}