{"id":4070,"date":"2012-05-02T14:31:21","date_gmt":"2012-05-02T14:31:21","guid":{"rendered":"http:\/\/www.bbyhaber.com\/bby\/?p=4070"},"modified":"2012-05-02T14:32:10","modified_gmt":"2012-05-02T14:32:10","slug":"kutuphane-konusunda-sessizlik-hakim","status":"publish","type":"post","link":"https:\/\/www.bbyhaber.com\/bby\/2012\/05\/02\/kutuphane-konusunda-sessizlik-hakim","title":{"rendered":"K\u00fct\u00fcphane konusunda sessizlik hakim"},"content":{"rendered":"<p style=\"text-align: justify;\">G\u00fcndeme geldi\u011fi ilk zamanlarda polemik konusu olan k\u00fct\u00fcphane konusunda yetkililer sessizli\u011fe b\u00fcr\u00fcnd\u00fc. Sivas\u2019a d\u00fczenli bir k\u00fct\u00fcphanenin yap\u0131lmas\u0131 konusunda gerek h\u00fck\u00fcmet kanad\u0131, gerekse Sivas Belediyesi harekete ge\u00e7mi\u015f, en uygun yerin bulunmas\u0131 i\u00e7in \u00e7al\u0131\u015fma ba\u015flat\u0131lm\u0131\u015ft\u0131.Bu \u00e7al\u0131\u015fma kapsam\u0131nda h\u00fck\u00fcmet kanad\u0131 eski tekel binas\u0131 yerinde \u0131srar\u0131n\u0131 s\u00fcrd\u00fcr\u00fcrken BBP\u2019li Belediye Ba\u015fkan\u0131 Do\u011fan \u00dcrg\u00fcp, bu alan\u0131n ye\u015fil alan haline d\u00f6n\u00fc\u015ft\u00fcr\u00fclmesi gerekti\u011fini, k\u00fct\u00fcphane binas\u0131n\u0131n buraya kurulmas\u0131na izin vermeyece\u011fini dile getirmi\u015fti.<!--more--><\/p>\n<p style=\"text-align: justify;\">H\u00fck\u00fcmet kanad\u0131 ve Belediye yer konusunda kar\u015f\u0131 kar\u015f\u0131ya gelmi\u015f polemiklerin ya\u015fanmas\u0131na neden olmu\u015flard\u0131. Polemiklerin uzamas\u0131 \u00fczerine k\u00fct\u00fcphane konusu ask\u0131ya al\u0131n\u0131rken \u015fu ana kadar ne h\u00fck\u00fcmet kanad\u0131ndan ne de Belediye kanad\u0131ndan k\u00fct\u00fcphane konusunda bir a\u00e7\u0131klama yap\u0131lmamas\u0131 dikkat \u00e7ekiyor.K\u00fct\u00fcphane konusunda ya\u015fanan bu sessizlik ise Sivas\u2019a yap\u0131lmas\u0131 planlanan projelerin ne kadar ge\u00e7 kald\u0131\u011f\u0131n\u0131 bir kez daha ortaya koyuyor. Sivas halk\u0131 bundan \u00f6nceki projelerde oldu\u011fu gibi k\u00fct\u00fcphane projesinin ka\u00e7 y\u0131l sonra hayata ge\u00e7irilece\u011fini merak ederken, yetkililerin k\u00fct\u00fcphanenin yap\u0131l\u0131p yap\u0131lmayaca\u011f\u0131 ya da hangi alana yap\u0131laca\u011f\u0131, bug\u00fcn yap yar\u0131n y\u0131k mant\u0131\u011f\u0131 ile mi yoksa uzun y\u0131llar Sivas\u2019a hizmet verecek geni\u015f kapsaml\u0131 bir proje olarak m\u0131 hayata ge\u00e7irilece\u011fi ve bu projenin ne zaman hayata ge\u00e7irilmeye ba\u015flanaca\u011f\u0131 konusunda a\u00e7\u0131klama yapmalar\u0131 bekleniyor.<\/p>\n<p style=\"text-align: justify;\">Kaynak: http:\/\/www.hurdogan.com<\/p>\n","protected":false},"excerpt":{"rendered":"<p>G\u00fcndeme geldi\u011fi ilk zamanlarda polemik konusu olan k\u00fct\u00fcphane konusunda yetkililer sessizli\u011fe b\u00fcr\u00fcnd\u00fc. Sivas\u2019a d\u00fczenli bir k\u00fct\u00fcphanenin yap\u0131lmas\u0131 konusunda gerek h\u00fck\u00fcmet kanad\u0131, gerekse Sivas Belediyesi harekete ge\u00e7mi\u015f, en uygun yerin bulunmas\u0131 i\u00e7in \u00e7al\u0131\u015fma ba\u015flat\u0131lm\u0131\u015ft\u0131.Bu \u00e7al\u0131\u015fma kapsam\u0131nda h\u00fck\u00fcmet kanad\u0131 eski tekel binas\u0131 yerinde \u0131srar\u0131n\u0131 s\u00fcrd\u00fcr\u00fcrken BBP\u2019li Belediye Ba\u015fkan\u0131 Do\u011fan \u00dcrg\u00fcp, bu alan\u0131n ye\u015fil alan haline d\u00f6n\u00fc\u015ft\u00fcr\u00fclmesi gerekti\u011fini, [&hellip;]<\/p>\n","protected":false},"author":1,"featured_media":0,"comment_status":"open","ping_status":"open","sticky":false,"template":"","format":"standard","meta":{"footnotes":""},"categories":[1],"tags":[],"class_list":["post-4070","post","type-post","status-publish","format-standard","hentry","category-genel"],"_links":{"self":[{"href":"https:\/\/www.bbyhaber.com\/bby\/wp-json\/wp\/v2\/posts\/4070"}],"collection":[{"href":"https:\/\/www.bbyhaber.com\/bby\/wp-json\/wp\/v2\/posts"}],"about":[{"href":"https:\/\/www.bbyhaber.com\/bby\/wp-json\/wp\/v2\/types\/post"}],"author":[{"embeddable":true,"href":"https:\/\/www.bbyhaber.com\/bby\/wp-json\/wp\/v2\/users\/1"}],"replies":[{"embeddable":true,"href":"https:\/\/www.bbyhaber.com\/bby\/wp-json\/wp\/v2\/comments?post=4070"}],"version-history":[{"count":0,"href":"https:\/\/www.bbyhaber.com\/bby\/wp-json\/wp\/v2\/posts\/4070\/revisions"}],"wp:attachment":[{"href":"https:\/\/www.bbyhaber.com\/bby\/wp-json\/wp\/v2\/media?parent=4070"}],"wp:term":[{"taxonomy":"category","embeddable":true,"href":"https:\/\/www.bbyhaber.com\/bby\/wp-json\/wp\/v2\/categories?post=4070"},{"taxonomy":"post_tag","embeddable":true,"href":"https:\/\/www.bbyhaber.com\/bby\/wp-json\/wp\/v2\/tags?post=4070"}],"curies":[{"name":"wp","href":"https:\/\/api.w.org\/{rel}","templated":true}]}}