{"id":4051,"date":"2012-05-02T07:08:29","date_gmt":"2012-05-02T07:08:29","guid":{"rendered":"http:\/\/www.bbyhaber.com\/bby\/?p=4051"},"modified":"2012-05-02T07:08:35","modified_gmt":"2012-05-02T07:08:35","slug":"chpden-kahvelere-kutuphane-projesi","status":"publish","type":"post","link":"https:\/\/www.bbyhaber.com\/bby\/2012\/05\/02\/chpden-kahvelere-kutuphane-projesi","title":{"rendered":"CHP&#8217;den kahvelere k\u00fct\u00fcphane projesi"},"content":{"rendered":"<p style=\"text-align: justify;\">CHP Halkla \u0130li\u015fkiler Genel Ba\u015fkan Yard\u0131mc\u0131l\u0131\u011f\u0131 taraf\u0131ndan y\u00fcr\u00fct\u00fclen \u201dOkuma Seferberli\u011fi\u201d projesi kapsam\u0131nda isteyen kahvehanelerle okullara, i\u00e7inde T\u00fcrk ve d\u00fcnya edebiyat\u0131 klasiklerinin yer ald\u0131\u011f\u0131 kitapl\u0131k hediye edilecek.\u00a0 Proje y\u00fcr\u00fct\u00fcc\u00fcs\u00fc ve Genel Ba\u015fkan Yard\u0131mc\u0131s\u0131 Ayten Kayal\u0131o\u011flu, AA muhabirine yapt\u0131\u011f\u0131 a\u00e7\u0131klamada, parti \u00e7al\u0131\u015fmalar\u0131 nedeniyle s\u0131k s\u0131k yurt gezileri yapt\u0131klar\u0131n\u0131 an\u0131msatt\u0131. <!--more--><\/p>\n<p style=\"text-align: justify;\">Gezileri s\u0131ras\u0131nda \u00f6zellikle il\u00e7elerdeki okullarda \u00f6\u011fretmenler ve \u00f6\u011frencilerin kendilerinden T\u00fcrk ve d\u00fcnya edebiyat\u0131 klasikleri gibi \u00e7e\u015fitli kitaplar talep ettiklerini anlatan Kayal\u0131o\u011flu, bu durumun da kendilerini fazlas\u0131yla memnun etti\u011fini kaydetti. Gelen talepler do\u011frultusunda harekete ge\u00e7erek proje ba\u015flatt\u0131klar\u0131n\u0131 anlatan Kayal\u0131o\u011flu, bu kapsamda g\u00f6n\u00fcll\u00fclerden istedikleri kitaplar\u0131 genel merkezde toplamaya ba\u015flad\u0131klar\u0131n\u0131 s\u00f6yledi.<\/p>\n<p style=\"text-align: justify;\">Kayal\u0131o\u011flu, toplanan kitaplar\u0131 isteyen okullara ula\u015ft\u0131rmaya ba\u015flad\u0131klar\u0131n\u0131 belirtirken, projenin zaman s\u0131n\u0131rlamas\u0131n\u0131n olmad\u0131\u011f\u0131n\u0131 toplanan kitaplar\u0131 ula\u015ft\u0131rmaya devam edeceklerini bildirdi.-Kahvehanelere kitapl\u0131k- Yapt\u0131\u011f\u0131 bir Hatay gezisinde, \u00e7ok eski bir kahvehanede kitapl\u0131k g\u00f6rd\u00fc\u011f\u00fcn\u00fc ve bundan fazlas\u0131yla etkilendi\u011fini belirten Kayal\u0131o\u011flu, \u201dKahvehanelere kitapl\u0131k\u201d projesi i\u00e7in de harekete ge\u00e7tiklerini anlatt\u0131.<\/p>\n<p style=\"text-align: justify;\">Kahvehanelerde sadece oyun oynand\u0131\u011f\u0131na dikkati \u00e7eken Kayal\u0131o\u011flu, \u201dHatay\u2019da g\u00f6rd\u00fc\u011f\u00fcm manzara \u00e7ok ho\u015fuma gitti. Demek ki kitap olsa oraya gidenlerin \u00e7o\u011fu, oyun oynamak yerine okuyacak. Bunlar\u0131 senelerdir dile getiren bir ki\u015fiydim ve bu durum beni hakikaten \u00fcz\u00fcyordu, rahats\u0131z ediyordu. \u2019Gazete kitap okumuyorsunuz\u2019 dedi\u011fimde, \u2019kitap varda okumuyor muyuz?\u2019 yan\u0131t\u0131n\u0131 al\u0131yordum. \u015eimdi isteyen kahvehanelere i\u00e7erisinde farkl\u0131 kitaplar\u0131n yer ald\u0131\u011f\u0131 kitapl\u0131klar g\u00f6nderece\u011fiz\u201d dedi.<\/p>\n<p style=\"text-align: justify;\">\u201dTek amac\u0131m\u0131z okuma al\u0131\u015fkanl\u0131\u011f\u0131n\u0131 yeniden insanlara a\u015f\u0131lamak\u201d diyen Kayal\u0131o\u011flu, ilk kitapl\u0131klar\u0131 gelen talep do\u011frultusunda Mamak\u2019taki iki kahvehaneye hediye edeceklerini bildirdi. Kayal\u0131o\u011flu, projelerinin Genel Ba\u015fkan Kemal K\u0131l\u0131\u00e7daro\u011flu taraf\u0131ndan da desteklendi\u011fini belirtirken, vatanda\u015flardan okumad\u0131klar\u0131 kitaplar\u0131 talep gelen yerlere ula\u015ft\u0131rmalar\u0131 i\u00e7in kendilerine g\u00f6ndermelerini istedi.<\/p>\n<p style=\"text-align: justify;\">Kaynak: http:\/\/www.f5haber.com<\/p>\n","protected":false},"excerpt":{"rendered":"<p>CHP Halkla \u0130li\u015fkiler Genel Ba\u015fkan Yard\u0131mc\u0131l\u0131\u011f\u0131 taraf\u0131ndan y\u00fcr\u00fct\u00fclen \u201dOkuma Seferberli\u011fi\u201d projesi kapsam\u0131nda isteyen kahvehanelerle okullara, i\u00e7inde T\u00fcrk ve d\u00fcnya edebiyat\u0131 klasiklerinin yer ald\u0131\u011f\u0131 kitapl\u0131k hediye edilecek.\u00a0 Proje y\u00fcr\u00fct\u00fcc\u00fcs\u00fc ve Genel Ba\u015fkan Yard\u0131mc\u0131s\u0131 Ayten Kayal\u0131o\u011flu, AA muhabirine yapt\u0131\u011f\u0131 a\u00e7\u0131klamada, parti \u00e7al\u0131\u015fmalar\u0131 nedeniyle s\u0131k s\u0131k yurt gezileri yapt\u0131klar\u0131n\u0131 an\u0131msatt\u0131.<\/p>\n","protected":false},"author":1,"featured_media":0,"comment_status":"open","ping_status":"open","sticky":false,"template":"","format":"standard","meta":{"footnotes":""},"categories":[1,1491],"tags":[],"class_list":["post-4051","post","type-post","status-publish","format-standard","hentry","category-genel","category-kahvehane-kutuphane"],"_links":{"self":[{"href":"https:\/\/www.bbyhaber.com\/bby\/wp-json\/wp\/v2\/posts\/4051"}],"collection":[{"href":"https:\/\/www.bbyhaber.com\/bby\/wp-json\/wp\/v2\/posts"}],"about":[{"href":"https:\/\/www.bbyhaber.com\/bby\/wp-json\/wp\/v2\/types\/post"}],"author":[{"embeddable":true,"href":"https:\/\/www.bbyhaber.com\/bby\/wp-json\/wp\/v2\/users\/1"}],"replies":[{"embeddable":true,"href":"https:\/\/www.bbyhaber.com\/bby\/wp-json\/wp\/v2\/comments?post=4051"}],"version-history":[{"count":0,"href":"https:\/\/www.bbyhaber.com\/bby\/wp-json\/wp\/v2\/posts\/4051\/revisions"}],"wp:attachment":[{"href":"https:\/\/www.bbyhaber.com\/bby\/wp-json\/wp\/v2\/media?parent=4051"}],"wp:term":[{"taxonomy":"category","embeddable":true,"href":"https:\/\/www.bbyhaber.com\/bby\/wp-json\/wp\/v2\/categories?post=4051"},{"taxonomy":"post_tag","embeddable":true,"href":"https:\/\/www.bbyhaber.com\/bby\/wp-json\/wp\/v2\/tags?post=4051"}],"curies":[{"name":"wp","href":"https:\/\/api.w.org\/{rel}","templated":true}]}}