{"id":3993,"date":"2012-04-24T10:27:20","date_gmt":"2012-04-24T10:27:20","guid":{"rendered":"http:\/\/www.bbyhaber.com\/bby\/?p=3993"},"modified":"2012-09-07T17:48:08","modified_gmt":"2012-09-07T14:48:08","slug":"genc-musiaddan-ilkogretim-okuluna-kutuphane-destegi","status":"publish","type":"post","link":"https:\/\/www.bbyhaber.com\/bby\/2012\/04\/24\/genc-musiaddan-ilkogretim-okuluna-kutuphane-destegi","title":{"rendered":"Gen\u00e7 M\u00dcS\u0130AD&#8217;dan \u0130lk\u00f6\u011fretim Okuluna K\u00fct\u00fcphane Deste\u011fi"},"content":{"rendered":"<p style=\"text-align: justify;\">Gen\u00e7 M\u00dcS\u0130AD Y\u00f6netimi, Erzurum\u2019un Pasinler \u0130l\u00e7esine ba\u011fl\u0131 Karavelet K\u00f6y\u00fcndeki ilk\u00f6\u011fretim okuluna k\u00fct\u00fcphane ve k\u0131rtasiye yard\u0131m\u0131nda bulundu. 23 Nisan D\u00fcnya \u00c7ocuk Bayram\u0131 kutlamalar\u0131na denk getirilen k\u00fct\u00fcphanenin a\u00e7\u0131l\u0131\u015f ve ba\u011f\u0131\u015f t\u00f6renine, Ak Parti Erzurum Milletvekili Adnan Y\u0131lmaz da kat\u0131ld\u0131. Gen\u00e7 M\u00fcsiad\u2019\u0131n, k\u00f6y\u00fcn iki s\u0131n\u0131fl\u0131 okulunun t\u00fcm \u00f6\u011frencilerine hediyeler de da\u011f\u0131tt\u0131\u011f\u0131 kt\u00f6rene \u00e7evre k\u00f6ylerden gelen k\u00f6yl\u00fc vatanda\u015flar da yo\u011fun ilgi g\u00f6sterdi.<!--more--><\/p>\n<p style=\"text-align: justify;\">T\u00f6rene Milletvekili Y\u0131lmaz\u2019\u0131n yan\u0131 s\u0131ra Pasinler Kaymakam\u0131 Cihangir G\u00fcler, AK Parti \u0130l Ba\u015fkan\u0131 Murat K\u0131l\u0131\u00e7, Pasinler Belediye Ba\u015fkan\u0131 \u00dcnsal Serto\u011flu, \u0130l\u00e7e Milli E\u011fitim M\u00fcd\u00fcr\u00fc \u0130mran Ta\u015fba\u015f\u0131, \u0130l\u00e7e Emniyet M\u00fcd\u00fcr\u00fc \u015eaban Be\u015far ve Gen\u00e7 M\u00fcsiad Erzurum \u015eube Ba\u015fkan\u0131 Emre Durmazp\u0131nar kat\u0131ld\u0131lar. T\u00f6rende konu\u015fan Ak Parti Erzurum Milletvekili Adnan Y\u0131lmaz, Gen\u00e7 M\u00dcS\u0130AD Erzurum \u015eubesine ve y\u00f6netim kuruluna, Karavelet K\u00f6y\u00fc \u0130lk\u00f6\u011fretim okulu i\u00e7in ger\u00e7ekle\u015ftirdikleri bu yard\u0131m hareketi i\u00e7in te\u015fekk\u00fcr etti.<\/p>\n<p style=\"text-align: justify;\">K\u00fc\u00e7\u00fckler i\u00e7in olu\u015fturulan bu k\u00fct\u00fcphanenin onlar\u0131n e\u011fitimi i\u00e7in \u00e7ok \u00f6nemli olaca\u011f\u0131n\u0131 dile getiren Y\u0131lmaz, mecliste kabul edilen 4+4+4 kademeli e\u011fitim sistemi yasas\u0131yla ilgili olarak da; \u2018\u2019Bu yasa devrim niteli\u011findedir. Cenab-\u0131 hakka \u015e\u00fckrederek bu yasay\u0131 \u00e7\u0131karmak bizlere nasip olmu\u015ftur\u2019\u2019 dedi. Daha sonra okul k\u00fct\u00fcphanesinin a\u00e7\u0131l\u0131\u015f t\u00f6reninin yap\u0131lmas\u0131ndan sonra, Gen\u00e7 M\u00dcS\u0130AD Erzurum \u015eubesi taraf\u0131ndan haz\u0131rlanan hediyeler k\u00fc\u00e7\u00fck \u00f6\u011frencilere da\u011f\u0131t\u0131ld\u0131.Program sonunda davetliler, okuldan k\u00f6y odas\u0131na kadar y\u00fcr\u00fcyerek burada k\u00f6yl\u00fcler taraf\u0131ndan haz\u0131rlanan yeme\u011fe kat\u0131ld\u0131lar.<\/p>\n<p style=\"text-align: justify;\">Kaynak:\u00a0http:\/\/www.haberyurdum.com<\/p>\n","protected":false},"excerpt":{"rendered":"<p>Gen\u00e7 M\u00dcS\u0130AD Y\u00f6netimi, Erzurum\u2019un Pasinler \u0130l\u00e7esine ba\u011fl\u0131 Karavelet K\u00f6y\u00fcndeki ilk\u00f6\u011fretim okuluna k\u00fct\u00fcphane ve k\u0131rtasiye yard\u0131m\u0131nda bulundu. 23 Nisan D\u00fcnya \u00c7ocuk Bayram\u0131 kutlamalar\u0131na denk getirilen k\u00fct\u00fcphanenin a\u00e7\u0131l\u0131\u015f ve ba\u011f\u0131\u015f t\u00f6renine, Ak Parti Erzurum Milletvekili Adnan Y\u0131lmaz da kat\u0131ld\u0131. Gen\u00e7 M\u00fcsiad\u2019\u0131n, k\u00f6y\u00fcn iki s\u0131n\u0131fl\u0131 okulunun t\u00fcm \u00f6\u011frencilerine hediyeler de da\u011f\u0131tt\u0131\u011f\u0131 kt\u00f6rene \u00e7evre k\u00f6ylerden gelen k\u00f6yl\u00fc vatanda\u015flar da [&hellip;]<\/p>\n","protected":false},"author":1,"featured_media":0,"comment_status":"open","ping_status":"open","sticky":false,"template":"","format":"standard","meta":{"footnotes":""},"categories":[],"tags":[845],"class_list":["post-3993","post","type-post","status-publish","format-standard","hentry","tag-okul-kutuphaneleri"],"_links":{"self":[{"href":"https:\/\/www.bbyhaber.com\/bby\/wp-json\/wp\/v2\/posts\/3993"}],"collection":[{"href":"https:\/\/www.bbyhaber.com\/bby\/wp-json\/wp\/v2\/posts"}],"about":[{"href":"https:\/\/www.bbyhaber.com\/bby\/wp-json\/wp\/v2\/types\/post"}],"author":[{"embeddable":true,"href":"https:\/\/www.bbyhaber.com\/bby\/wp-json\/wp\/v2\/users\/1"}],"replies":[{"embeddable":true,"href":"https:\/\/www.bbyhaber.com\/bby\/wp-json\/wp\/v2\/comments?post=3993"}],"version-history":[{"count":0,"href":"https:\/\/www.bbyhaber.com\/bby\/wp-json\/wp\/v2\/posts\/3993\/revisions"}],"wp:attachment":[{"href":"https:\/\/www.bbyhaber.com\/bby\/wp-json\/wp\/v2\/media?parent=3993"}],"wp:term":[{"taxonomy":"category","embeddable":true,"href":"https:\/\/www.bbyhaber.com\/bby\/wp-json\/wp\/v2\/categories?post=3993"},{"taxonomy":"post_tag","embeddable":true,"href":"https:\/\/www.bbyhaber.com\/bby\/wp-json\/wp\/v2\/tags?post=3993"}],"curies":[{"name":"wp","href":"https:\/\/api.w.org\/{rel}","templated":true}]}}