{"id":3987,"date":"2012-04-24T06:33:26","date_gmt":"2012-04-24T06:33:26","guid":{"rendered":"http:\/\/www.bbyhaber.com\/bby\/?p=3987"},"modified":"2012-04-24T06:35:11","modified_gmt":"2012-04-24T06:35:11","slug":"tkd-gaziantep-subesinin-ii-olagan-genel-kurul-toplantisi","status":"publish","type":"post","link":"https:\/\/www.bbyhaber.com\/bby\/2012\/04\/24\/tkd-gaziantep-subesinin-ii-olagan-genel-kurul-toplantisi","title":{"rendered":"TKD Gaziantep \u015eubesi&#8217;nin II. Ola\u011fan Genel Kurul Toplant\u0131s\u0131"},"content":{"rendered":"<p style=\"text-align: justify;\"><a href=\"http:\/\/www.tkdgaziantep.org.tr\/\" target=\"_blank\">T\u00fcrk K\u00fct\u00fcphaneciler Derne\u011fi Gaziantep \u015eube<\/a> Ba\u015fkan\u0131 Mehmet At\u0131lgan, derneklerinin II. Genel Kurul Toplant\u0131s\u0131n\u0131n yap\u0131ld\u0131\u011f\u0131n\u0131 bildirdi. Alt\u0131lgan, yapt\u0131\u011f\u0131 a\u00e7\u0131klamada, toplant\u0131n\u0131n Rumkale&#8217;de ger\u00e7ekle\u015fti\u011fini belirterek, T\u00fcrk K\u00fct\u00fcphaneciler Derne\u011fi Gaziantep \u015eubesi olarak \u00e7ok etkili bir \u015fekilde \u00e7al\u0131\u015ft\u0131klar\u0131n\u0131 s\u00f6yledi. 26 Mart-1 Nisan 2012 tarihleri aras\u0131nda kutlanan 48. K\u00fct\u00fcphane Haftas\u0131&#8217;nda Gaziantep B\u00fcy\u00fck\u015fehir Belediyesi&#8217;nin katk\u0131s\u0131yla kitab\u0131 olanlar\u0131n tramvaya \u00fccretsiz bindi\u011fini ifade eden At\u0131lgan, \u015funlar\u0131 kaydetti:<!--more--><\/p>\n<p style=\"text-align: justify;\">&#8220;21 May\u0131s-14 Haziran tarihleri aras\u0131nda ger\u00e7ekle\u015fecek Gaziantep il ve il\u00e7elerindeki k\u00fct\u00fcphanelerde \u00e7al\u0131\u015fan, bilgi ve belge y\u00f6netimi b\u00f6l\u00fcm\u00fc mezunu olmayan ki\u015filere iki grup halinde 40 saat temel k\u00fct\u00fcphanecilik e\u011fitimi verilecek. Bu T\u00fcrkiye&#8217;de bir ilktir. Ayr\u0131ca, Gaziantep&#8217;in ge\u00e7mi\u015fi ve gelece\u011fi aras\u0131nda k\u00f6pr\u00fc vazifesi g\u00f6recek olan Gaziantep Kent Ar\u015fivi&#8217;nin kurulmas\u0131 i\u00e7in yap\u0131lacak her t\u00fcrl\u00fc \u00e7al\u0131\u015fmaya destek verece\u011fiz.&#8221;<\/p>\n<p style=\"text-align: justify;\">Kaynak: www.haberciniz.biz<\/p>\n","protected":false},"excerpt":{"rendered":"<p>T\u00fcrk K\u00fct\u00fcphaneciler Derne\u011fi Gaziantep \u015eube Ba\u015fkan\u0131 Mehmet At\u0131lgan, derneklerinin II. Genel Kurul Toplant\u0131s\u0131n\u0131n yap\u0131ld\u0131\u011f\u0131n\u0131 bildirdi. Alt\u0131lgan, yapt\u0131\u011f\u0131 a\u00e7\u0131klamada, toplant\u0131n\u0131n Rumkale&#8217;de ger\u00e7ekle\u015fti\u011fini belirterek, T\u00fcrk K\u00fct\u00fcphaneciler Derne\u011fi Gaziantep \u015eubesi olarak \u00e7ok etkili bir \u015fekilde \u00e7al\u0131\u015ft\u0131klar\u0131n\u0131 s\u00f6yledi. 26 Mart-1 Nisan 2012 tarihleri aras\u0131nda kutlanan 48. K\u00fct\u00fcphane Haftas\u0131&#8217;nda Gaziantep B\u00fcy\u00fck\u015fehir Belediyesi&#8217;nin katk\u0131s\u0131yla kitab\u0131 olanlar\u0131n tramvaya \u00fccretsiz bindi\u011fini ifade eden [&hellip;]<\/p>\n","protected":false},"author":1,"featured_media":0,"comment_status":"open","ping_status":"open","sticky":false,"template":"","format":"standard","meta":{"footnotes":""},"categories":[1],"tags":[1425],"class_list":["post-3987","post","type-post","status-publish","format-standard","hentry","category-genel","tag-tkd-gaziantep"],"_links":{"self":[{"href":"https:\/\/www.bbyhaber.com\/bby\/wp-json\/wp\/v2\/posts\/3987"}],"collection":[{"href":"https:\/\/www.bbyhaber.com\/bby\/wp-json\/wp\/v2\/posts"}],"about":[{"href":"https:\/\/www.bbyhaber.com\/bby\/wp-json\/wp\/v2\/types\/post"}],"author":[{"embeddable":true,"href":"https:\/\/www.bbyhaber.com\/bby\/wp-json\/wp\/v2\/users\/1"}],"replies":[{"embeddable":true,"href":"https:\/\/www.bbyhaber.com\/bby\/wp-json\/wp\/v2\/comments?post=3987"}],"version-history":[{"count":0,"href":"https:\/\/www.bbyhaber.com\/bby\/wp-json\/wp\/v2\/posts\/3987\/revisions"}],"wp:attachment":[{"href":"https:\/\/www.bbyhaber.com\/bby\/wp-json\/wp\/v2\/media?parent=3987"}],"wp:term":[{"taxonomy":"category","embeddable":true,"href":"https:\/\/www.bbyhaber.com\/bby\/wp-json\/wp\/v2\/categories?post=3987"},{"taxonomy":"post_tag","embeddable":true,"href":"https:\/\/www.bbyhaber.com\/bby\/wp-json\/wp\/v2\/tags?post=3987"}],"curies":[{"name":"wp","href":"https:\/\/api.w.org\/{rel}","templated":true}]}}