{"id":3984,"date":"2012-04-23T17:49:28","date_gmt":"2012-04-23T17:49:28","guid":{"rendered":"http:\/\/www.bbyhaber.com\/bby\/?p=3984"},"modified":"2012-04-23T17:49:42","modified_gmt":"2012-04-23T17:49:42","slug":"1-saat-kitap-okuyana-1-saat-internet-bedava","status":"publish","type":"post","link":"https:\/\/www.bbyhaber.com\/bby\/2012\/04\/23\/1-saat-kitap-okuyana-1-saat-internet-bedava","title":{"rendered":"1 saat kitap okuyana 1 saat internet bedava"},"content":{"rendered":"<p style=\"text-align: justify;\">\u0130zmir&#8217;in Tire il\u00e7esinde bir internet kafe i\u015fletmecisi, okumaya te\u015fvik i\u00e7in ilgin\u00e7 bir kampanya ba\u015flatt\u0131. \u0130\u015fyerine k\u00fct\u00fcphane yapt\u0131ran Esat Sefa S\u0131\u011f\u0131n, 1 saat kitap okuyana 1 saat interneti bedava kulland\u0131r\u0131yor. Bu uygulaman\u0131n, dinledi\u011fi bir cuma hutbesi sebebiyle akl\u0131na geldi\u011fini belirten S\u0131\u011f\u0131n, kampanyay\u0131 \u015f\u00f6yle anlatt\u0131: <!--more-->&#8220;\u0130mam efendi, kitap okuman\u0131n \u00f6neminden bahsederken, &#8216;Kendimiz okumal\u0131y\u0131z ve \u00e7evremizdekileri de okumaya te\u015fvik etmeliyiz. Bak\u0131n, \u00e7ocuklar internet kafelerden \u00e7\u0131km\u0131yor ve zamanlar\u0131n\u0131 bo\u015fa harc\u0131yorlar.&#8217; dedi. Bir internet kafeci olarak proje o an akl\u0131ma geldi ve birka\u00e7 g\u00fcn sonra uygulamaya ba\u015flad\u0131m.<\/p>\n<p style=\"text-align: justify;\">\u0130lk etapta hedefim, 15-25 ya\u015f aras\u0131 gen\u00e7lere hitap etmekti. Anlad\u0131m ki o ya\u015ftakilere kitap okuma al\u0131\u015fkanl\u0131\u011f\u0131 kazand\u0131rmak i\u00e7in ge\u00e7 kalm\u0131\u015f\u0131z fakat 12-15 ya\u015f aras\u0131 \u00e7ocuklar a\u00e7\u0131s\u0131ndan durum farkl\u0131yd\u0131. Onlar tahminimden daha \u00e7ok ilgi g\u00f6sterdiler. \u00c7o\u011fu m\u00fc\u015fterim, ba\u015fta bedava internet i\u00e7in okudu ama aradan 15 g\u00fcn ge\u00e7ince baz\u0131lar\u0131 kar\u015f\u0131l\u0131k beklemeden kitap okumaya ba\u015flad\u0131. Okumaya ba\u015flad\u0131\u011f\u0131 saati ve kitab\u0131n ad\u0131n\u0131 not ettiriyorlar, okuma bitti\u011finde de yine saatini ve ka\u00e7 sayfa okudu\u011funu not ettiriyor ve okuduklar\u0131yla ilgili sorular\u0131ma cevap veriyorlar. Suistimali \u00f6nlemek i\u00e7in b\u00f6yle bir y\u00f6ntem buldum. Sordu\u011fum birka\u00e7 soruyu cevaplayana, 1 saat internet hediye ediyorum.&#8221;<\/p>\n<p style=\"text-align: justify;\">Esat Sefa S\u0131\u011f\u0131n, kampanyaya ilginin her ge\u00e7en g\u00fcn artt\u0131\u011f\u0131n\u0131, bug\u00fcne kadar yakla\u015f\u0131k 20 ki\u015finin faydaland\u0131\u011f\u0131n\u0131 s\u00f6yledi. S\u0131\u011f\u0131n, &#8220;Sekiz senedir internet kafe i\u015fletiyorum. \u0130lk g\u00fcnlerde b\u00f6yle bir kampanya yapmad\u0131\u011f\u0131m i\u00e7in \u00fczg\u00fcn\u00fcm.&#8221; \u015feklinde konu\u015ftu.<\/p>\n<p style=\"text-align: justify;\">Kaynak:http:\/\/www.haberege.com<\/p>\n","protected":false},"excerpt":{"rendered":"<p>\u0130zmir&#8217;in Tire il\u00e7esinde bir internet kafe i\u015fletmecisi, okumaya te\u015fvik i\u00e7in ilgin\u00e7 bir kampanya ba\u015flatt\u0131. \u0130\u015fyerine k\u00fct\u00fcphane yapt\u0131ran Esat Sefa S\u0131\u011f\u0131n, 1 saat kitap okuyana 1 saat interneti bedava kulland\u0131r\u0131yor. Bu uygulaman\u0131n, dinledi\u011fi bir cuma hutbesi sebebiyle akl\u0131na geldi\u011fini belirten S\u0131\u011f\u0131n, kampanyay\u0131 \u015f\u00f6yle anlatt\u0131:<\/p>\n","protected":false},"author":1,"featured_media":0,"comment_status":"open","ping_status":"open","sticky":false,"template":"","format":"standard","meta":{"footnotes":""},"categories":[1],"tags":[],"class_list":["post-3984","post","type-post","status-publish","format-standard","hentry","category-genel"],"_links":{"self":[{"href":"https:\/\/www.bbyhaber.com\/bby\/wp-json\/wp\/v2\/posts\/3984"}],"collection":[{"href":"https:\/\/www.bbyhaber.com\/bby\/wp-json\/wp\/v2\/posts"}],"about":[{"href":"https:\/\/www.bbyhaber.com\/bby\/wp-json\/wp\/v2\/types\/post"}],"author":[{"embeddable":true,"href":"https:\/\/www.bbyhaber.com\/bby\/wp-json\/wp\/v2\/users\/1"}],"replies":[{"embeddable":true,"href":"https:\/\/www.bbyhaber.com\/bby\/wp-json\/wp\/v2\/comments?post=3984"}],"version-history":[{"count":0,"href":"https:\/\/www.bbyhaber.com\/bby\/wp-json\/wp\/v2\/posts\/3984\/revisions"}],"wp:attachment":[{"href":"https:\/\/www.bbyhaber.com\/bby\/wp-json\/wp\/v2\/media?parent=3984"}],"wp:term":[{"taxonomy":"category","embeddable":true,"href":"https:\/\/www.bbyhaber.com\/bby\/wp-json\/wp\/v2\/categories?post=3984"},{"taxonomy":"post_tag","embeddable":true,"href":"https:\/\/www.bbyhaber.com\/bby\/wp-json\/wp\/v2\/tags?post=3984"}],"curies":[{"name":"wp","href":"https:\/\/api.w.org\/{rel}","templated":true}]}}