{"id":3904,"date":"2012-04-19T10:04:33","date_gmt":"2012-04-19T10:04:33","guid":{"rendered":"http:\/\/www.bbyhaber.com\/bby\/?p=3904"},"modified":"2012-04-19T10:09:26","modified_gmt":"2012-04-19T10:09:26","slug":"muhammed-osman-akfirat-kutuphanesi-okurlarini-bekliyor-beykoz","status":"publish","type":"post","link":"https:\/\/www.bbyhaber.com\/bby\/2012\/04\/19\/muhammed-osman-akfirat-kutuphanesi-okurlarini-bekliyor-beykoz","title":{"rendered":"Muhammed Osman Akf\u0131rat K\u00fct\u00fcphanesi Okurlar\u0131n\u0131 Bekliyor-Beykoz"},"content":{"rendered":"<p style=\"text-align: justify;\">Beykoz&#8217;da kitap sevgisi ve okur say\u0131s\u0131n\u0131 art\u0131rmak, il\u00e7e sakinleri ve \u00f6\u011frencilerin kitap ihtiyac\u0131n\u0131 kar\u015f\u0131lamak \u00fczere kurulan Muhammed Osman Akf\u0131rat K\u00fct\u00fcphanesi okurlar\u0131n\u0131 bekliyor. \u0130l\u00e7e sakinlerine kitaplar\u0131n zengin d\u00fcnyas\u0131n\u0131 aralayan, 20 bin se\u00e7kin eserden kurulan k\u00fct\u00fcphane, K\u00fct\u00fcphane Haftas\u0131&#8217;nda hizmet vermeye ba\u015flam\u0131\u015f, resmi a\u00e7\u0131l\u0131\u015f\u0131 ise \u0130stanbul B\u00fcy\u00fck\u015fehir Belediye Ba\u015fkan\u0131 Kadir Topba\u015f taraf\u0131ndan 10 Nisan&#8217;da yap\u0131lm\u0131\u015ft\u0131.<!--more--><strong> <\/strong><\/p>\n<p style=\"text-align: justify;\">Prof. Dr. Necmettin Erbakan K\u00fclt\u00fcr Merkezi&#8217;nde yer alan k\u00fct\u00fcphane<strong> <\/strong>\u00e7a\u011fda\u015f yazarlardan, klasiklere, ara\u015ft\u0131rma-inceleme kitaplar\u0131ndan akademik eserlere, dini, felsefi ve hukuk kitaplar\u0131ndan \u00f6yk\u00fc-deneme-roman t\u00fcrlerine kadar okurlara geni\u015f bir se\u00e7ki sunuyor. Hafta i\u00e7i 09:00-19:00, cumartesi g\u00fcnleri 09:00-17:30 saatleri aras\u0131nda hizmet veren Muhammed Osman Akf\u0131rat K\u00fct\u00fcphanesi&#8217;ne a\u00e7\u0131ld\u0131\u011f\u0131 g\u00fcnden bu yana 250 okur \u00fcye oldu. K\u00fct\u00fcphane, her g\u00fcn ortalama 150 \u00f6\u011frenci taraf\u0131ndan ziyaret ediliyor.<\/p>\n<p style=\"text-align: justify;\"><strong>Ba\u015fkan \u00c7elikbilek: &#8220;\u0130l\u00e7emizin \u00f6nemli bir ihtiyac\u0131n\u0131 gidermi\u015f olduk&#8221;<\/strong><\/p>\n<p style=\"text-align: justify;\">Toplumlar\u0131n geli\u015fmi\u015flik d\u00fczeylerinin kitap okuma oran\u0131yla do\u011fru orant\u0131l\u0131 olarak artt\u0131\u011f\u0131n\u0131, hizmete a\u00e7\u0131lan mek\u00e2nda kitap sevgisi ve okuma al\u0131\u015fkanl\u0131\u011f\u0131 yayg\u0131nla\u015ft\u0131rmaya y\u00f6nelik etkinlikler de<strong> <\/strong>d\u00fczenleyeceklerini belirten<strong> <\/strong>Beykoz Belediye Ba\u015fkan\u0131 Y\u00fccel \u00c7elikbilek<strong>:<\/strong>&#8220;250 bin n\u00fcfusluk il\u00e7emizde ciddi bir k\u00fct\u00fcphane eksikli\u011fi vard\u0131. B\u00fcy\u00fck\u015fehir Belediyemizin deste\u011fi ile bu nezih k\u00fct\u00fcphaneyi il\u00e7emize kazand\u0131rd\u0131k. Ad\u0131n\u0131 da b\u00f6lgenin sayg\u0131n \u015fahsiyetlerinden &#8220;Ayakl\u0131 K\u00fct\u00fcphane&#8221; olarak tan\u0131nan Merhum Osman Akf\u0131rat&#8217;\u0131n ad\u0131n\u0131 vererek vefa \u00f6rne\u011fi g\u00f6sterdik. K\u00fct\u00fcphanede engelli karde\u015flerimizin de yararlanabilece\u011fi \u015fekilde kuruldu. \u0130l\u00e7emizin \u00f6nemli eksi\u011fini gidermi\u015f olduk&#8221; dedi.<\/p>\n<p style=\"text-align: justify;\"><strong>Beykoz Muhammed Osman Akf\u0131rat K\u00fct\u00fcphanesi: <\/strong><\/p>\n<p style=\"text-align: justify;\"><strong>Tel:0 216 322 61 15 <\/strong><\/p>\n<p style=\"text-align: justify;\"><strong>\u00dcyelik \u0130\u00e7in: <\/strong><strong> <\/strong><strong>1 Adet Foto\u011fraf ve N\u00fcfus C\u00fczdan\u0131. <\/strong><\/p>\n<p style=\"text-align: justify;\"><strong>\u0130smail K\u00fcpeli\/Beykoz\/Siyasal Birikim <\/strong><\/p>\n<p style=\"text-align: justify;\">Kaynak: http:\/\/www.beykoz.bel.tr<\/p>\n","protected":false},"excerpt":{"rendered":"<p>Beykoz&#8217;da kitap sevgisi ve okur say\u0131s\u0131n\u0131 art\u0131rmak, il\u00e7e sakinleri ve \u00f6\u011frencilerin kitap ihtiyac\u0131n\u0131 kar\u015f\u0131lamak \u00fczere kurulan Muhammed Osman Akf\u0131rat K\u00fct\u00fcphanesi okurlar\u0131n\u0131 bekliyor. \u0130l\u00e7e sakinlerine kitaplar\u0131n zengin d\u00fcnyas\u0131n\u0131 aralayan, 20 bin se\u00e7kin eserden kurulan k\u00fct\u00fcphane, K\u00fct\u00fcphane Haftas\u0131&#8217;nda hizmet vermeye ba\u015flam\u0131\u015f, resmi a\u00e7\u0131l\u0131\u015f\u0131 ise \u0130stanbul B\u00fcy\u00fck\u015fehir Belediye Ba\u015fkan\u0131 Kadir Topba\u015f taraf\u0131ndan 10 Nisan&#8217;da yap\u0131lm\u0131\u015ft\u0131.<\/p>\n","protected":false},"author":1,"featured_media":0,"comment_status":"open","ping_status":"open","sticky":false,"template":"","format":"standard","meta":{"footnotes":""},"categories":[1],"tags":[],"class_list":["post-3904","post","type-post","status-publish","format-standard","hentry","category-genel"],"_links":{"self":[{"href":"https:\/\/www.bbyhaber.com\/bby\/wp-json\/wp\/v2\/posts\/3904"}],"collection":[{"href":"https:\/\/www.bbyhaber.com\/bby\/wp-json\/wp\/v2\/posts"}],"about":[{"href":"https:\/\/www.bbyhaber.com\/bby\/wp-json\/wp\/v2\/types\/post"}],"author":[{"embeddable":true,"href":"https:\/\/www.bbyhaber.com\/bby\/wp-json\/wp\/v2\/users\/1"}],"replies":[{"embeddable":true,"href":"https:\/\/www.bbyhaber.com\/bby\/wp-json\/wp\/v2\/comments?post=3904"}],"version-history":[{"count":0,"href":"https:\/\/www.bbyhaber.com\/bby\/wp-json\/wp\/v2\/posts\/3904\/revisions"}],"wp:attachment":[{"href":"https:\/\/www.bbyhaber.com\/bby\/wp-json\/wp\/v2\/media?parent=3904"}],"wp:term":[{"taxonomy":"category","embeddable":true,"href":"https:\/\/www.bbyhaber.com\/bby\/wp-json\/wp\/v2\/categories?post=3904"},{"taxonomy":"post_tag","embeddable":true,"href":"https:\/\/www.bbyhaber.com\/bby\/wp-json\/wp\/v2\/tags?post=3904"}],"curies":[{"name":"wp","href":"https:\/\/api.w.org\/{rel}","templated":true}]}}