{"id":3891,"date":"2012-04-19T07:55:23","date_gmt":"2012-04-19T07:55:23","guid":{"rendered":"http:\/\/www.bbyhaber.com\/bby\/?p=3891"},"modified":"2012-04-20T06:12:22","modified_gmt":"2012-04-20T06:12:22","slug":"afsine-ilkogretim-okulu-ogrencileri-neden-halk-kutuphanesine-gitmiyor","status":"publish","type":"post","link":"https:\/\/www.bbyhaber.com\/bby\/2012\/04\/19\/afsine-ilkogretim-okulu-ogrencileri-neden-halk-kutuphanesine-gitmiyor","title":{"rendered":"Af\u015fin\u2019de Neden Halk K\u00fct\u00fcphanesine Gidilmiyor ve Konya \u0130l Halk K\u00fct\u00fcphanesi \u00d6rne\u011fi"},"content":{"rendered":"<p style=\"text-align: justify;\">\u0130l\u00e7emizdeki 7 Bin 780 \u00f6\u011frenciden sadece 130\u2019u halk k\u00fct\u00fcphanesine gidiyor. Bu say\u0131, il\u00e7emiz toplam \u00f6\u011frencisinin %2 si bile de\u011fil; peki neden Af\u015fin&#8217;de \u00f6\u011frencilerimiz il\u00e7e halk k\u00fct\u00fcphanesini kullanm\u0131yor? Bu durum ara\u015ft\u0131r\u0131lmas\u0131 gereken bir durum; yak\u0131n il\u00e7emiz Elbistan&#8217;da, G\u00f6ksun&#8217;da k\u00fct\u00fcphaneye giden \u00f6\u011frenci say\u0131s\u0131 bizden fazla iken; il\u00e7emizde \u00f6\u011frencilerimiz neden k\u00fct\u00fcphaneye gitmiyor? Peki ya halk\u0131m\u0131z? Sokakta g\u00f6rd\u00fc\u011f\u00fcm\u00fcz 10 ki\u015fiden 1 ya da 2 si bile il\u00e7e k\u00fct\u00fcphanesinin yerini bilmiyor. Evet, toplum olarak kitap okumay\u0131 sevmiyoruz. Bu, bilinen bir ger\u00e7ek; ancak il\u00e7emizde k\u00fct\u00fcphanenin de il\u00e7e d\u0131\u015f\u0131nda olmas\u0131, zaten okumay\u0131 sevmeyen il\u00e7e halk\u0131m\u0131za bahane olmu\u015ftur.<!--more--><\/p>\n<p style=\"text-align: justify;\">Halk K\u00fct\u00fcphanesi\u2019nin il\u00e7e d\u0131\u015f\u0131nda olmas\u0131 k\u00fct\u00fcphaneden yararlanma oran\u0131n\u0131 d\u00fc\u015f\u00fcr\u00fcyor. \u00d6\u011frencilerimiz il\u00e7e halk k\u00fct\u00fcphanesine gidebilmek i\u00e7in 2 dolmu\u015f paras\u0131 eve d\u00f6nmek i\u00e7in 2 dolmu\u015f paras\u0131 vermek zorundad\u0131r. Art\u0131 yolda harcanan zaman..Bu durumda \u00f6\u011frenci k\u00fct\u00fcphaneye gitmemektedir. Af\u015fin \u0130l\u00e7e Milli E\u011fitim M\u00fcd\u00fcrl\u00fc\u011f\u00fc Ara\u015ft\u0131rma-Geli\u015ftirme (AR-GE) Birimi, \u00f6\u011frencilerin halk k\u00fct\u00fcphanesinden bu kadar az yararlanmas\u0131n\u0131, halk k\u00fct\u00fcphanesinin il\u00e7e d\u0131\u015f\u0131nda olmas\u0131na ba\u011fl\u0131yor. Duyar gibiyim, okuyan her yerde okur diye d\u00fc\u015f\u00fcnenleri; ancak unutmay\u0131n bu devlet insanlar kitap okusun diye gezici k\u00fct\u00fcphaneler kurdu ve bu k\u00fct\u00fcphaneler insanlar\u0131n aya\u011f\u0131na kadar gidiyor\u2026 Biz ise var olan g\u00fczelim k\u00fct\u00fcphaneyi \u015fehir merkezine ta\u015f\u0131yam\u0131yoruz. Peki, neden k\u00fct\u00fcphane il\u00e7e d\u0131\u015f\u0131nda? \u0130l\u00e7e merkezinde bina m\u0131 yok? B\u00fct\u00fcn devlet kurumlar\u0131 yeni h\u00fck\u00fcmet binas\u0131na ta\u015f\u0131nd\u0131. \u0130l\u00e7emizde bir s\u00fcr\u00fc kamu binas\u0131 bo\u015falt\u0131ld\u0131. \u0130stense pek\u00e2l\u00e2 k\u00fct\u00fcphane il\u00e7e merkezine ta\u015f\u0131nabilir.<\/p>\n<p style=\"text-align: justify;\">\u0130l\u00e7e merkezinde k\u00fct\u00fcphane kadar \u00f6nemli olmad\u0131\u011f\u0131n\u0131 d\u00fc\u015f\u00fcnd\u00fc\u011f\u00fcm o kadar kurum var ki\u2026 Kad\u0131na, erke\u011fe el eme\u011fi ve spordan \u00f6nce k\u00fct\u00fcphane al\u0131\u015fkanl\u0131\u011f\u0131 kazand\u0131ral\u0131m. S\u00f6z konusu k\u00fct\u00fcphane ve kitap ise; \u0131s\u0131nma, kira, tamirat gibi harcamalar bahane edilmemeli.<\/p>\n<p style=\"text-align: justify;\">Kaynak: http:\/\/www.eshabikehfsehri.com<\/p>\n<ul style=\"text-align: justify;\">\n<li><strong><span style=\"color: #0000ff;\"><a href=\"http:\/\/www.kanalon.tv\/index.php?sayfa=haber&amp;id=65553\" target=\"_blank\"><span style=\"color: #0000ff;\">Konya \u0130l Halk K\u00fct\u00fcphanesi \u00d6rne\u011fi i\u00e7in t\u0131klay\u0131n\u0131z<\/span><\/a><\/span><\/strong><\/li>\n<\/ul>\n","protected":false},"excerpt":{"rendered":"<p>\u0130l\u00e7emizdeki 7 Bin 780 \u00f6\u011frenciden sadece 130\u2019u halk k\u00fct\u00fcphanesine gidiyor. Bu say\u0131, il\u00e7emiz toplam \u00f6\u011frencisinin %2 si bile de\u011fil; peki neden Af\u015fin&#8217;de \u00f6\u011frencilerimiz il\u00e7e halk k\u00fct\u00fcphanesini kullanm\u0131yor? Bu durum ara\u015ft\u0131r\u0131lmas\u0131 gereken bir durum; yak\u0131n il\u00e7emiz Elbistan&#8217;da, G\u00f6ksun&#8217;da k\u00fct\u00fcphaneye giden \u00f6\u011frenci say\u0131s\u0131 bizden fazla iken; il\u00e7emizde \u00f6\u011frencilerimiz neden k\u00fct\u00fcphaneye gitmiyor? Peki ya halk\u0131m\u0131z? Sokakta g\u00f6rd\u00fc\u011f\u00fcm\u00fcz 10 [&hellip;]<\/p>\n","protected":false},"author":1,"featured_media":0,"comment_status":"open","ping_status":"open","sticky":false,"template":"","format":"standard","meta":{"footnotes":""},"categories":[1],"tags":[848],"class_list":["post-3891","post","type-post","status-publish","format-standard","hentry","category-genel","tag-halk-kutuphaneleri"],"_links":{"self":[{"href":"https:\/\/www.bbyhaber.com\/bby\/wp-json\/wp\/v2\/posts\/3891"}],"collection":[{"href":"https:\/\/www.bbyhaber.com\/bby\/wp-json\/wp\/v2\/posts"}],"about":[{"href":"https:\/\/www.bbyhaber.com\/bby\/wp-json\/wp\/v2\/types\/post"}],"author":[{"embeddable":true,"href":"https:\/\/www.bbyhaber.com\/bby\/wp-json\/wp\/v2\/users\/1"}],"replies":[{"embeddable":true,"href":"https:\/\/www.bbyhaber.com\/bby\/wp-json\/wp\/v2\/comments?post=3891"}],"version-history":[{"count":0,"href":"https:\/\/www.bbyhaber.com\/bby\/wp-json\/wp\/v2\/posts\/3891\/revisions"}],"wp:attachment":[{"href":"https:\/\/www.bbyhaber.com\/bby\/wp-json\/wp\/v2\/media?parent=3891"}],"wp:term":[{"taxonomy":"category","embeddable":true,"href":"https:\/\/www.bbyhaber.com\/bby\/wp-json\/wp\/v2\/categories?post=3891"},{"taxonomy":"post_tag","embeddable":true,"href":"https:\/\/www.bbyhaber.com\/bby\/wp-json\/wp\/v2\/tags?post=3891"}],"curies":[{"name":"wp","href":"https:\/\/api.w.org\/{rel}","templated":true}]}}