{"id":3888,"date":"2012-04-19T07:52:46","date_gmt":"2012-04-19T07:52:46","guid":{"rendered":"http:\/\/www.bbyhaber.com\/bby\/?p=3888"},"modified":"2012-04-19T07:56:41","modified_gmt":"2012-04-19T07:56:41","slug":"sivasli-universite-ogrencisi-yozgatin-karahacili-koyune-kutuphane-kuruyor","status":"publish","type":"post","link":"https:\/\/www.bbyhaber.com\/bby\/2012\/04\/19\/sivasli-universite-ogrencisi-yozgatin-karahacili-koyune-kutuphane-kuruyor","title":{"rendered":"Sivasl\u0131 \u00fcniversite \u00f6\u011frencisi, Yozgat\u2019\u0131n Karahac\u0131l\u0131 k\u00f6y\u00fcne k\u00fct\u00fcphane kuruyor"},"content":{"rendered":"<p style=\"text-align: justify;\">Ge\u00e7en y\u0131l ba\u011f\u0131\u015f yoluyla toplad\u0131klar\u0131 3 bin kitapla Sivas\u2019\u0131n Ba\u015fyayla k\u00f6y\u00fcne k\u00fct\u00fcphane kuran ve k\u00f6ye bir de festival kazand\u0131ran Ankara \u00dcniversitesi \u00f6\u011frencisi 6 gen\u00e7, bu y\u0131l da Yozgat\u2019\u0131n \u00c7ekerek il\u00e7esine ba\u011fl\u0131 Karahac\u0131lar k\u00f6y\u00fcne 5 bin kitapl\u0131k k\u00fct\u00fcphane kurmaya haz\u0131rlan\u0131yorlar.K\u00fct\u00fcphanenin 22 Nisan\u2019da a\u00e7\u0131lmas\u0131 planlan\u0131yor. Kendisi Sivasl\u0131 olan Ankara \u00dcniversitesi Siyasal Bilgiler Fak\u00fcltesi Siyaset Bilimi ve Kamu Y\u00f6netimi B\u00f6l\u00fcm\u00fc 2. s\u0131n\u0131f \u00f6\u011frencisi M\u00fccahit G\u00fcndo\u011fdu, giri\u015fimleri hakk\u0131nda \u015fu bilgileri veriyor:<a name=\"more\"><\/a><!--more--><\/p>\n<p style=\"text-align: justify;\">\u201c\u0130lk k\u00fct\u00fcph\u00e2nemizi bundan bir y\u0131l \u00f6nce Sivas\u2019\u0131n Alt\u0131nyayla \u0130l\u00e7esinin Ba\u015fyayla K\u00f6y\u00fc\u2019ne kurduk. \u00dc\u00e7 bin kitap mevcuduyla a\u00e7\u0131l\u0131\u015f\u0131n\u0131 yapt\u0131\u011f\u0131m\u0131z k\u00fct\u00fcph\u00e2ne ile biz \u00fcniversite \u00f6\u011frencilerinin \u00fclke ayd\u0131nlanmas\u0131 a\u00e7\u0131s\u0131ndan ne kadar b\u00fcy\u00fck i\u015fler yapabilece\u011fini g\u00f6sterdik. Bu k\u00fct\u00fcph\u00e2nenin a\u00e7\u0131l\u0131\u015f\u0131 i\u00e7in \u00e7al\u0131\u015fma yaparken bir\u00e7ok akran\u0131m\u0131z, bir\u00e7ok b\u00fcy\u00fc\u011f\u00fcm\u00fcz \u2018k\u00f6yde kim okur kitab\u0131\u2019 diyerek k\u00f6ylere ne kadar yabanc\u0131 olduklar\u0131n\u0131 ortaya koyuyorlard\u0131&#8230; Kurdu\u011fumuz k\u00fct\u00fcph\u00e2ne, k\u00f6yde bulunan okula ait de\u011fildi, k\u00f6y\u00fcn b\u00fct\u00fcn\u00fcne hitap ediyordu&#8230; K\u00fct\u00fcph\u00e2neye gelenlere \u00e7ay ikram\u0131 yap\u0131l\u0131yordu; bu sayede her ya\u015ftan insan k\u00fct\u00fcph\u00e2nenin yolunu a\u015f\u0131nd\u0131r\u0131yordu. Ge\u00e7mi\u015fte bir\u00e7ok insan\u0131n hayal etti\u011fi \u2018k\u00f6y k\u00fct\u00fcph\u00e2nesi\u2019 fikrini hayata ge\u00e7irmek bizim a\u00e7\u0131m\u0131zdan b\u00fcy\u00fck bir ba\u015far\u0131yd\u0131.<\/p>\n<p style=\"text-align: justify;\">Bu sene \u2018k\u00f6y k\u00fct\u00fcph\u00e2nesi\u2019 kurma projemizi daha da geni\u015fleterek uzun vadeli olarak \u2018Her K\u00f6ye K\u00fct\u00fcphane\u2019 projesine d\u00f6n\u00fc\u015ft\u00fcrd\u00fck. Bu sene ikincisini kuraca\u011f\u0131m\u0131z k\u00f6y k\u00fct\u00fcph\u00e2nesi i\u00e7in hedefimiz Yozgat\u2019\u0131n \u00c7ekerek \u0130l\u00e7esine ba\u011fl\u0131 Karahac\u0131l\u0131 K\u00f6y\u00fc. \u00c7al\u0131\u015fmalar\u0131m\u0131za bu senenin ba\u015f\u0131ndan itibaren devam ediyoruz. \u0130lk k\u00f6y k\u00fct\u00fcph\u00e2nemizde ula\u015ft\u0131\u011f\u0131m\u0131z \u00fc\u00e7 bin kitap hedefimizi bu sene be\u015f bin kitap hedefine \u00e7\u0131kard\u0131k&#8230; 22 Nisan 2012 tarihinde a\u00e7\u0131l\u0131\u015f\u0131n\u0131 yapmay\u0131 d\u00fc\u015f\u00fcnd\u00fc\u011f\u00fcm\u00fcz \u2018Karahac\u0131l\u0131 K\u00f6y\u00fc K\u00fct\u00fcph\u00e2nesi\u2019 i\u00e7in \u015fimdiden bin civar\u0131nda kitap toplam\u0131\u015f bulunuyoruz&#8230; Karahac\u0131l\u0131 K\u00f6y\u00fc K\u00fct\u00fcph\u00e2nesi\u2019nin hemen ard\u0131ndan Mu\u015f\u2019un Bulan\u0131k \u0130l\u00e7esi\u2019nin bir k\u00f6y\u00fcne yeni bir k\u00f6y k\u00fct\u00fcph\u00e2nesi kurmak i\u00e7in \u00e7al\u0131\u015fmalar\u0131m\u0131za ba\u015flayaca\u011f\u0131z.<\/p>\n<p style=\"text-align: justify;\">\u00dclkemizin her bir k\u00f6\u015fesine kuraca\u011f\u0131m\u0131z k\u00fct\u00fcph\u00e2nelerle \u2018Her K\u00f6ye K\u00fct\u00fcphane\u2019 projemize biraz daha yakla\u015fm\u0131\u015f olaca\u011f\u0131z. Bu sayede gereksiz kavgalar ve k\u0131s\u0131r tart\u0131\u015fmalar\u0131n i\u00e7inde bo\u011fulan siyaset\u00e7ilerimize belki sesimizi duyurabiliriz&#8230;\u201d<\/p>\n<p style=\"text-align: justify;\">Kaynak: http:\/\/yozgatmuhabir.blogspot.com<\/p>\n","protected":false},"excerpt":{"rendered":"<p>Ge\u00e7en y\u0131l ba\u011f\u0131\u015f yoluyla toplad\u0131klar\u0131 3 bin kitapla Sivas\u2019\u0131n Ba\u015fyayla k\u00f6y\u00fcne k\u00fct\u00fcphane kuran ve k\u00f6ye bir de festival kazand\u0131ran Ankara \u00dcniversitesi \u00f6\u011frencisi 6 gen\u00e7, bu y\u0131l da Yozgat\u2019\u0131n \u00c7ekerek il\u00e7esine ba\u011fl\u0131 Karahac\u0131lar k\u00f6y\u00fcne 5 bin kitapl\u0131k k\u00fct\u00fcphane kurmaya haz\u0131rlan\u0131yorlar.K\u00fct\u00fcphanenin 22 Nisan\u2019da a\u00e7\u0131lmas\u0131 planlan\u0131yor. Kendisi Sivasl\u0131 olan Ankara \u00dcniversitesi Siyasal Bilgiler Fak\u00fcltesi Siyaset Bilimi ve Kamu [&hellip;]<\/p>\n","protected":false},"author":1,"featured_media":0,"comment_status":"open","ping_status":"open","sticky":false,"template":"","format":"standard","meta":{"footnotes":""},"categories":[1],"tags":[],"class_list":["post-3888","post","type-post","status-publish","format-standard","hentry","category-genel"],"_links":{"self":[{"href":"https:\/\/www.bbyhaber.com\/bby\/wp-json\/wp\/v2\/posts\/3888"}],"collection":[{"href":"https:\/\/www.bbyhaber.com\/bby\/wp-json\/wp\/v2\/posts"}],"about":[{"href":"https:\/\/www.bbyhaber.com\/bby\/wp-json\/wp\/v2\/types\/post"}],"author":[{"embeddable":true,"href":"https:\/\/www.bbyhaber.com\/bby\/wp-json\/wp\/v2\/users\/1"}],"replies":[{"embeddable":true,"href":"https:\/\/www.bbyhaber.com\/bby\/wp-json\/wp\/v2\/comments?post=3888"}],"version-history":[{"count":0,"href":"https:\/\/www.bbyhaber.com\/bby\/wp-json\/wp\/v2\/posts\/3888\/revisions"}],"wp:attachment":[{"href":"https:\/\/www.bbyhaber.com\/bby\/wp-json\/wp\/v2\/media?parent=3888"}],"wp:term":[{"taxonomy":"category","embeddable":true,"href":"https:\/\/www.bbyhaber.com\/bby\/wp-json\/wp\/v2\/categories?post=3888"},{"taxonomy":"post_tag","embeddable":true,"href":"https:\/\/www.bbyhaber.com\/bby\/wp-json\/wp\/v2\/tags?post=3888"}],"curies":[{"name":"wp","href":"https:\/\/api.w.org\/{rel}","templated":true}]}}