{"id":3881,"date":"2012-04-18T14:40:03","date_gmt":"2012-04-18T14:40:03","guid":{"rendered":"http:\/\/www.bbyhaber.com\/bby\/?p=3881"},"modified":"2012-09-07T17:48:13","modified_gmt":"2012-09-07T14:48:13","slug":"kazada-kaybettikleri-kizlari-adina-kutuphane-yaptirdilar","status":"publish","type":"post","link":"https:\/\/www.bbyhaber.com\/bby\/2012\/04\/18\/kazada-kaybettikleri-kizlari-adina-kutuphane-yaptirdilar","title":{"rendered":"Kazada kaybettikleri k\u0131zlar\u0131 ad\u0131na k\u00fct\u00fcphane yapt\u0131rd\u0131lar"},"content":{"rendered":"<p style=\"text-align: justify;\">Hatay&#8217;\u0131n Erzin il\u00e7esinde hay\u0131rsever bir aile, kazada kaybettikleri \u00fcniversite \u00f6\u011frencisi k\u0131zlar\u0131 ad\u0131na k\u00fct\u00fcphane yapt\u0131rd\u0131. Bahri\u00e7elen Anadolu Lisesi&#8217;nin bir odas\u0131n\u0131 ba\u015ftan a\u015fa\u011f\u0131 yenileyerek t\u00fcm masraflar\u0131 kar\u015f\u0131layan hay\u0131rsever Vural ailesi, k\u0131zlar\u0131n\u0131n ad\u0131n\u0131 mezun oldu\u011fu okulda ya\u015fatman\u0131n mutlulu\u011funu ya\u015fad\u0131. Kuzey K\u0131br\u0131s Lefko\u015fa&#8217;da 2007 y\u0131l\u0131nda bir kaza sonucu hayat\u0131n\u0131 kaybeden Uluslararas\u0131 K\u0131br\u0131s \u00dcniversitesi (UK\u00dc) i\u00e7 mimarl\u0131k e\u011fitimi \u00f6\u011frencisi 22 ya\u015f\u0131ndaki Yasemen Vural&#8217;\u0131n ad\u0131, mezun oldu\u011fu Bahri\u00e7elen Anadolu Lisesi&#8217;nin k\u00fct\u00fcphanesinde ya\u015fat\u0131lacak.<!--more--> Kaymakam \u0130skender Y\u00f6nden, Milli E\u011fitim M\u00fcd\u00fcr\u00fc Mehmet Oruz, Belediye Ba\u015fkan\u0131 Kas\u0131m \u015eim\u015fek, okul idarecileri, hay\u0131rsever anne Fatma Vural ile baba Tamer Vural ile \u00f6\u011frencilerin kat\u0131ld\u0131\u011f\u0131 a\u00e7\u0131l\u0131\u015f t\u00f6reninde duygulu anlar ya\u015fand\u0131. 5 y\u0131l \u00f6nce kaybettikleri k\u0131zlar\u0131 Yasemen Vural&#8217;\u0131n an\u0131s\u0131n\u0131 ya\u015fatmak i\u00e7in okula k\u00fct\u00fcphaneyi kazand\u0131ran anna Fatma Vural, t\u00f6ren s\u0131ras\u0131nda g\u00f6zya\u015flar\u0131n\u0131n tutamad\u0131.<\/p>\n<p style=\"text-align: justify;\">K\u0131zlar\u0131 Yasemen&#8217;in Bahri\u00e7elen Anadolu Lisesinden mezun oldu\u011funu hat\u0131rlatan hay\u0131rsever baba Tamer Vural, &#8221;\u00dcniversite i\u00e7in gitti\u011fi K\u0131br\u0131s&#8217;ta can\u0131m\u0131z olan k\u0131z\u0131m\u0131z\u0131 kaybettik. K\u0131z\u0131m okumay\u0131 \u00e7ok seviyordu. Onun bu okuma sevgisinden yola \u00e7\u0131karak bizde mezun oldu\u011fu okula bir k\u00fct\u00fcphane kazand\u0131rmay\u0131 istedik. Okulda bo\u015f bir oday\u0131 ba\u015ftan a\u015fa\u011f\u0131 yenileyerek k\u0131z\u0131m\u0131z\u0131n an\u0131s\u0131na yeni kitaplarla donatt\u0131k. Biz e\u011fitimi seviyoruz. \u00c7ocuklar\u0131n okumalar\u0131n\u0131, ileride iyi yerlere gelmelerini istiyoruz. Bunun yolu da tabii ki okumaktan ge\u00e7iyor. K\u00fct\u00fcphane okulumuza hay\u0131rl\u0131 olsun&#8221; ifadelerini kulland\u0131.<\/p>\n<p style=\"text-align: justify;\">E\u011fitimin ve okuman\u0131n \u00f6nemine dikkat \u00e7eken Erzin Kaymakam\u0131 \u0130skender Y\u00f6nden, &#8221;K\u0131z\u0131m\u0131za Allahtan rahmet diliyoruz. Ailemizi de bu duyarl\u0131 davran\u0131\u015flar\u0131ndan \u00f6t\u00fcr\u00fc alk\u0131\u015flamak laz\u0131m. Siz, \u00e7ocuklar\u0131n, gelecek nesillerin y\u00fcksek mevkilere gelmesini istiyorsan\u0131z tabii ki e\u011fitime \u00f6nem vermelisiniz. Bunu t\u00fcm i\u015f adamlar\u0131m\u0131zdan, hay\u0131rseverlerimizden bekliyoruz. Hayr\u0131n yolu sadece hastane, okul yapt\u0131rmaktan ibaret olmamal\u0131. K\u00fct\u00fcphane yapt\u0131rarak bile \u00f6rnek bir davran\u0131\u015fa imza atm\u0131\u015f olursunuz. Vural ailesi bunun i\u00e7in \u00e7ok \u00f6nemli bir g\u00f6revi \u00fcstlendi ve fevkaladenin fevkinde bir gayretle okulumuza k\u00fct\u00fcphaneyi kazand\u0131rd\u0131. Allah onlardan da raz\u0131 olsun&#8221; \u015feklinde konu\u015ftu.<\/p>\n<p style=\"text-align: justify;\">Okulun yeni bir k\u00fct\u00fcphaneye kavu\u015ftu\u011funa de\u011finen Okul Aile Birli\u011fi Ba\u015fkan\u0131 Mehmet \u00d6zg\u00fcr de, &#8221;Ailemize \u015f\u00fckranlar\u0131m\u0131z\u0131 iletiyoruz. K\u0131z\u0131m\u0131z Yasemen&#8217;in mekan\u0131 cennet olsun. Onun ad\u0131na bu k\u00fct\u00fcphane tamamland\u0131, donat\u0131ld\u0131. \u0130n\u015fallah \u00f6\u011frencilerimiz bu k\u00fct\u00fcphaneden fazlas\u0131yla faydalanacaklar ve yeni bilgileri buradan \u00f6\u011frenebilecekler.&#8221; dedi.<\/p>\n<p style=\"text-align: justify;\">Kaynak: http:\/\/www.avukatgazetesi.com\/<\/p>\n","protected":false},"excerpt":{"rendered":"<p>Hatay&#8217;\u0131n Erzin il\u00e7esinde hay\u0131rsever bir aile, kazada kaybettikleri \u00fcniversite \u00f6\u011frencisi k\u0131zlar\u0131 ad\u0131na k\u00fct\u00fcphane yapt\u0131rd\u0131. Bahri\u00e7elen Anadolu Lisesi&#8217;nin bir odas\u0131n\u0131 ba\u015ftan a\u015fa\u011f\u0131 yenileyerek t\u00fcm masraflar\u0131 kar\u015f\u0131layan hay\u0131rsever Vural ailesi, k\u0131zlar\u0131n\u0131n ad\u0131n\u0131 mezun oldu\u011fu okulda ya\u015fatman\u0131n mutlulu\u011funu ya\u015fad\u0131. Kuzey K\u0131br\u0131s Lefko\u015fa&#8217;da 2007 y\u0131l\u0131nda bir kaza sonucu hayat\u0131n\u0131 kaybeden Uluslararas\u0131 K\u0131br\u0131s \u00dcniversitesi (UK\u00dc) i\u00e7 mimarl\u0131k e\u011fitimi \u00f6\u011frencisi 22 [&hellip;]<\/p>\n","protected":false},"author":1,"featured_media":0,"comment_status":"open","ping_status":"open","sticky":false,"template":"","format":"standard","meta":{"footnotes":""},"categories":[],"tags":[845],"class_list":["post-3881","post","type-post","status-publish","format-standard","hentry","tag-okul-kutuphaneleri"],"_links":{"self":[{"href":"https:\/\/www.bbyhaber.com\/bby\/wp-json\/wp\/v2\/posts\/3881"}],"collection":[{"href":"https:\/\/www.bbyhaber.com\/bby\/wp-json\/wp\/v2\/posts"}],"about":[{"href":"https:\/\/www.bbyhaber.com\/bby\/wp-json\/wp\/v2\/types\/post"}],"author":[{"embeddable":true,"href":"https:\/\/www.bbyhaber.com\/bby\/wp-json\/wp\/v2\/users\/1"}],"replies":[{"embeddable":true,"href":"https:\/\/www.bbyhaber.com\/bby\/wp-json\/wp\/v2\/comments?post=3881"}],"version-history":[{"count":0,"href":"https:\/\/www.bbyhaber.com\/bby\/wp-json\/wp\/v2\/posts\/3881\/revisions"}],"wp:attachment":[{"href":"https:\/\/www.bbyhaber.com\/bby\/wp-json\/wp\/v2\/media?parent=3881"}],"wp:term":[{"taxonomy":"category","embeddable":true,"href":"https:\/\/www.bbyhaber.com\/bby\/wp-json\/wp\/v2\/categories?post=3881"},{"taxonomy":"post_tag","embeddable":true,"href":"https:\/\/www.bbyhaber.com\/bby\/wp-json\/wp\/v2\/tags?post=3881"}],"curies":[{"name":"wp","href":"https:\/\/api.w.org\/{rel}","templated":true}]}}