{"id":3873,"date":"2012-04-18T10:06:28","date_gmt":"2012-04-18T10:06:28","guid":{"rendered":"http:\/\/www.bbyhaber.com\/bby\/?p=3873"},"modified":"2012-10-01T09:37:58","modified_gmt":"2012-10-01T06:37:58","slug":"tkd-uyelik-kampanyasi-duyurusu","status":"publish","type":"post","link":"https:\/\/www.bbyhaber.com\/bby\/2012\/04\/18\/tkd-uyelik-kampanyasi-duyurusu","title":{"rendered":"T\u00fcrk K\u00fct\u00fcphanec\u200biler Derne\u011fi \u00dcyelik Kampanyas\u0131 Duyurusu"},"content":{"rendered":"<p style=\"text-align: justify;\">De\u011ferli meslekta\u015flar\u0131m\u0131z merhaba.<\/p>\n<p style=\"text-align: justify;\">Son 5 y\u0131lda mesle\u011fimizin de\u011feri h\u0131zla artm\u0131\u015f, kamuda ve \u00f6zel sekt\u00f6rde meslek elemanlar\u0131n\u0131n i\u015f olanaklar\u0131 bularak her t\u00fcrden k\u00fct\u00fcphane, ar\u015fiv, bilgi ve belge merkezinde ba\u015far\u0131l\u0131 \u00e7al\u0131\u015fmalar ger\u00e7ekle\u015ftirilmi\u015ftir. <a title=\"Teknik Hizmetler S\u0131n\u0131f\u0131 Belge Ar\u015fivi\" href=\"http:\/\/www.bbyhaber.com\/bby\/2011\/11\/11\/teknik-hizmetler-belge-arsivi\/\">\u00d6zl\u00fck haklar\u0131<\/a>, \u00e7al\u0131\u015fma ko\u015fullar\u0131 iyile\u015ftirilmesi ve mesleki geli\u015fim i\u00e7in mesleki dayan\u0131\u015fma ve i\u015fbirli\u011fine her zamankinden daha fazla ihtiyac\u0131m\u0131z bulunmaktad\u0131r.<!--more--><\/p>\n<p style=\"text-align: justify;\">Mesle\u011fimize sahip \u00e7\u0131kmak, daha g\u00fc\u00e7l\u00fc k\u00fct\u00fcphanecilik lobisi olu\u015fturmak, \u00e7al\u0131\u015ft\u0131\u011f\u0131m\u0131z kurumlarda daha iyi nitelikli hizmetler sunmak, toplumsal fayda yaratmak i\u00e7in, T\u00fcrk K\u00fct\u00fcphaneciler Derne\u011fi\u2019ni daha da g\u00fc\u00e7lendirmemiz gerekmektedir.<\/p>\n<p style=\"text-align: justify;\">B\u00f6l\u00fcmlerde mesleki e\u011fitim veren akademisyenleri, kamu da ve \u00f6zel sekt\u00f6rde \u00e7al\u0131\u015fan meslekta\u015flar\u0131m\u0131z\u0131, k\u00fct\u00fcphane, ar\u015fiv,\u00a0 bilgi ve belge y\u00f6neticilerini ve \u00f6\u011frenci arkada\u015flar\u0131m\u0131z\u0131 T\u00fcrk K\u00fct\u00fcphaneciler Derne\u011fi\u2019ne \u00fcye olmaya davet ediyoruz.<\/p>\n<p style=\"text-align: justify;\">Size en yak\u0131n <a title=\"BBY Dernekler\" href=\"http:\/\/www.bbyhaber.com\/bby\/bby-dernekler\/\">TKD \u015fubesi<\/a>ne \u00fcye olabilir, kendi yerelinizde <a title=\"BBY Dernekler\" href=\"http:\/\/www.bbyhaber.com\/bby\/bby-dernekler\/\">TKD \u015eubesi <\/a>kurabilirsiniz.<\/p>\n<p style=\"text-align: justify;\">\u00dcyelik ve \u015eube a\u00e7ma bilgileri web sayfam\u0131zdaki <a title=\"BBY Mevzuatlar\" href=\"http:\/\/www.bbyhaber.com\/bby\/2011\/11\/10\/bby-mevzuatlar-2\/\">TKD T\u00fcz\u00fc\u011f\u00fc<\/a>nden \u00f6\u011frenebilirsiniz.<\/p>\n<p style=\"text-align: justify;\">T\u00fcrk K\u00fct\u00fcphaneciler Derne\u011fi sizlerin kat\u0131l\u0131m\u0131 ile daha g\u00fc\u00e7l\u00fc olacakt\u0131r.<\/p>\n<p style=\"text-align: justify;\">\u0130yi \u00e7al\u0131\u015fmalar.<\/p>\n<p style=\"text-align: justify;\">Kaynak:<br \/>\nAyd\u0131n \u0130leri<br \/>\nT\u00fcrk K\u00fct\u00fcphaneciler Derne\u011fi Genel Merkezi Ad\u0131na<br \/>\nGenel Ba\u015fkan Yard\u0131mc\u0131s\u0131<\/p>\n","protected":false},"excerpt":{"rendered":"<p>De\u011ferli meslekta\u015flar\u0131m\u0131z merhaba. Son 5 y\u0131lda mesle\u011fimizin de\u011feri h\u0131zla artm\u0131\u015f, kamuda ve \u00f6zel sekt\u00f6rde meslek elemanlar\u0131n\u0131n i\u015f olanaklar\u0131 bularak her t\u00fcrden k\u00fct\u00fcphane, ar\u015fiv, bilgi ve belge merkezinde ba\u015far\u0131l\u0131 \u00e7al\u0131\u015fmalar ger\u00e7ekle\u015ftirilmi\u015ftir. \u00d6zl\u00fck haklar\u0131, \u00e7al\u0131\u015fma ko\u015fullar\u0131 iyile\u015ftirilmesi ve mesleki geli\u015fim i\u00e7in mesleki dayan\u0131\u015fma ve i\u015fbirli\u011fine her zamankinden daha fazla ihtiyac\u0131m\u0131z bulunmaktad\u0131r.<\/p>\n","protected":false},"author":1,"featured_media":0,"comment_status":"open","ping_status":"open","sticky":false,"template":"","format":"standard","meta":{"footnotes":""},"categories":[1,1607],"tags":[],"class_list":["post-3873","post","type-post","status-publish","format-standard","hentry","category-genel","category-turk-kutuphaneciler-dernegi-tkd"],"_links":{"self":[{"href":"https:\/\/www.bbyhaber.com\/bby\/wp-json\/wp\/v2\/posts\/3873"}],"collection":[{"href":"https:\/\/www.bbyhaber.com\/bby\/wp-json\/wp\/v2\/posts"}],"about":[{"href":"https:\/\/www.bbyhaber.com\/bby\/wp-json\/wp\/v2\/types\/post"}],"author":[{"embeddable":true,"href":"https:\/\/www.bbyhaber.com\/bby\/wp-json\/wp\/v2\/users\/1"}],"replies":[{"embeddable":true,"href":"https:\/\/www.bbyhaber.com\/bby\/wp-json\/wp\/v2\/comments?post=3873"}],"version-history":[{"count":0,"href":"https:\/\/www.bbyhaber.com\/bby\/wp-json\/wp\/v2\/posts\/3873\/revisions"}],"wp:attachment":[{"href":"https:\/\/www.bbyhaber.com\/bby\/wp-json\/wp\/v2\/media?parent=3873"}],"wp:term":[{"taxonomy":"category","embeddable":true,"href":"https:\/\/www.bbyhaber.com\/bby\/wp-json\/wp\/v2\/categories?post=3873"},{"taxonomy":"post_tag","embeddable":true,"href":"https:\/\/www.bbyhaber.com\/bby\/wp-json\/wp\/v2\/tags?post=3873"}],"curies":[{"name":"wp","href":"https:\/\/api.w.org\/{rel}","templated":true}]}}