{"id":3863,"date":"2012-04-17T13:38:50","date_gmt":"2012-04-17T13:38:50","guid":{"rendered":"http:\/\/www.bbyhaber.com\/bby\/?p=3863"},"modified":"2012-04-17T13:42:56","modified_gmt":"2012-04-17T13:42:56","slug":"istanbul-universitesi-bbyon-bulteni","status":"publish","type":"post","link":"https:\/\/www.bbyhaber.com\/bby\/2012\/04\/17\/istanbul-universitesi-bbyon-bulteni","title":{"rendered":"\u0130stanbul \u00dcniversitesi Bilgi ve Belge Y\u00f6netimi \u00d6\u011frencileri Toplulu\u011fu B\u00fclteni"},"content":{"rendered":"<p style=\"text-align: justify;\">Biz \u0130stanbul \u00dcniversitesi \u00f6\u011frencileri olarak, siz de\u011ferli okurlar\u0131m\u0131za b\u00f6l\u00fcm\u00fcm\u00fcz hakk\u0131nda geli\u015fen yeni bilgilerin yer ald\u0131\u011f\u0131, bununla birlikte sosyal ve k\u00fclt\u00fcrel a\u00e7\u0131dan kaleme al\u0131nm\u0131\u015f yaz\u0131lar\u0131n bulundu\u011fu, okurken ho\u015f\u00e7a vakit ge\u00e7irebilece\u011finiz bir b\u00fclten olu\u015fturmaya karar verdik. Bu karar\u0131 vermemize sebep olan ana unsur; bug\u00fcne kadar \u0130stanbul \u00dcniversitesi b\u00fcnyesinde b\u00f6l\u00fcm\u00fcm\u00fczle alakal\u0131 b\u00f6yle bir \u00e7al\u0131\u015fman\u0131n ger\u00e7ekle\u015ftirilmemi\u015f olmas\u0131yd\u0131. <!--more--><\/p>\n<p style=\"text-align: justify;\">Bilgi profesyonelleri olarak, b\u00fcltenimizde \u00f6ncelikle \u00e7ok de\u011ferli meslekta\u015flar\u0131m\u0131za ve b\u00f6l\u00fcm \u00f6\u011frencilerimize yer verdik. Onlar\u0131n penceresinden bir bak\u0131\u015f att\u0131k d\u00fcnyaya\u2026 Ve bu bak\u0131\u015f a\u00e7\u0131lar\u0131n\u0131 harmanlayarak okurlar\u0131m\u0131z\u0131n be\u011fenisine sunduk.<\/p>\n<p style=\"text-align: justify;\">Yaz\u0131lar\u0131n\u0131 bizlerle payla\u015fan, b\u00fcltenimizin haz\u0131rl\u0131k a\u015famas\u0131nda yard\u0131mlar\u0131n\u0131 bizlerden esirgemeyen herkese te\u015fekk\u00fcrlerimizi sunar\u0131z. \u00d6zellikle de bu olu\u015fum s\u0131ras\u0131nda, her an\u0131m\u0131zda bizimle olan, elinden gelen her t\u00fcrl\u00fc deste\u011fi sa\u011flayan, b\u00f6l\u00fcm ba\u015fkan\u0131m\u0131z Prof. Dr. Mehmet Canatar\u2019 a ve de\u011ferli hocam\u0131z Yrd. Do\u00e7. Dr. I\u015f\u0131l \u0130lknur Sert\u2019 e te\u015fekk\u00fcr ederiz. Katk\u0131da bulunmak isteyen herkes bizimle irtibata ge\u00e7ebilir.\u00a0 Sizlerin deste\u011fi ile b\u00fcy\u00fcmek, sesimizi duyurmak ve zenginle\u015fmek \u00e7ok daha kolay.<\/p>\n<p style=\"text-align: justify;\">B\u00fcltenimizin ilk say\u0131s\u0131 ile k\u00fc\u00e7\u00fck bir k\u0131v\u0131lc\u0131m olu\u015fturduk, umar\u0131z bu k\u0131v\u0131lc\u0131m\u0131 siz de\u011ferli okurlar\u0131m\u0131zla birlikte b\u00fcy\u00fct\u00fcr\u00fcz, geni\u015f kitlelere sesimizi duyurabiliriz. Keyifli okumalar.<\/p>\n<p style=\"text-align: right;\" align=\"right\"><strong>BBYON \u00d6\u011eRENC\u0130 TOPLULU\u011eU<\/strong><\/p>\n<ul style=\"text-align: justify;\">\n<li><strong><a href=\"http:\/\/www.bbyon.com\" target=\"_blank\"><span style=\"color: #0000ff;\">B<\/span><span style=\"color: #0000ff;\">\u00fclten ve topluluk sayfas\u0131 i\u00e7in t\u0131klay\u0131n\u0131z<\/span><\/a><\/strong><\/li>\n<\/ul>\n<p style=\"text-align: justify;\">Kaynak: <a href=\"http:\/\/www.bbyon.com\/\" target=\"_blank\">http:\/\/www.bbyon.com\/<\/a> adresindeki b\u00fclten i\u00e7inden al\u0131nm\u0131\u015ft\u0131r.<\/p>\n","protected":false},"excerpt":{"rendered":"<p>Biz \u0130stanbul \u00dcniversitesi \u00f6\u011frencileri olarak, siz de\u011ferli okurlar\u0131m\u0131za b\u00f6l\u00fcm\u00fcm\u00fcz hakk\u0131nda geli\u015fen yeni bilgilerin yer ald\u0131\u011f\u0131, bununla birlikte sosyal ve k\u00fclt\u00fcrel a\u00e7\u0131dan kaleme al\u0131nm\u0131\u015f yaz\u0131lar\u0131n bulundu\u011fu, okurken ho\u015f\u00e7a vakit ge\u00e7irebilece\u011finiz bir b\u00fclten olu\u015fturmaya karar verdik. Bu karar\u0131 vermemize sebep olan ana unsur; bug\u00fcne kadar \u0130stanbul \u00dcniversitesi b\u00fcnyesinde b\u00f6l\u00fcm\u00fcm\u00fczle alakal\u0131 b\u00f6yle bir \u00e7al\u0131\u015fman\u0131n ger\u00e7ekle\u015ftirilmemi\u015f olmas\u0131yd\u0131.<\/p>\n","protected":false},"author":1,"featured_media":0,"comment_status":"open","ping_status":"open","sticky":false,"template":"","format":"standard","meta":{"footnotes":""},"categories":[1],"tags":[],"class_list":["post-3863","post","type-post","status-publish","format-standard","hentry","category-genel"],"_links":{"self":[{"href":"https:\/\/www.bbyhaber.com\/bby\/wp-json\/wp\/v2\/posts\/3863"}],"collection":[{"href":"https:\/\/www.bbyhaber.com\/bby\/wp-json\/wp\/v2\/posts"}],"about":[{"href":"https:\/\/www.bbyhaber.com\/bby\/wp-json\/wp\/v2\/types\/post"}],"author":[{"embeddable":true,"href":"https:\/\/www.bbyhaber.com\/bby\/wp-json\/wp\/v2\/users\/1"}],"replies":[{"embeddable":true,"href":"https:\/\/www.bbyhaber.com\/bby\/wp-json\/wp\/v2\/comments?post=3863"}],"version-history":[{"count":0,"href":"https:\/\/www.bbyhaber.com\/bby\/wp-json\/wp\/v2\/posts\/3863\/revisions"}],"wp:attachment":[{"href":"https:\/\/www.bbyhaber.com\/bby\/wp-json\/wp\/v2\/media?parent=3863"}],"wp:term":[{"taxonomy":"category","embeddable":true,"href":"https:\/\/www.bbyhaber.com\/bby\/wp-json\/wp\/v2\/categories?post=3863"},{"taxonomy":"post_tag","embeddable":true,"href":"https:\/\/www.bbyhaber.com\/bby\/wp-json\/wp\/v2\/tags?post=3863"}],"curies":[{"name":"wp","href":"https:\/\/api.w.org\/{rel}","templated":true}]}}