{"id":386,"date":"2017-12-09T18:45:08","date_gmt":"2017-12-09T15:45:08","guid":{"rendered":"http:\/\/ihalekutuphane.com\/?p=386"},"modified":"2017-12-09T18:45:08","modified_gmt":"2017-12-09T15:45:08","slug":"kutuphanelerin-kdv-oranini-yanlis-hesaplamasinin-cezai-yaptirimlari","status":"publish","type":"post","link":"https:\/\/www.bbyhaber.com\/bby\/2017\/12\/09\/kutuphanelerin-kdv-oranini-yanlis-hesaplamasinin-cezai-yaptirimlari","title":{"rendered":"K\u00fct\u00fcphanelerin KDV Oran\u0131n\u0131 Yanl\u0131\u015f Hesaplamas\u0131n\u0131n Cezai Yapt\u0131r\u0131mlar\u0131?"},"content":{"rendered":"<p>Merhabalar,<\/p>\n<h1><span style=\"font-size: 14pt;\">Bir \u00f6nceki yaz\u0131da da belirtti\u011fim gibi elektronik kaynak \u00f6demelerinde KDV&#8217;den ka\u00e7\u0131\u015f yok.\u00a0<\/span><\/h1>\n<p>Kanun koyucu <strong>&#8220;3065 Say\u0131l\u0131 Katma De\u011fer Vergisi Kanun&#8217;da&#8221;<\/strong> gerekli de\u011fi\u015fikli\u011fi yapm\u0131\u015f fakat bir y\u0131\u011f\u0131n kafa kar\u0131\u015f\u0131kl\u0131\u011f\u0131na neden olmu\u015ftur.<\/p>\n<p><span style=\"color: #ff0000;\">Kafa kar\u0131\u015f\u0131kl\u0131\u011f\u0131 nerelerden kaynaklanmaktad\u0131r:<\/span><\/p>\n<ul>\n<li><span style=\"color: #ff0000;\">e-Kitap ve e-Dergiler ile ilgili sorun yok KDV oranlar\u0131 belli<\/span><\/li>\n<li><span style=\"color: #ff0000;\">Baz\u0131 veritabanlar\u0131 i\u00e7erisinde hem e-kitap var hemde e-dergi bunlar\u0131n KDV&#8217;si nas\u0131l hesaplanacak?<\/span><\/li>\n<li><span style=\"color: #ff0000;\">Baz\u0131 veritabanlar\u0131 ise sadece indeks. Indeksler %18&#8217;den mi hesaplanacak?<\/span><\/li>\n<li><span style=\"color: #ff0000;\">Baz\u0131lar\u0131 sadece standart kanun maddesine g\u00f6re bunlar\u0131nda %18&#8217;den hesaplan\u0131r m\u0131?<\/span><\/li>\n<li><span style=\"color: #ff0000;\">Bunlar\u0131n d\u0131\u015f\u0131nda vido veritabanlar\u0131, federe arama motorlar\u0131 veya hepsini i\u00e7eren veritabanlar\u0131 var bunlar\u0131 nas\u0131l hesaplayaca\u011f\u0131z?<\/span><\/li>\n<\/ul>\n<h2><span style=\"font-size: 14pt;\">Vergi Kayb\u0131n\u0131n Cezas\u0131<\/span><\/h2>\n<p>Kanun maddesinde\u00a0<span style=\"color: #ff0000;\">&#8220;elektronik ortamda sunulan hizmetlere ili\u015fkin katma de\u011fer vergisi, bu hizmeti sunanlar taraf\u0131ndan beyan edilip \u00f6denir&#8221;<\/span><\/p>\n<p>Burada kanun koyucu oranlar ile ilgili b\u00fct\u00fcn sorumlulu\u011fu hizmeti sunanlara b\u0131rakm\u0131\u015f. Bizleri denetleyenlerin elektronik kaynaklar hakk\u0131nda da bilgi sahibi olmas\u0131 gerekiyor. Bizim beyanlar\u0131m\u0131za inanmay\u0131p ara\u015ft\u0131rmaya gidilebilir.<\/p>\n<h2><span style=\"font-size: 14pt;\">Bizler Ticaret \u0130le U\u011fra\u015fan M\u00fckellef Olsayd\u0131k Eksik KDV Hesaplad\u0131\u011f\u0131m\u0131zda Ne Olurdu?<\/span><\/h2>\n<h3><span style=\"font-size: 12pt;\">Vergi Ziya\u0131(Kayb\u0131):<\/span><\/h3>\n<h4><span style=\"font-size: 12pt;\">VERG\u0130 USUL KANUNU<\/span><\/h4>\n<h5>Madde 341:<\/h5>\n<p>Vergi ziya\u0131, m\u00fckellefin veya sorumlunun vergilendirme ile ilgili \u00f6devlerini zaman\u0131nda yerine<br \/>\ngetirmemesi veya eksik yerine getirmesi y\u00fcz\u00fcnden, verginin zaman\u0131nda tahakkuk ettirilmemesini veya eksik tahakkuk\u00a0 ettirilmesini ifade eder<\/p>\n<h4>Vergi ziya\u0131 cezas\u0131<\/h4>\n<h5>Madde 344:<\/h5>\n<p>341 inci maddede yaz\u0131l\u0131 hallerde vergi\u00a0 ziya\u0131na sebebiyet verildi\u011fi takdirde, m\u00fckellef veya sorumlu hakk\u0131nda ziyaa u\u011frat\u0131lan verginin bir kat\u0131 tutar\u0131nda vergi ziya\u0131 cezas\u0131 kesilir.<br \/>\nVergi ziya\u0131na 359 uncu maddede yaz\u0131l\u0131 fiillerle sebebiyet verilmesi halinde bu ceza \u00fc\u00e7 kat, bu fiillere i\u015ftirak edenlere ise bir kat olarak uygulan\u0131r.<br \/>\nVergi incelemesine ba\u015flan\u0131lmas\u0131ndan veya takdir komisyonuna sevk edilmesinden sonra verilenler hari\u00e7 olmak \u00fczere, kanuni s\u00fcresi ge\u00e7tikten sonra verilen vergi beyannameleri i\u00e7in bu madde uyar\u0131nca kesilecek ceza y\u00fczde elli oran\u0131nda uygulan\u0131r.<\/p>\n<h1>Benim Yorumum:<\/h1>\n<p><span style=\"color: #ff0000;\">Yukar\u0131da belirti\u011fim kanun maddeleri m\u00fckelleflere y\u00f6neliktir. Memurun b\u00f6yle bir hata yapmas\u0131 durumunda ne t\u00fcr cezalar uygulan\u0131r bu konuda bir d\u00fczenleme bulamad\u0131m. <\/span><\/p>\n<p><span style=\"color: #ff0000;\">Daha \u00f6nce \u015f\u00f6yle bir durum ba\u015f\u0131ma geldi. KDV tevkifatl\u0131 bir faturan\u0131n s\u00fcresini ge\u00e7irmi\u015fim. Arada olu\u015fan zarar\u0131 ben kendi cebimden \u00f6dedim. Allah&#8217;tan k\u00fc\u00e7\u00fck bir tutard\u0131.<\/span><\/p>\n<p><span style=\"color: #ff0000;\">Benim korkum ise denetimler s\u0131ras\u0131nda \u00f6rne\u011fin %1 KDV hesaplad\u0131\u011f\u0131m\u0131z \u00f6demeyi denetimcinin %18 KDV kesilmesi gerekir diye bir bulgu olu\u015fturulursa\u00a0 devleti vergi kayb\u0131na u\u011fratma cezas\u0131 uygulan\u0131r m\u0131?<\/span><\/p>\n<p><span style=\"color: #ff0000;\">Aradaki fark\u0131 harcama birimindeki sorumlulara ceza olarak yans\u0131t\u0131l\u0131r m\u0131?<\/span><\/p>\n<h1>\u00c7\u00f6z\u00fcm Yollar\u0131:<\/h1>\n<p><span style=\"color: #ff0000;\">ANKOS vb. derneklerin bir araya gelip bu konuda bir \u00e7al\u0131\u015fma yap\u0131p ilgili mercilere ba\u015fvurmas\u0131 gerekir.\u00a0<\/span><\/p>\n<p><span style=\"color: #ff0000;\">Kanun maddesine k\u00fct\u00fcphanelerin kulland\u0131\u011f\u0131 elektronik kaynaklar (e-dergi, e-kitap, e-standart, e-video vb) Ekli (I)\u00a0 veya\u00a0Ekli (II) listesinde yer alan KDV oran\u0131na g\u00f6re hesaplan\u0131r \u015feklinde bir d\u00fczenleme olursa bu sorun d\u00fczelir.\u00a0<\/span><\/p>\n<p>Meslekta\u015flar\u0131m\u0131z\u0131n ba\u015f\u0131na olumsuz bir durum gelmemesi i\u00e7in biran \u00f6nce harekete ge\u00e7meliyiz.<\/p>\n<p>&nbsp;<\/p>\n<p><a href=\"http:\/\/ihalekutuphane.com\/2017\/12\/09\/kutuphanelerin-kdv-oranini-yanlis-hesaplamasinin-cezai-yaptirimlari\/\" target=\"_blank\" rel=\"noopener\">Kaynak<\/a><\/p>\n","protected":false},"excerpt":{"rendered":"<p>Merhabalar, Bir \u00f6nceki yaz\u0131da da belirtti\u011fim gibi elektronik kaynak \u00f6demelerinde KDV&#8217;den ka\u00e7\u0131\u015f yok.\u00a0 Kanun koyucu &#8220;3065 Say\u0131l\u0131 Katma De\u011fer Vergisi Kanun&#8217;da&#8221; gerekli de\u011fi\u015fikli\u011fi yapm\u0131\u015f fakat bir y\u0131\u011f\u0131n kafa kar\u0131\u015f\u0131kl\u0131\u011f\u0131na neden olmu\u015ftur. Kafa kar\u0131\u015f\u0131kl\u0131\u011f\u0131 nerelerden kaynaklanmaktad\u0131r: e-Kitap ve e-Dergiler ile ilgili sorun yok KDV oranlar\u0131 belli Baz\u0131 veritabanlar\u0131 i\u00e7erisinde hem e-kitap var hemde e-dergi bunlar\u0131n KDV&#8217;si [&hellip;]<\/p>\n","protected":false},"author":154,"featured_media":388,"comment_status":"open","ping_status":"open","sticky":false,"template":"","format":"standard","meta":{"footnotes":""},"categories":[],"tags":[1126,1466,1128],"class_list":["post-386","post","type-post","status-publish","format-standard","has-post-thumbnail","hentry","tag-kdv","tag-soru-cevap","tag-yanlis-hesap"],"_links":{"self":[{"href":"https:\/\/www.bbyhaber.com\/bby\/wp-json\/wp\/v2\/posts\/386"}],"collection":[{"href":"https:\/\/www.bbyhaber.com\/bby\/wp-json\/wp\/v2\/posts"}],"about":[{"href":"https:\/\/www.bbyhaber.com\/bby\/wp-json\/wp\/v2\/types\/post"}],"author":[{"embeddable":true,"href":"https:\/\/www.bbyhaber.com\/bby\/wp-json\/wp\/v2\/users\/154"}],"replies":[{"embeddable":true,"href":"https:\/\/www.bbyhaber.com\/bby\/wp-json\/wp\/v2\/comments?post=386"}],"version-history":[{"count":0,"href":"https:\/\/www.bbyhaber.com\/bby\/wp-json\/wp\/v2\/posts\/386\/revisions"}],"wp:featuredmedia":[{"embeddable":true,"href":"https:\/\/www.bbyhaber.com\/bby\/wp-json\/"}],"wp:attachment":[{"href":"https:\/\/www.bbyhaber.com\/bby\/wp-json\/wp\/v2\/media?parent=386"}],"wp:term":[{"taxonomy":"category","embeddable":true,"href":"https:\/\/www.bbyhaber.com\/bby\/wp-json\/wp\/v2\/categories?post=386"},{"taxonomy":"post_tag","embeddable":true,"href":"https:\/\/www.bbyhaber.com\/bby\/wp-json\/wp\/v2\/tags?post=386"}],"curies":[{"name":"wp","href":"https:\/\/api.w.org\/{rel}","templated":true}]}}