{"id":3853,"date":"2012-04-16T15:15:10","date_gmt":"2012-04-16T13:15:10","guid":{"rendered":"http:\/\/www.bbyhaber.com\/bby\/?p=3853"},"modified":"2013-02-28T12:51:55","modified_gmt":"2013-02-28T10:51:55","slug":"milli-kutuphane-66-yasinda","status":"publish","type":"post","link":"https:\/\/www.bbyhaber.com\/bby\/2012\/04\/16\/milli-kutuphane-66-yasinda","title":{"rendered":"Milli K\u00fct\u00fcphane 66 ya\u015f\u0131nda"},"content":{"rendered":"<div id=\"news-detail-spot\" style=\"text-align: justify;\"><a href=\"http:\/\/www.mkutup.gov.tr\/includes\/fckeditor\/dosyalar\/resim\/Antkabir11.jpg\"><img loading=\"lazy\" decoding=\"async\" class=\"alignleft\" src=\"http:\/\/www.mkutup.gov.tr\/includes\/fckeditor\/dosyalar\/resim\/Antkabir11.jpg\" alt=\"\" width=\"212\" height=\"219\" \/><\/a>K\u00fct\u00fcphanecilik e\u011fitimi almak \u00fczere Almanya&#8217;ya g\u00f6nderilen <a href=\"http:\/\/www.adnanotukenkutup.gov.tr\/ana-sayfa\/1-73819\/20120416.html\" target=\"_blank\">Adnan \u00d6t\u00fcken<\/a>&#8216;in \u00e7abalar\u0131 sonucu bir kitap dolab\u0131n\u0131n raflar\u0131na Mehmet Emin Yurdakul&#8217;un iki kitab\u0131n\u0131n konulmas\u0131yla ilk ad\u0131m\u0131 1946 y\u0131l\u0131nda at\u0131lan Milli K\u00fct\u00fcphane, bug\u00fcn 3 milyonu a\u015fk\u0131n koleksiyonuyla 66. ya\u015f\u0131n\u0131 kutluyor. Milli K\u00fct\u00fcphane Ba\u015fkanl\u0131\u011f\u0131 Konferans Salonu&#8217;nda ger\u00e7ekle\u015ftirilen kutlama program\u0131na, K\u00fclt\u00fcr ve Turizm Bakanl\u0131\u011f\u0131 M\u00fcste\u015far Vekili Kemal Fahir Gen\u00e7, M\u00fcste\u015far yard\u0131mc\u0131s\u0131 \u015eenay Ba\u015fer ve Milli K\u00fct\u00fcphane \u00e7al\u0131\u015fanlar\u0131 kat\u0131ld\u0131.<!--more--><\/div>\n<div id=\"news-detail-news-text\" style=\"text-align: justify;\">\n<div id=\"haberMetinDiv\">\n<p>&nbsp;<\/p>\n<p>Milli K\u00fct\u00fcphane&#8217;nin kurulu\u015f a\u015famas\u0131ndan g\u00fcn\u00fcm\u00fcze gelen s\u00fcreci anlatan sinevizyon g\u00f6sterisinin ard\u0131ndan k\u00fct\u00fcphane ile ilgili bas\u0131nda \u00e7\u0131kan haberlerden olu\u015fan derlemenin sunumu yap\u0131ld\u0131. T\u00f6rende konu\u015fan Milli K\u00fct\u00fcphane Ba\u015fkan\u0131 Tuncel Acar, Milli K\u00fct\u00fcphane&#8217;nin yolculu\u011funa bug\u00fcn say\u0131lar\u0131 3 milyonu a\u015fan devasa bir koleksiyonla uluslararas\u0131 bir d\u00fczeyde devam etti\u011fini s\u00f6yledi.<\/p>\n<p>Kurucular\u0131 Adnan \u00d6t\u00fcken&#8217;den miras kalan &#8221;hazineyi&#8221; daha da zenginle\u015ftirmek ve bilim d\u00fcnyas\u0131n\u0131n hizmetine sunmak i\u00e7in \u00e7al\u0131\u015fmalar\u0131na devam ettiklerini dile getiren Acar, 2011&#8217;de yapt\u0131klar\u0131 \u00e7al\u0131\u015fmalar\u0131 anlatt\u0131. Acar, t\u00fcm Milli K\u00fct\u00fcphane \u00e7al\u0131\u015fanlar\u0131na emekleri ve \u00e7al\u0131\u015fmalar\u0131ndan dolay\u0131 te\u015fekk\u00fcr etti. Kutlama program\u0131 K\u00fclt\u00fcr ve Turizm Bakanl\u0131\u011f\u0131 G\u00fczel Sanatlar Genel M\u00fcd\u00fcrl\u00fc\u011f\u00fcne ba\u011fl\u0131 m\u00fczik toplu\u011funun dinletisinin ard\u0131ndan 66. y\u0131l pastas\u0131n\u0131n kesilmesiyle sona erdi.<\/p>\n<p><a href=\"http:\/\/www.mkutup.gov.tr\/\" target=\"_blank\">Milli K\u00fct\u00fcphane<\/a><\/p>\n<p>T\u00fcrkiye&#8217;nin &#8221;milli haf\u0131zas\u0131&#8221; olan, 39 bin metrekarelik binas\u0131nda verdi\u011fi hizmetlerle <a href=\"http:\/\/www.mkutup.gov.tr\/menu\/207\" target=\"_blank\">Avrupa K\u00fct\u00fcphane A\u011f<\/a>\u0131&#8217;na entegre olmay\u0131 ba\u015faran Milli K\u00fct\u00fcphane, Atat\u00fcrk Belgeli\u011fi, g\u00fczel sanatlarla ilgili \u00e7al\u0131\u015fma odalar\u0131, mikrofilm ve restorasyon laboratuvarlar\u0131, Nadir Eserler M\u00fczesi, sanat galerisi ve Konu\u015fan Kitapl\u0131k B\u00f6l\u00fcm\u00fc ile bilgi toplumunun olu\u015fumuna \u00f6nemli katk\u0131lar sa\u011flad\u0131.<\/p>\n<p>Milli k\u00fclt\u00fcr ara\u015ft\u0131rmalar\u0131n\u0131 desteklemek, bu amaca y\u00f6nelik olarak yurt i\u00e7inde \u00fcretilen b\u00fct\u00fcn eser ve belgeleri toplamak, yurt d\u0131\u015f\u0131nda T\u00fcrkiye ve T\u00fcrklerle ilgili yay\u0131mlanm\u0131\u015f eserler ile T\u00fcrk yazarlar\u0131n yurt d\u0131\u015f\u0131nda yay\u0131mlanm\u0131\u015f eserlerini takip ve temin etmek amac\u0131 do\u011frultusunda \u00e7al\u0131\u015fmalar\u0131n\u0131 s\u00fcrd\u00fcren Milli K\u00fct\u00fcphane&#8217;de ayn\u0131 anda bin 250 ki\u015finin ara\u015ft\u0131rma yapabilece\u011fi 5 okuma salonu, bir interaktif salon ve \u00e7ok ama\u00e7l\u0131 bir okuma salonunun yan\u0131 s\u0131ra k\u00fclt\u00fcrel etkinlikler i\u00e7in 358 ve 129 ki\u015filik 2 toplant\u0131 salonu da bulunuyor.<\/p>\n<p>Haftan\u0131n yedi g\u00fcn\u00fc 09.00-22.00 saatleri aras\u0131nda 215 personelle hizmet veren Milli K\u00fct\u00fcphane, kitap, s\u00fcreli yay\u0131n ve kitap d\u0131\u015f\u0131 materyallerden olu\u015fan 3 milyon 23 bin 529 eserlik koleksiyonu ile modern ve donan\u0131ml\u0131 salonlar\u0131nda okuyucular\u0131na konforlu bir \u00e7al\u0131\u015fma ortam\u0131 sunuyor.Milli K\u00fct\u00fcphane&#8217;de 2011 y\u0131l\u0131nda 664 bin 108 ki\u015fi, 158 bin 68 materyalden yararland\u0131. K\u00fct\u00fcphanenin web sayfas\u0131 546 bin 271 ki\u015fi taraf\u0131ndan ziyaret edildi.<\/p>\n<p>Kaynak: http:\/\/www.gercekgundem.com<\/p>\n<\/div>\n<\/div>\n","protected":false},"excerpt":{"rendered":"<p>K\u00fct\u00fcphanecilik e\u011fitimi almak \u00fczere Almanya&#8217;ya g\u00f6nderilen Adnan \u00d6t\u00fcken&#8216;in \u00e7abalar\u0131 sonucu bir kitap dolab\u0131n\u0131n raflar\u0131na Mehmet Emin Yurdakul&#8217;un iki kitab\u0131n\u0131n konulmas\u0131yla ilk ad\u0131m\u0131 1946 y\u0131l\u0131nda at\u0131lan Milli K\u00fct\u00fcphane, bug\u00fcn 3 milyonu a\u015fk\u0131n koleksiyonuyla 66. ya\u015f\u0131n\u0131 kutluyor. Milli K\u00fct\u00fcphane Ba\u015fkanl\u0131\u011f\u0131 Konferans Salonu&#8217;nda ger\u00e7ekle\u015ftirilen kutlama program\u0131na, K\u00fclt\u00fcr ve Turizm Bakanl\u0131\u011f\u0131 M\u00fcste\u015far Vekili Kemal Fahir Gen\u00e7, M\u00fcste\u015far yard\u0131mc\u0131s\u0131 \u015eenay [&hellip;]<\/p>\n","protected":false},"author":1,"featured_media":0,"comment_status":"open","ping_status":"open","sticky":false,"template":"","format":"standard","meta":{"footnotes":""},"categories":[1475,1],"tags":[],"class_list":["post-3853","post","type-post","status-publish","format-standard","hentry","category-ankara-milli-kutuphane","category-genel"],"_links":{"self":[{"href":"https:\/\/www.bbyhaber.com\/bby\/wp-json\/wp\/v2\/posts\/3853"}],"collection":[{"href":"https:\/\/www.bbyhaber.com\/bby\/wp-json\/wp\/v2\/posts"}],"about":[{"href":"https:\/\/www.bbyhaber.com\/bby\/wp-json\/wp\/v2\/types\/post"}],"author":[{"embeddable":true,"href":"https:\/\/www.bbyhaber.com\/bby\/wp-json\/wp\/v2\/users\/1"}],"replies":[{"embeddable":true,"href":"https:\/\/www.bbyhaber.com\/bby\/wp-json\/wp\/v2\/comments?post=3853"}],"version-history":[{"count":0,"href":"https:\/\/www.bbyhaber.com\/bby\/wp-json\/wp\/v2\/posts\/3853\/revisions"}],"wp:attachment":[{"href":"https:\/\/www.bbyhaber.com\/bby\/wp-json\/wp\/v2\/media?parent=3853"}],"wp:term":[{"taxonomy":"category","embeddable":true,"href":"https:\/\/www.bbyhaber.com\/bby\/wp-json\/wp\/v2\/categories?post=3853"},{"taxonomy":"post_tag","embeddable":true,"href":"https:\/\/www.bbyhaber.com\/bby\/wp-json\/wp\/v2\/tags?post=3853"}],"curies":[{"name":"wp","href":"https:\/\/api.w.org\/{rel}","templated":true}]}}