{"id":3806,"date":"2012-04-15T17:55:37","date_gmt":"2012-04-15T17:55:37","guid":{"rendered":"http:\/\/www.bbyhaber.com\/bby\/?p=3806"},"modified":"2012-04-15T18:06:57","modified_gmt":"2012-04-15T18:06:57","slug":"aksehir-ilce-halk-kutuphanesi","status":"publish","type":"post","link":"https:\/\/www.bbyhaber.com\/bby\/2012\/04\/15\/aksehir-ilce-halk-kutuphanesi","title":{"rendered":"Ak\u015fehir \u0130l\u00e7e Halk K\u00fct\u00fcphanesi ve Nihat Dayan\u0131k \u0130lk\u00f6\u011fretim Okulu \u0130\u015fbirli\u011fi-Konya"},"content":{"rendered":"<p style=\"text-align: justify;\">Ak\u015fehir \u0130l\u00e7e Halk K\u00fct\u00fcphanesi, Nihat Dayan\u0131k \u0130lk\u00f6\u011fretim Okulu&#8217;na kitap deste\u011finde bulundu. Okuldan \u00f6d\u00fcn\u00e7 kitap alarak evlerinde kitap okuyan Nihat Dayan\u0131k \u0130lk\u00f6\u011fretim Okulu velilerinin kitap okuma al\u0131\u015fkanl\u0131\u011f\u0131n\u0131n devam\u0131 ve kitap \u00e7e\u015fidinin artt\u0131r\u0131lmas\u0131 i\u00e7in Ak\u015fehir \u0130l\u00e7e Halk K\u00fct\u00fcphanesi ile i\u015fbirli\u011fi yap\u0131ld\u0131. K\u00fct\u00fcphane, velilerin okumas\u0131 i\u00e7in okula \u00f6d\u00fcn\u00e7 kitap verdi.<!--more--><\/p>\n<p style=\"text-align: justify;\">K\u00fct\u00fcphane M\u00fcd\u00fcr\u00fc Metin Salar gazetecilere yapt\u0131\u011f\u0131 a\u00e7\u0131klamada, okulda uygulanan projenin vatanda\u015f\u0131n kitap okumas\u0131 i\u00e7in \u00f6nemli bir proje oldu\u011funu s\u00f6yledi. K\u00fct\u00fcphane olarak ama\u00e7lar\u0131n\u0131n insanlar\u0131n kitap ile bulu\u015fmas\u0131 oldu\u011funu ifade eden Salar, &#8220;Nihat Dayan\u0131k \u0130lk\u00f6\u011fretim Okulu velileri kitap okuyunca k\u00fct\u00fcphaneyi onlar\u0131n aya\u011f\u0131na g\u00f6t\u00fcrmeyi d\u00fc\u015f\u00fcnd\u00fck. Okula bir miktar \u00f6d\u00fcn\u00e7 kitap verdik. Projeyi y\u00fcr\u00fcten \u00f6\u011fretmenler bizimle veliler aras\u0131nda k\u00f6pr\u00fc oldu&#8221; dedi.<\/p>\n<p style=\"text-align: justify;\">Kaynak: http:\/\/www.konhaber.com<\/p>\n","protected":false},"excerpt":{"rendered":"<p>Ak\u015fehir \u0130l\u00e7e Halk K\u00fct\u00fcphanesi, Nihat Dayan\u0131k \u0130lk\u00f6\u011fretim Okulu&#8217;na kitap deste\u011finde bulundu. Okuldan \u00f6d\u00fcn\u00e7 kitap alarak evlerinde kitap okuyan Nihat Dayan\u0131k \u0130lk\u00f6\u011fretim Okulu velilerinin kitap okuma al\u0131\u015fkanl\u0131\u011f\u0131n\u0131n devam\u0131 ve kitap \u00e7e\u015fidinin artt\u0131r\u0131lmas\u0131 i\u00e7in Ak\u015fehir \u0130l\u00e7e Halk K\u00fct\u00fcphanesi ile i\u015fbirli\u011fi yap\u0131ld\u0131. K\u00fct\u00fcphane, velilerin okumas\u0131 i\u00e7in okula \u00f6d\u00fcn\u00e7 kitap verdi.<\/p>\n","protected":false},"author":1,"featured_media":0,"comment_status":"open","ping_status":"open","sticky":false,"template":"","format":"standard","meta":{"footnotes":""},"categories":[1],"tags":[848],"class_list":["post-3806","post","type-post","status-publish","format-standard","hentry","category-genel","tag-halk-kutuphaneleri"],"_links":{"self":[{"href":"https:\/\/www.bbyhaber.com\/bby\/wp-json\/wp\/v2\/posts\/3806"}],"collection":[{"href":"https:\/\/www.bbyhaber.com\/bby\/wp-json\/wp\/v2\/posts"}],"about":[{"href":"https:\/\/www.bbyhaber.com\/bby\/wp-json\/wp\/v2\/types\/post"}],"author":[{"embeddable":true,"href":"https:\/\/www.bbyhaber.com\/bby\/wp-json\/wp\/v2\/users\/1"}],"replies":[{"embeddable":true,"href":"https:\/\/www.bbyhaber.com\/bby\/wp-json\/wp\/v2\/comments?post=3806"}],"version-history":[{"count":0,"href":"https:\/\/www.bbyhaber.com\/bby\/wp-json\/wp\/v2\/posts\/3806\/revisions"}],"wp:attachment":[{"href":"https:\/\/www.bbyhaber.com\/bby\/wp-json\/wp\/v2\/media?parent=3806"}],"wp:term":[{"taxonomy":"category","embeddable":true,"href":"https:\/\/www.bbyhaber.com\/bby\/wp-json\/wp\/v2\/categories?post=3806"},{"taxonomy":"post_tag","embeddable":true,"href":"https:\/\/www.bbyhaber.com\/bby\/wp-json\/wp\/v2\/tags?post=3806"}],"curies":[{"name":"wp","href":"https:\/\/api.w.org\/{rel}","templated":true}]}}