{"id":3795,"date":"2012-04-14T15:59:18","date_gmt":"2012-04-14T15:59:18","guid":{"rendered":"http:\/\/www.bbyhaber.com\/bby\/?p=3795"},"modified":"2012-09-07T13:00:25","modified_gmt":"2012-09-07T10:00:25","slug":"kutuphanelerde-inovasyon-kulturu-proje-onerisi-hazirlanmasi","status":"publish","type":"post","link":"https:\/\/www.bbyhaber.com\/bby\/2012\/04\/14\/kutuphanelerde-inovasyon-kulturu-proje-onerisi-hazirlanmasi","title":{"rendered":"K\u00fct\u00fcphanelerde \u0130novasyon K\u00fclt\u00fcr\u00fcn\u00fcn Geli\u015ftirilmesi Kapsam\u0131nda Proje \u00d6nerisi Haz\u0131rlanmas\u0131"},"content":{"rendered":"<div style=\"text-align: justify;\">\n<p>Bakanl\u0131\u011f\u0131m\u0131zca merkezi olarak ger\u00e7ekle\u015ftirilen inovasyon s\u00fcre\u00e7lerine, k\u00fct\u00fcphanelerimizin de dahil olabilece\u011fi; k\u00fct\u00fcphane y\u00f6neticileri, k\u00fct\u00fcphaneciler ve di\u011fer personelin yarat\u0131c\u0131l\u0131k ve problem \u00e7\u00f6zme becerilerini sergileyebilecekleri, kapasitelerini geli\u015ftirebilecekleri ve ortaya koyduklar\u0131 fikirleri kendi k\u00fct\u00fcphanelerinde uygulama f\u0131rsat\u0131 bulabilecekleri bir inovasyon giri\u015fimi ba\u015flat\u0131lm\u0131\u015ft\u0131r.<!--more--> \u00c7al\u0131\u015fman\u0131n temel amac\u0131, personelimizin hizmetlere ili\u015fkin yenilik\u00e7i tutumlar geli\u015ftirmeleri ve bunlar\u0131n payla\u015f\u0131lmas\u0131d\u0131r. Ayr\u0131ca, \u00e7al\u0131\u015fma ile halk k\u00fct\u00fcphanelerinde inovasyon k\u00fclt\u00fcr\u00fcn\u00fcn geli\u015ftirilmesine, kurum k\u00fclt\u00fcr\u00fcn\u00fcn yayg\u0131nla\u015ft\u0131r\u0131lmas\u0131na, fikir havuzu olu\u015fturulmas\u0131na ve personelin \u00f6zg\u00fcveninin y\u00fckseltilmesine katk\u0131 sa\u011flanacakt\u0131r.<\/p>\n<p>\u00c7al\u0131\u015fman\u0131n \u00f6z\u00fc, Bakanl\u0131\u011f\u0131m\u0131za ba\u011fl\u0131 k\u00fct\u00fcphanelerde \u00e7al\u0131\u015fan personelimizin, her t\u00fcr k\u00fct\u00fcphane hizmetinin \u00e7e\u015fitlendirilmesi ve iyile\u015ftirilmesi konusunda var olan de\u011ferli d\u00fc\u015f\u00fcncelerini proje \u00f6nerisi haline getirmeleridir. K\u00fct\u00fcphane koleksiyonu, i\u00e7 ve d\u0131\u015f k\u00fct\u00fcphane mimarisi, kullan\u0131c\u0131 ili\u015fkilerinin geli\u015ftirilmesi, halkla ili\u015fkiler, k\u00fct\u00fcphane b\u00fct\u00e7esi ve sponsorluk, k\u00fct\u00fcphanecilerin hizmet i\u00e7i e\u011fitimi, elektronik kaynaklar, dijitalle\u015ftirme, web uygulamalar\u0131 gibi konular proje konusu olarak se\u00e7ilebilir.<\/p>\n<p>A\u015fa\u011f\u0131daki linkte belirtilen formata g\u00f6re haz\u0131rlanacak olan proje \u00f6nerileri, <strong>15 Haziran 2012<\/strong> tarihine kadar Bakanl\u0131\u011f\u0131m\u0131za g\u00f6nderilecektir. Bakanl\u0131\u011f\u0131m\u0131za ula\u015fan proje \u00f6nerileri <strong>2012 y\u0131l\u0131 Temmuz<\/strong> ay\u0131 i\u00e7erisinde \u00f6n de\u011ferlendirmeye al\u0131nacak ve uygun g\u00f6r\u00fclen \u00f6neriler ilgililere bildirilecektir. \u0130lgililer, proje \u00f6nerilerindeki eksiklikleri tamamlay\u0131p kapsaml\u0131 bir proje dok\u00fcman\u0131 olu\u015fturacaklar ve 2012 y\u0131l\u0131 sonunda Bakanl\u0131\u011f\u0131m\u0131z \u00fcst d\u00fczey y\u00f6neticilerden olu\u015fturulacak bir kurula sunum yapmak \u00fczere davet edileceklerdir. Kurul taraf\u0131ndan uygun g\u00f6r\u00fclen projeler Bakanl\u0131\u011f\u0131m\u0131zca 2013 y\u0131l\u0131 ve sonras\u0131nda hayata ge\u00e7irilecektir. Uygun g\u00f6r\u00fclen projelerin sahipleri Genel M\u00fcd\u00fcrl\u00fc\u011f\u00fcm\u00fcz taraf\u0131ndan Te\u015fekk\u00fcr Belgesi ile \u00f6d\u00fcllendirilecek, bunun yan\u0131 s\u0131ra Bakanl\u0131\u011f\u0131m\u0131zca ger\u00e7ekle\u015ftirilecek \u00e7e\u015fitli \u00e7al\u0131\u015fmalarda de\u011ferlendirmeye al\u0131nacaklard\u0131r.<\/p>\n<p>Bu kapsamda halk k\u00fct\u00fcphanesi hizmetlerine ili\u015fkin, k\u00fct\u00fcphanelerimizde \u00e7al\u0131\u015fan personelin, teklif etmeyi d\u00fc\u015f\u00fcnd\u00fckleri proje \u00f6nerilerini en ge\u00e7 15 Haziran 2012 tarihine kadar Bakanl\u0131\u011f\u0131m\u0131za g\u00f6ndermeleri gerekmekte olup, personelin bu konuda te\u015fvik edilmesi \u00e7al\u0131\u015fman\u0131n hedefine ula\u015fmas\u0131na katk\u0131 sa\u011flayacakt\u0131r.<\/p>\n<ul>\n<li><strong><span style=\"color: #0000ff;\"><a href=\"http:\/\/www.kygm.gov.tr\/Eklenti\/160,proje-onerisi-formati.doc?1\" target=\"_blank\"><span style=\"color: #0000ff;\">Proje format\u0131 i\u00e7in t\u0131klay\u0131n\u0131z<\/span><\/a><\/span><\/strong><\/li>\n<\/ul>\n<p>Kaynak: http:\/\/www.kygm.gov.tr\/<\/p>\n<p>&nbsp;<\/p>\n<\/div>\n","protected":false},"excerpt":{"rendered":"<p>Bakanl\u0131\u011f\u0131m\u0131zca merkezi olarak ger\u00e7ekle\u015ftirilen inovasyon s\u00fcre\u00e7lerine, k\u00fct\u00fcphanelerimizin de dahil olabilece\u011fi; k\u00fct\u00fcphane y\u00f6neticileri, k\u00fct\u00fcphaneciler ve di\u011fer personelin yarat\u0131c\u0131l\u0131k ve problem \u00e7\u00f6zme becerilerini sergileyebilecekleri, kapasitelerini geli\u015ftirebilecekleri ve ortaya koyduklar\u0131 fikirleri kendi k\u00fct\u00fcphanelerinde uygulama f\u0131rsat\u0131 bulabilecekleri bir inovasyon giri\u015fimi ba\u015flat\u0131lm\u0131\u015ft\u0131r.<\/p>\n","protected":false},"author":1,"featured_media":0,"comment_status":"open","ping_status":"open","sticky":false,"template":"","format":"standard","meta":{"footnotes":""},"categories":[],"tags":[848],"class_list":["post-3795","post","type-post","status-publish","format-standard","hentry","tag-halk-kutuphaneleri"],"_links":{"self":[{"href":"https:\/\/www.bbyhaber.com\/bby\/wp-json\/wp\/v2\/posts\/3795"}],"collection":[{"href":"https:\/\/www.bbyhaber.com\/bby\/wp-json\/wp\/v2\/posts"}],"about":[{"href":"https:\/\/www.bbyhaber.com\/bby\/wp-json\/wp\/v2\/types\/post"}],"author":[{"embeddable":true,"href":"https:\/\/www.bbyhaber.com\/bby\/wp-json\/wp\/v2\/users\/1"}],"replies":[{"embeddable":true,"href":"https:\/\/www.bbyhaber.com\/bby\/wp-json\/wp\/v2\/comments?post=3795"}],"version-history":[{"count":0,"href":"https:\/\/www.bbyhaber.com\/bby\/wp-json\/wp\/v2\/posts\/3795\/revisions"}],"wp:attachment":[{"href":"https:\/\/www.bbyhaber.com\/bby\/wp-json\/wp\/v2\/media?parent=3795"}],"wp:term":[{"taxonomy":"category","embeddable":true,"href":"https:\/\/www.bbyhaber.com\/bby\/wp-json\/wp\/v2\/categories?post=3795"},{"taxonomy":"post_tag","embeddable":true,"href":"https:\/\/www.bbyhaber.com\/bby\/wp-json\/wp\/v2\/tags?post=3795"}],"curies":[{"name":"wp","href":"https:\/\/api.w.org\/{rel}","templated":true}]}}