{"id":3777,"date":"2012-04-12T14:06:23","date_gmt":"2012-04-12T14:06:23","guid":{"rendered":"http:\/\/www.bbyhaber.com\/bby\/?p=3777"},"modified":"2012-07-25T16:09:18","modified_gmt":"2012-07-25T16:09:18","slug":"ali-fuat-kartaldan-ths-ile-ilgili-bilgilendirme","status":"publish","type":"post","link":"https:\/\/www.bbyhaber.com\/bby\/2012\/04\/12\/ali-fuat-kartaldan-ths-ile-ilgili-bilgilendirme","title":{"rendered":"TKD Genel Ba\u015fkan\u0131 Ali Fuat Kartal&#8217;dan THS ile ilgili bilgilendirme"},"content":{"rendered":"<p style=\"text-align: justify;\">De\u011ferli Meslekta\u015flar\u0131m;<\/p>\n<p style=\"text-align: justify;\">Teknik Hizmetler S\u0131n\u0131f\u0131na ge\u00e7memize ra\u011fmen, Yan \u00d6deme Kararnamesi yay\u0131mlanmad\u0131\u011f\u0131 i\u00e7in, s\u0131n\u0131f de\u011fi\u015fikli\u011finden kaynaklanan maa\u015f art\u0131\u015flar\u0131, baz\u0131 \u00fcniversitelerde \u00e7al\u0131\u015fan arkada\u015flara yans\u0131mad\u0131\u011f\u0131 gibi baz\u0131lar\u0131nda da maa\u015f art\u0131\u015flar\u0131 durduruldu.<!--more--><\/p>\n<p style=\"text-align: justify;\">Bu konun \u00e7\u00f6z\u00fcme kavu\u015fmas\u0131 i\u00e7in TKD olarak giri\u015fimlerimiz devam etmektedir.\u00a0 Bug\u00fcn Maliye Bakanl\u0131\u011f\u0131 B\u00fct\u00e7e ve Mali Kontrol Genel M\u00fcd\u00fcr\u00fc \u0130lhan HAT\u0130PO\u011eLU ile g\u00f6r\u00fc\u015ft\u00fcm. Yeniden mesle\u011fimizi, yapt\u0131klar\u0131m\u0131z\u0131 anlatt\u0131m. Ya\u015fad\u0131\u011f\u0131m\u0131z ma\u011fduriyeti ve bir an \u00f6nce \u00e7\u00f6z\u00fcm \u00fcretilmesini istedim.<\/p>\n<p style=\"text-align: justify;\">Kendiside ya\u015fanan ma\u011fduriyetin fark\u0131nda oldu\u011funu ve ara bir \u00e7\u00f6z\u00fcm \u00fczerinde \u00e7al\u0131\u015ft\u0131klar\u0131n\u0131 s\u00f6yledi. Kendisine konunun ivedili\u011fini tekrar hat\u0131rlatt\u0131ktan sonra bir an \u00f6nce \u00e7\u00f6z\u00fcm \u00fcretilmesi s\u00f6z\u00fcn\u00fc ald\u0131m.<\/p>\n<p style=\"text-align: justify;\">Umar\u0131m biran \u00f6nce \u00e7\u00f6z\u00fcl\u00fcr. Konuyu yak\u0131ndan takip ediyorum farkl\u0131 kanallardan giri\u015fimlerimiz devam ediyor. Sizleri geli\u015fmeler hakk\u0131nda bilgilendirmeye devam edece\u011fiz.<\/p>\n<p style=\"text-align: justify;\">Sayg\u0131lar\u0131mla.<\/p>\n<p style=\"text-align: justify;\">Ali Fuat Kartal<br \/>\nTKD Genel Ba\u015fkan\u0131<\/p>\n<p style=\"text-align: justify;\">Kaynak: Kutup-L<\/p>\n","protected":false},"excerpt":{"rendered":"<p>De\u011ferli Meslekta\u015flar\u0131m; Teknik Hizmetler S\u0131n\u0131f\u0131na ge\u00e7memize ra\u011fmen, Yan \u00d6deme Kararnamesi yay\u0131mlanmad\u0131\u011f\u0131 i\u00e7in, s\u0131n\u0131f de\u011fi\u015fikli\u011finden kaynaklanan maa\u015f art\u0131\u015flar\u0131, baz\u0131 \u00fcniversitelerde \u00e7al\u0131\u015fan arkada\u015flara yans\u0131mad\u0131\u011f\u0131 gibi baz\u0131lar\u0131nda da maa\u015f art\u0131\u015flar\u0131 durduruldu.<\/p>\n","protected":false},"author":1,"featured_media":0,"comment_status":"open","ping_status":"open","sticky":false,"template":"","format":"standard","meta":{"footnotes":""},"categories":[1474,1,1505],"tags":[1398,51,50],"class_list":["post-3777","post","type-post","status-publish","format-standard","hentry","category-ali-fuat-kartal","category-genel","category-teknik-kadro","tag-bby-ozluk-haklari","tag-teknik-kadro-kutuphaneci","tag-ths-kutuphaneci"],"_links":{"self":[{"href":"https:\/\/www.bbyhaber.com\/bby\/wp-json\/wp\/v2\/posts\/3777"}],"collection":[{"href":"https:\/\/www.bbyhaber.com\/bby\/wp-json\/wp\/v2\/posts"}],"about":[{"href":"https:\/\/www.bbyhaber.com\/bby\/wp-json\/wp\/v2\/types\/post"}],"author":[{"embeddable":true,"href":"https:\/\/www.bbyhaber.com\/bby\/wp-json\/wp\/v2\/users\/1"}],"replies":[{"embeddable":true,"href":"https:\/\/www.bbyhaber.com\/bby\/wp-json\/wp\/v2\/comments?post=3777"}],"version-history":[{"count":0,"href":"https:\/\/www.bbyhaber.com\/bby\/wp-json\/wp\/v2\/posts\/3777\/revisions"}],"wp:attachment":[{"href":"https:\/\/www.bbyhaber.com\/bby\/wp-json\/wp\/v2\/media?parent=3777"}],"wp:term":[{"taxonomy":"category","embeddable":true,"href":"https:\/\/www.bbyhaber.com\/bby\/wp-json\/wp\/v2\/categories?post=3777"},{"taxonomy":"post_tag","embeddable":true,"href":"https:\/\/www.bbyhaber.com\/bby\/wp-json\/wp\/v2\/tags?post=3777"}],"curies":[{"name":"wp","href":"https:\/\/api.w.org\/{rel}","templated":true}]}}