{"id":3764,"date":"2012-04-12T10:04:34","date_gmt":"2012-04-12T10:04:34","guid":{"rendered":"http:\/\/www.bbyhaber.com\/bby\/?p=3764"},"modified":"2012-04-12T10:04:41","modified_gmt":"2012-04-12T10:04:41","slug":"roman-kahvehanelerine-kutuphane-kocaeli","status":"publish","type":"post","link":"https:\/\/www.bbyhaber.com\/bby\/2012\/04\/12\/roman-kahvehanelerine-kutuphane-kocaeli","title":{"rendered":"Roman Kahvehanelerine K\u00fct\u00fcphane-Kocaeli"},"content":{"rendered":"<p style=\"text-align: justify;\">Polis Te\u015fkilat\u0131\u2019n\u0131n kurulu\u015funun 167. Y\u0131ld\u00f6n\u00fcm\u00fc \u00e7er\u00e7evesinde Kocaeli Valili\u011fi, \u0130l Emniyet M\u00fcd\u00fcrl\u00fc\u011f\u00fc, Kocaeli B\u00fcy\u00fck\u015fehir Belediyesi, \u0130l Milli E\u011fitim M\u00fcd\u00fcrl\u00fc\u011f\u00fc ve Kocaeli Roman Dernekleri Federasyonu\u2019nun ortakla\u015fa d\u00fczenledi\u011fi\u00a0 \u201c167 G\u00fclen Y\u00fcz\u201d projesi kapsam\u0131nda Roman mahallelerinde okumay\u0131 te\u015fvik edici \u00e7al\u0131\u015fma yap\u0131ld\u0131. \u00c7al\u0131\u015fma kapsam\u0131nda Kire\u00e7ocaklar\u0131 b\u00f6lgesindeki Roman kahvehanelerine hediye dilen kitaplarla k\u00fct\u00fcphane olu\u015fturuldu. <!--more--><\/p>\n<p style=\"text-align: justify;\">Herkes okumal\u0131 mesaj\u0131 verdiler<\/p>\n<p style=\"text-align: justify;\">Polis k\u0131yafetiyle renkli g\u00f6r\u00fcnt\u00fcler olu\u015fturan Roman \u00e7ocuklar Toplum Destekli Polislerle birlikte kahvehanelerde k\u00fct\u00fcphane olu\u015fturulmas\u0131na yard\u0131mc\u0131 oldular. Toplum Destekli Polisler kahvehanelerde olu\u015fturulan k\u00fct\u00fcphanelerle okuyarak iyi bir gelece\u011fe sahip olunabilece\u011fi mesaj\u0131n\u0131 verdiler.<\/p>\n<p style=\"text-align: justify;\">Etkinlikler kortejle ba\u015flayacak<\/p>\n<p style=\"text-align: justify;\">Proje kapsam\u0131nda ba\u015flat\u0131lan etkinlikler ise t\u00fcm h\u0131z\u0131yla s\u00fcr\u00fcyor. 10 Nisan Polis G\u00fcn\u00fc\u2019nde etkinlikler kortej y\u00fcr\u00fcy\u00fc\u015f\u00fc ile ba\u015flayacak. Roman \u00e7ocuklar kortejde polis k\u0131yafetleriyle yer alacak. Merkez Bankas\u0131 \u00f6n\u00fcnde hareket edecek olan kortej Sabri Yal\u0131m Park\u0131 \u00f6n\u00fcne kadar y\u00fcr\u00fcyecek.<\/p>\n<p style=\"text-align: justify;\">Kitap okuma etkinli\u011fi<\/p>\n<p style=\"text-align: justify;\">\u0130zcilik Federasyonu\u2019na ba\u011fl\u0131 At\u0131lgan \u0130zcilik Kul\u00fcb\u00fc korteje destek verecek. \u00c7ocuklar Sabri Yal\u0131m Park\u0131\u2019nda 12.00 12-30 aras\u0131nda kitap okuma etkinli\u011fi ger\u00e7ekle\u015ftirecek. Ayn\u0131 g\u00fcn Do\u011fu K\u0131\u015fla Park\u0131\u2019nda 12.45-13.45 aras\u0131nda, 19 ilk\u00f6\u011fretim okulu ve SH\u00c7EK tak\u0131mlar\u0131n\u0131n yer ald\u0131\u011f\u0131 futbol turnuvas\u0131 finali d\u00fczenlenecek.<\/p>\n<p style=\"text-align: justify;\">Kaynak: http:\/\/www.degisenkocaeli.com<\/p>\n","protected":false},"excerpt":{"rendered":"<p>Polis Te\u015fkilat\u0131\u2019n\u0131n kurulu\u015funun 167. Y\u0131ld\u00f6n\u00fcm\u00fc \u00e7er\u00e7evesinde Kocaeli Valili\u011fi, \u0130l Emniyet M\u00fcd\u00fcrl\u00fc\u011f\u00fc, Kocaeli B\u00fcy\u00fck\u015fehir Belediyesi, \u0130l Milli E\u011fitim M\u00fcd\u00fcrl\u00fc\u011f\u00fc ve Kocaeli Roman Dernekleri Federasyonu\u2019nun ortakla\u015fa d\u00fczenledi\u011fi\u00a0 \u201c167 G\u00fclen Y\u00fcz\u201d projesi kapsam\u0131nda Roman mahallelerinde okumay\u0131 te\u015fvik edici \u00e7al\u0131\u015fma yap\u0131ld\u0131. \u00c7al\u0131\u015fma kapsam\u0131nda Kire\u00e7ocaklar\u0131 b\u00f6lgesindeki Roman kahvehanelerine hediye dilen kitaplarla k\u00fct\u00fcphane olu\u015fturuldu.<\/p>\n","protected":false},"author":1,"featured_media":0,"comment_status":"open","ping_status":"open","sticky":false,"template":"","format":"standard","meta":{"footnotes":""},"categories":[1,1491],"tags":[],"class_list":["post-3764","post","type-post","status-publish","format-standard","hentry","category-genel","category-kahvehane-kutuphane"],"_links":{"self":[{"href":"https:\/\/www.bbyhaber.com\/bby\/wp-json\/wp\/v2\/posts\/3764"}],"collection":[{"href":"https:\/\/www.bbyhaber.com\/bby\/wp-json\/wp\/v2\/posts"}],"about":[{"href":"https:\/\/www.bbyhaber.com\/bby\/wp-json\/wp\/v2\/types\/post"}],"author":[{"embeddable":true,"href":"https:\/\/www.bbyhaber.com\/bby\/wp-json\/wp\/v2\/users\/1"}],"replies":[{"embeddable":true,"href":"https:\/\/www.bbyhaber.com\/bby\/wp-json\/wp\/v2\/comments?post=3764"}],"version-history":[{"count":0,"href":"https:\/\/www.bbyhaber.com\/bby\/wp-json\/wp\/v2\/posts\/3764\/revisions"}],"wp:attachment":[{"href":"https:\/\/www.bbyhaber.com\/bby\/wp-json\/wp\/v2\/media?parent=3764"}],"wp:term":[{"taxonomy":"category","embeddable":true,"href":"https:\/\/www.bbyhaber.com\/bby\/wp-json\/wp\/v2\/categories?post=3764"},{"taxonomy":"post_tag","embeddable":true,"href":"https:\/\/www.bbyhaber.com\/bby\/wp-json\/wp\/v2\/tags?post=3764"}],"curies":[{"name":"wp","href":"https:\/\/api.w.org\/{rel}","templated":true}]}}