{"id":376,"date":"2011-11-10T21:07:36","date_gmt":"2011-11-10T21:07:36","guid":{"rendered":"http:\/\/www.bbyhaber.com\/bby\/?p=376"},"modified":"2019-08-13T23:50:53","modified_gmt":"2019-08-13T20:50:53","slug":"bby-mevzuatlar-2","status":"publish","type":"post","link":"https:\/\/www.bbyhaber.com\/bby\/2011\/11\/10\/bby-mevzuatlar-2","title":{"rendered":"BBY\/K\u00fct\u00fcphane Mevzuatlar"},"content":{"rendered":"<p>{tab=Mevzuat \u0130ndir}<\/p>\n<ul>\n<li><a href=\"http:\/\/www.bbyhaber.com\/bby\/wp-content\/uploads\/dosyalar\/mevzuat\/ANKOS-Dernegi-Tuzugu.pdf\" target=\"_blank\" rel=\"noopener\">ANKOS Derne\u011fi T\u00fcz\u00fc\u011f\u00fc<\/a><\/li>\n<li><a title=\"Ar\u015fivci, Ar\u015fiv Memuru ve K\u00fct\u00fcphaneci kadrolar\u0131n\u0131n emsalleri belirlendi\" href=\"http:\/\/www.bbyhaber.com\/bby\/2012\/12\/05\/arsivci-arsiv-memuru-ve-kutuphaneci-kadrolarinin-emsalleri-belirlendi\/\">Ar\u015fivci, Ar\u015fiv Memuru ve K\u00fct\u00fcphaneci kadrolar\u0131na y\u00f6nelik emsal karar<\/a><\/li>\n<li><a href=\"http:\/\/www.bbyhaber.com\/bby\/wp-content\/uploads\/dosyalar\/mevzuat\/Cogaltilmis-Fikir-ve-Sanat-Eserlerini-Derleme-Kanunu.pdf\" target=\"_blank\" rel=\"noopener\">\u00c7o\u011falt\u0131lm\u0131\u015f Fikir ve Sanat Eserlerini Derleme Kanunu <\/a><\/li>\n<li><a href=\"http:\/\/www.bbyhaber.com\/bby\/wp-content\/uploads\/dosyalar\/mevzuat\/Halk-Kutuphaneleri-Yonetmeligi.pdf\" target=\"_blank\" rel=\"noopener\">Halk K\u00fct\u00fcphaneleri Y\u00f6netmeli\u011fi<\/a><\/li>\n<li><a href=\"http:\/\/www.bbyhaber.com\/bby\/2013\/03\/07\/ifla-internet-bildirgesi\/\">IFLA \u0130nternet Bildirgesi<\/a><\/li>\n<li><a href=\"http:\/\/www.ifla.org\/files\/assets\/school-libraries-resource-centers\/publications\/school-library-guidelines\/ifla_unesco_okul_kutuphanesi_rehberi.pdf\" target=\"_blank\" rel=\"noopener\">IFLA\/UNESCO Okul K\u00fct\u00fcphanesi Rehberi<\/a><\/li>\n<li><a href=\"http:\/\/www.bbyhaber.com\/bby\/wp-content\/uploads\/dosyalar\/mevzuat\/kutuphane-hizmetleri-genelgesi.pdf\" target=\"_blank\" rel=\"noopener\">K\u00fct\u00fcphane Hizmetleri Genelgesi<\/a><\/li>\n<li><a href=\"http:\/\/www.bbyhaber.com\/bby\/wp-content\/uploads\/dosyalar\/mevzuat\/MEB-Okul-Kutuphaneleri-Yonetmeligi.pdf\" target=\"blank\">MEB Okul K\u00fct\u00fcphaneleri Y\u00f6netmeli\u011fi<\/a><\/li>\n<li><a href=\"http:\/\/www.bbyhaber.com\/bby\/wp-content\/uploads\/dosyalar\/mevzuat\/Mesleki-Etik-Kurallari.pdf\" target=\"blank\">Mesleki Etik Kurallar\u0131<\/a><\/li>\n<li><a href=\"http:\/\/www.bbyhaber.com\/bby\/wp-content\/uploads\/dosyalar\/mevzuat\/Milli-Kutuphane-Kurulus-Hakkinda-Kanun.pdf\" target=\"blank\">Milli K\u00fct\u00fcphane Kurulu\u015fu Hakk\u0131nda Kanun<\/a><\/li>\n<li><a href=\"http:\/\/www.bbyhaber.com\/bby\/wp-content\/uploads\/dosyalar\/mevzuat\/Milli-kutuphane-hizmetlerinden-yararlanilmasinda-Uygulanacak-usul-ve-esaslar-hakkinda-yonetmelik.pdf\" target=\"_blank\" rel=\"noopener\">Milli k\u00fct\u00fcphane hizmetlerinden yararlan\u0131lmas\u0131nda uygulanacak usul ve esaslar hakk\u0131nda y\u00f6netmelik<\/a><\/li>\n<li><a href=\"http:\/\/www.bbyhaber.com\/bby\/wp-content\/uploads\/dosyalar\/mevzuat\/TKGM-Arsiv-Standartlari-Genelgesi.pdf\" target=\"_blank\" rel=\"noopener\">Tapu ve Kadastro Genel M\u00fcd\u00fcrl\u00fc\u011f\u00fc Fiziki Ar\u015fiv Standartlar\u0131 Genelgesi<\/a><\/li>\n<li><a href=\"http:\/\/www.bbyhaber.com\/bby\/wp-content\/uploads\/dosyalar\/mevzuat\/turk-kutuphaneciler-dernegi-ana-tuzuk.pdf\" target=\"blank\">T\u00fcrk K\u00fct\u00fcphaneciler Derne\u011fi Ana T\u00fcz\u00fc\u011f\u00fc<\/a><\/li>\n<li><a href=\"http:\/\/www.bbyhaber.com\/bby\/wp-content\/uploads\/dosyalar\/mevzuat\/ulakbim-kurulus-yonetmeligi.pdf\" target=\"blank\">ULAKB\u0130M Kurulu\u015f Y\u00f6netmeli\u011fi<\/a><\/li>\n<li><a title=\"Y\u00d6K,G\u00f6revde Y\u00fckselme ve Unvan De\u011fi\u015fikli\u011fi Y\u00f6netmeli\u011fini Yay\u0131mlad\u0131\" href=\"http:\/\/www.bbyhaber.com\/bby\/2012\/12\/18\/yok-gorevde-yukselme-ve-unvan-degisikligi-yonetmeligi\/\">Y\u00d6K,G\u00f6revde Y\u00fckselme ve Unvan De\u011fi\u015fikli\u011fi Y\u00f6netmeli\u011fi<\/a><\/li>\n<\/ul>\n<p>{\/tabs}<\/p>\n<p style=\"text-align: justify;\">{tab=TKD MESLEK\u0130 ET\u0130K \u0130LKELER\u0130}<br \/>\nTKD Mesleki Etik \u0130lkeleri, bilgi hizmetleri alan\u0131nda \u00e7al\u0131\u015fanlar\u0131n uymas\u0131 gereken norm, kural ve davran\u0131\u015flar\u0131 belirler. \u0130lkeler, bu alanda \u00e7al\u0131\u015fanlara sorumluluklar\u0131 konusunda rehberlik eder ve yard\u0131mc\u0131 olur. A\u015fa\u011f\u0131da belirtilen ve 2 Nisan 2010 tarihinde kabul edilen ilkeler, 1996 y\u0131l\u0131nda haz\u0131rlan\u0131p y\u00fcr\u00fcrl\u00fc\u011fe konulan Mesleki Etik \u0130lkelerinin g\u00f6zden ge\u00e7irilmi\u015f bi\u00e7imidir.\u0130nsan Haklar\u0131 Evrensel Bildirgesi ve di\u011fer uluslararas\u0131 s\u00f6zle\u015fmelerle, TKD D\u00fc\u015f\u00fcnce \u00d6zg\u00fcrl\u00fc\u011f\u00fc Bildirgesi\u2019nde yer alan bilgi eri\u015fim hakk\u0131n\u0131, toplumun t\u00fcm bireyleri i\u00e7in savunur ve gereklerini yerine getirmeye \u00e7al\u0131\u015f\u0131rlar.<\/p>\n<ul style=\"text-align: justify;\">\n<li>\u0130nsan Haklar\u0131 Evrensel Bildirgesi ve di\u011fer uluslararas\u0131 s\u00f6zle\u015fmelerle, TKD D\u00fc\u015f\u00fcnce \u00d6zg\u00fcrl\u00fc\u011f\u00fc Bildirgesi\u2019nde yer alan bilgi eri\u015fim hakk\u0131n\u0131, toplumun t\u00fcm bireyleri i\u00e7in savunur ve gereklerini yerine getirmeye \u00e7al\u0131\u015f\u0131rlar.<\/li>\n<li>D\u00fc\u015f\u00fcn ve sanat \u00fcr\u00fcnlerine y\u00f6nelik sans\u00fcre kar\u015f\u0131 \u00e7\u0131kar ve d\u00fc\u015f\u00fcnce \u00f6zg\u00fcrl\u00fc\u011f\u00fcn\u00fc savunurlar.<\/li>\n<\/ul>\n<ul style=\"text-align: justify;\">\n<li>Kullan\u0131c\u0131lara hi\u00e7bir ayr\u0131m g\u00f6zetmeksizin e\u015fit davran\u0131rlar.<\/li>\n<\/ul>\n<ul style=\"text-align: justify;\">\n<li>Mesleki politika ve standartlar\u0131n geli\u015ftirilmesinde ve uygulanmas\u0131nda etkin \u00e7aba harcarlar.<\/li>\n<\/ul>\n<ul style=\"text-align: justify;\">\n<li>Do\u011fru ve yeterli bilgiyi zaman\u0131nda sunarak, g\u00f6revini mesle\u011fe de\u011fer katacak bi\u00e7imde ger\u00e7ekle\u015ftirirler.<\/li>\n<\/ul>\n<ul style=\"text-align: justify;\">\n<li>Telif haklar\u0131na sayg\u0131 duyar ve bu haklar\u0131 korurlar.<\/li>\n<\/ul>\n<ul style=\"text-align: justify;\">\n<li>Kullan\u0131c\u0131lar\u0131n yapt\u0131\u011f\u0131 ara\u015ft\u0131rmalar\u0131n, \u00f6d\u00fcn\u00e7 ald\u0131\u011f\u0131 ve\/veya yararland\u0131klar\u0131 bilgi kaynaklar\u0131n\u0131n neler oldu\u011funun gizlili\u011fini garanti eder, onlar\u0131n ki\u015fisel bilgilerini yasal gereklilik d\u0131\u015f\u0131nda kimseyle payla\u015fmazlar.<\/li>\n<\/ul>\n<ul style=\"text-align: justify;\">\n<li>Nesnel verilere dayanmayan, haks\u0131z karalamalarla meslek elemanlar\u0131n\u0131n, genel olarak meslek grubunun ya da bir bilgi merkezinin sayg\u0131nl\u0131\u011f\u0131n\u0131 zedeleyecek s\u00f6ylem ve davran\u0131\u015flarda bulunmazlar.<\/li>\n<\/ul>\n<ul style=\"text-align: justify;\">\n<li>Mesleki g\u00f6rev ve sorumluluklar\u0131n\u0131 yerine getirirken ki\u015fisel \u00e7\u0131kar sa\u011flamazlar.<\/li>\n<\/ul>\n<ul style=\"text-align: justify;\">\n<li>Mesleki i\u015fbirli\u011fi ve dayan\u0131\u015fmaya \u00f6zen g\u00f6sterirler.<\/li>\n<\/ul>\n<ul style=\"text-align: justify;\">\n<li>Mesleki geli\u015fimleri konusunda duyarl\u0131 davran\u0131r, kendilerini bu a\u00e7\u0131dan s\u00fcrekli olarak geli\u015ftirir ve bunu hizmetlerine yans\u0131t\u0131rlar.<\/li>\n<\/ul>\n<ul style=\"text-align: justify;\">\n<li>Mesleki ve y\u00f6netsel ili\u015fkilerinde adil ve d\u00fcr\u00fcst davran\u0131rlar.<\/li>\n<\/ul>\n<p style=\"text-align: justify;\">Kaynak: <a title=\"T\u00fcrk K\u00fct\u00fcphaneciler Derne\u011fi ( TKD )\" href=\"http:\/\/www.kutuphaneci.org.tr\/\" target=\"_blank\" rel=\"noopener\">TKD<\/a><\/p>\n<p style=\"text-align: justify;\">{tab=D\u00fc\u015f\u00fcnce \u00d6zg\u00fcrl\u00fc\u011f\u00fc Bildirgesi}<br \/>\nBu Bildirge, T\u00fcrk K\u00fct\u00fcphaneciler Derne\u011fi (TKD) D\u00fc\u015f\u00fcnce \u00d6zg\u00fcrl\u00fc\u011f\u00fc Grubu taraf\u0131ndan haz\u0131rlanm\u0131\u015f ve TKD Genel Y\u00f6netim Kurulu karar\u0131 ile 22 \u015eubat 2008 tarihinde kabul edilmi\u015ftir.<\/p>\n<p style=\"text-align: justify;\">Vazge\u00e7ilmez insan haklar\u0131ndan biri olan ve demokrasinin temeli say\u0131lan d\u00fc\u015f\u00fcnce \u00f6zg\u00fcrl\u00fc\u011f\u00fc, ki\u015filerin her t\u00fcrl\u00fc d\u00fc\u015f\u00fcnceye eri\u015fme ve d\u00fc\u015f\u00fcnceleri a\u00e7\u0131klama hakk\u0131d\u0131r. Bu \u00f6zg\u00fcrl\u00fck, ayn\u0131 zamanda, bilgi hizmetlerinde \u00e7ekirdek bir kavram olup, bilgi merkezlerinin (k\u00fct\u00fcphane, ar\u015fiv, dok\u00fcmantasyon merkezi vb.) \u00f6nemli varl\u0131k ko\u015fullar\u0131ndan biridir.<\/p>\n<p style=\"text-align: justify;\">TKD, Birle\u015fmi\u015f Milletler \u0130nsan Haklar\u0131 Evrensel Bildirgesi, Avrupa Konseyi \u0130nsan Haklar\u0131n\u0131n ve Temel \u00d6zg\u00fcrl\u00fcklerin Korunmas\u0131na \u0130li\u015fkin Avrupa S\u00f6zle\u015fmesi, ayn\u0131 kurulu\u015f taraf\u0131ndan ilan edilen \u0130fade ve Bilgi \u00d6zg\u00fcrl\u00fc\u011f\u00fc Bildirgesi, IFLA (Uluslararas\u0131 K\u00fct\u00fcphane Dernekleri ve Kurulu\u015flar\u0131 Federasyonu) D\u00fc\u015f\u00fcnce \u00d6zg\u00fcrl\u00fc\u011f\u00fc Bildirgesi ve TKD Mesleki Ahl\u00e2k \u0130lkeleri\u2019nde belirtildi\u011fi bi\u00e7imiyle d\u00fc\u015f\u00fcnce \u00f6zg\u00fcrl\u00fc\u011f\u00fcn\u00fc savunur, destekler ve geli\u015ftirmek i\u00e7in a\u015fa\u011f\u0131daki ilkeleri benimser.<\/p>\n<ul style=\"text-align: justify;\">\n<li>Bilgi merkezleri, politika geli\u015ftirme ve uygulamada d\u00fc\u015f\u00fcnce \u00f6zg\u00fcrl\u00fc\u011f\u00fc odakl\u0131 yakla\u015f\u0131mlar\u0131 benimsemelidir.<\/li>\n<\/ul>\n<ul style=\"text-align: justify;\">\n<li>\u00c7a\u011fda\u015f bir toplumda, bireylerin, her t\u00fcrl\u00fc bilgiye e\u015fit ve \u00f6zg\u00fcrce eri\u015fim hakk\u0131 vard\u0131r. Bilgi merkezleri, bu hakk\u0131n en iyi bi\u00e7imde kullan\u0131lmas\u0131na olanak ve f\u0131rsat sa\u011flar. Ki\u015filerin, bilgi merkezlerindeki d\u00fc\u015f\u00fcnce \u00fcr\u00fcnlerinden yararlanmalar\u0131 politik, dinsel, ulusal, ahlaki, ticari, \u0131rksal, etnik k\u00f6ken, cinsiyet ve benzeri nedenlerle engellenemez.<\/li>\n<\/ul>\n<ul style=\"text-align: justify;\">\n<li>Bilgi merkezleri, toplumsal sorumluluklar\u0131 gere\u011fi b\u00fct\u00fcn d\u00fc\u015f\u00fcncelerin a\u00e7\u0131klanmas\u0131, yay\u0131mlanmas\u0131 ve k\u00fct\u00fcphanelerde yararlanmaya sunulmas\u0131ndan yana tav\u0131r al\u0131r, sans\u00fcre kar\u015f\u0131 \u00e7\u0131kar ve bu konuda ilgili di\u011fer ki\u015fi ve kurulu\u015flarla i\u015fbirli\u011fi yapar.<\/li>\n<\/ul>\n<ul style=\"text-align: justify;\">\n<li>Bilgi merkezlerine kaynak se\u00e7imi, ki\u015fisel tercihlere g\u00f6re yap\u0131lmamal\u0131, mesleki ilkeler \u00e7er\u00e7evesinde ger\u00e7ekle\u015ftirilmelidir. Bilgi kaynaklar\u0131, i\u00e7eri\u011finden, yazar\u0131 ya da yay\u0131nc\u0131s\u0131n\u0131n d\u00fc\u015f\u00fcnce, inan\u00e7 veya g\u00f6r\u00fc\u015f\u00fcnden dolay\u0131 d\u0131\u015flanmamal\u0131d\u0131r.<\/li>\n<\/ul>\n<ul style=\"text-align: justify;\">\n<li>Bilgi merkezi \u00e7al\u0131\u015fanlar\u0131, teknik i\u015flemler ve kullan\u0131c\u0131 hizmetlerinde sans\u00fcr olarak kabul edilen, bilgi kaynaklar\u0131na eri\u015fimi engelleyici veya k\u0131s\u0131tlay\u0131c\u0131 davran\u0131\u015f ve uygulamalardan ka\u00e7\u0131n\u0131rlar.<\/li>\n<\/ul>\n<ul style=\"text-align: justify;\">\n<li>Bilgi merkezleri, ama\u00e7 ve i\u015flevleri do\u011frultusunda, sergi ve toplant\u0131 salonu gibi olanaklar\u0131n\u0131 gereksinim duyan ki\u015fi ve gruplara ay\u0131r\u0131m g\u00f6zetmeksizin sunar.<\/li>\n<\/ul>\n<ul style=\"text-align: justify;\">\n<li>Bilgi merkezi \u00e7al\u0131\u015fanlar\u0131, TKD D\u00fc\u015f\u00fcnce \u00d6zg\u00fcrl\u00fc\u011f\u00fc Bildirgesi\u2019nde yer alan ilkelere uygun davranmal\u0131d\u0131rlar. Onlar, bundan dolay\u0131 haks\u0131z i\u015flem ve uygulamalarla kar\u015f\u0131 kar\u015f\u0131ya b\u0131rak\u0131lamaz ve y\u00f6neticileri taraf\u0131ndan ayk\u0131r\u0131 davranmaya zorlanamazlar.<\/li>\n<\/ul>\n<ul style=\"text-align: justify;\">\n<li>Bilgi merkezlerinde kullan\u0131c\u0131lar\u0131n \u00f6zel ya\u015fam gizlili\u011fine sayg\u0131 duyulur. Bu nedenle, kullan\u0131c\u0131lar\u0131n kimli\u011fi ve yararland\u0131\u011f\u0131 bilgi kaynaklar\u0131 \u00fc\u00e7\u00fcnc\u00fc ki\u015filere a\u00e7\u0131klanmaz.<\/li>\n<\/ul>\n<ul style=\"text-align: justify;\">\n<li>Belirlenen ilkeler, \u00e7a\u011fda\u015f geli\u015fmelere ko\u015fut olarak geli\u015ftirilerek uygulanabildi\u011fi \u00f6l\u00e7\u00fcde, bilgi merkezlerinin ger\u00e7ek i\u015flevlerini yerine getirmelerine yard\u0131mc\u0131 olacak ve toplumun demokrasiyi i\u00e7selle\u015ftirerek ya\u015famas\u0131na katk\u0131 sa\u011flayacakt\u0131r.<\/li>\n<\/ul>\n<p style=\"text-align: justify;\">Kaynak: <a title=\"T\u00fcrk K\u00fct\u00fcphaneciler Derne\u011fi ( TKD )\" href=\"http:\/\/www.kutuphaneci.org.tr\/\" target=\"_blank\" rel=\"noopener\">TKD<\/a><br \/>\n{\/tabs}<\/p>\n","protected":false},"excerpt":{"rendered":"<p>{tab=Mevzuat \u0130ndir} ANKOS Derne\u011fi T\u00fcz\u00fc\u011f\u00fc Ar\u015fivci, Ar\u015fiv Memuru ve K\u00fct\u00fcphaneci kadrolar\u0131na y\u00f6nelik emsal karar \u00c7o\u011falt\u0131lm\u0131\u015f Fikir ve Sanat Eserlerini Derleme Kanunu Halk K\u00fct\u00fcphaneleri Y\u00f6netmeli\u011fi IFLA \u0130nternet Bildirgesi IFLA\/UNESCO Okul K\u00fct\u00fcphanesi Rehberi K\u00fct\u00fcphane Hizmetleri Genelgesi MEB Okul K\u00fct\u00fcphaneleri Y\u00f6netmeli\u011fi Mesleki Etik Kurallar\u0131 Milli K\u00fct\u00fcphane Kurulu\u015fu Hakk\u0131nda Kanun Milli k\u00fct\u00fcphane hizmetlerinden yararlan\u0131lmas\u0131nda uygulanacak usul ve esaslar hakk\u0131nda [&hellip;]<\/p>\n","protected":false},"author":1,"featured_media":0,"comment_status":"open","ping_status":"open","sticky":false,"template":"","format":"standard","meta":{"footnotes":""},"categories":[],"tags":[252,250,1396,249,1203,251],"class_list":["post-376","post","type-post","status-publish","format-standard","hentry","tag-arsiv-standartlari-genelgesi","tag-basma-yazi-ve-eserleri-derleme-kanunu","tag-bby-mevzuatlar","tag-halk-kutuphaneleri-yonetmeligi","tag-kutuphane-mevzuatlari","tag-okul-kutuphaneleri-yonetmeligi"],"_links":{"self":[{"href":"https:\/\/www.bbyhaber.com\/bby\/wp-json\/wp\/v2\/posts\/376"}],"collection":[{"href":"https:\/\/www.bbyhaber.com\/bby\/wp-json\/wp\/v2\/posts"}],"about":[{"href":"https:\/\/www.bbyhaber.com\/bby\/wp-json\/wp\/v2\/types\/post"}],"author":[{"embeddable":true,"href":"https:\/\/www.bbyhaber.com\/bby\/wp-json\/wp\/v2\/users\/1"}],"replies":[{"embeddable":true,"href":"https:\/\/www.bbyhaber.com\/bby\/wp-json\/wp\/v2\/comments?post=376"}],"version-history":[{"count":1,"href":"https:\/\/www.bbyhaber.com\/bby\/wp-json\/wp\/v2\/posts\/376\/revisions"}],"predecessor-version":[{"id":26977,"href":"https:\/\/www.bbyhaber.com\/bby\/wp-json\/wp\/v2\/posts\/376\/revisions\/26977"}],"wp:attachment":[{"href":"https:\/\/www.bbyhaber.com\/bby\/wp-json\/wp\/v2\/media?parent=376"}],"wp:term":[{"taxonomy":"category","embeddable":true,"href":"https:\/\/www.bbyhaber.com\/bby\/wp-json\/wp\/v2\/categories?post=376"},{"taxonomy":"post_tag","embeddable":true,"href":"https:\/\/www.bbyhaber.com\/bby\/wp-json\/wp\/v2\/tags?post=376"}],"curies":[{"name":"wp","href":"https:\/\/api.w.org\/{rel}","templated":true}]}}