{"id":3749,"date":"2012-04-10T17:13:27","date_gmt":"2012-04-10T17:13:27","guid":{"rendered":"http:\/\/www.bbyhaber.com\/bby\/?p=3749"},"modified":"2012-04-10T17:14:25","modified_gmt":"2012-04-10T17:14:25","slug":"konyada-minibuslere-kutuphane","status":"publish","type":"post","link":"https:\/\/www.bbyhaber.com\/bby\/2012\/04\/10\/konyada-minibuslere-kutuphane","title":{"rendered":"Konya&#8217;da minib\u00fcslere k\u00fct\u00fcphane"},"content":{"rendered":"<p style=\"text-align: justify;\">Konya Saray\u00f6n\u00fc Beldesi \u00c7ok Programl\u0131 Lisesi, &#8216;Yol Kitaplar\u0131 Projesi&#8217;yle yolcu ta\u015f\u0131mac\u0131l\u0131\u011f\u0131 yapan minib\u00fcslerde k\u00fc\u00e7\u00fck birer k\u00fct\u00fcphane kurdu. Proje kapsam\u0131nda, Saray\u00f6n\u00fc-Konya aras\u0131nda yolcu ta\u015f\u0131mac\u0131l\u0131\u011f\u0131 yapan minib\u00fcslere \u00c7ok Programl\u0131 Lise y\u00f6neticileri taraf\u0131ndan temin edilen kitaplar yerle\u015ftirildi. <!--more-->Minib\u00fcslerde s\u00fcrekli bulunmas\u0131 planlanan kitaplar, seyahat esnas\u0131nda yolcular taraf\u0131ndan okunacak. Saray\u00f6n\u00fc-Konya aras\u0131nda yolcu ta\u015f\u0131mac\u0131l\u0131\u011f\u0131 yapan 17 minib\u00fcse 170 kitap yerle\u015ftiren \u00c7ok Programl\u0131 Lise \u00f6\u011frencileri, projeyi Saray\u00f6n\u00fc Otogar\u0131&#8217;nda d\u00fczenlenen t\u00f6renle ba\u015flatt\u0131. \u00d6\u011frencilerin, &#8216;Yol Kitaplar\u0131&#8217; projesinin ba\u015flama t\u00f6renine, Saray\u00f6n\u00fc Kaymakam\u0131 Kemal Y\u0131ld\u0131z, Belediye Ba\u015fkan\u0131 Mehmet G\u00fcney, \u00c7ok Programl\u0131 Lise idarecileri ve Minib\u00fcs\u00e7\u00fcler Kooperatifi Ba\u015fkan\u0131 Ahmet \u0130nan\u0131r kat\u0131ld\u0131.<\/p>\n<p style=\"text-align: justify;\">Kaynak: http:\/\/www.dunyabulteni.net<\/p>\n","protected":false},"excerpt":{"rendered":"<p>Konya Saray\u00f6n\u00fc Beldesi \u00c7ok Programl\u0131 Lisesi, &#8216;Yol Kitaplar\u0131 Projesi&#8217;yle yolcu ta\u015f\u0131mac\u0131l\u0131\u011f\u0131 yapan minib\u00fcslerde k\u00fc\u00e7\u00fck birer k\u00fct\u00fcphane kurdu. Proje kapsam\u0131nda, Saray\u00f6n\u00fc-Konya aras\u0131nda yolcu ta\u015f\u0131mac\u0131l\u0131\u011f\u0131 yapan minib\u00fcslere \u00c7ok Programl\u0131 Lise y\u00f6neticileri taraf\u0131ndan temin edilen kitaplar yerle\u015ftirildi.<\/p>\n","protected":false},"author":1,"featured_media":0,"comment_status":"open","ping_status":"open","sticky":false,"template":"","format":"standard","meta":{"footnotes":""},"categories":[1],"tags":[],"class_list":["post-3749","post","type-post","status-publish","format-standard","hentry","category-genel"],"_links":{"self":[{"href":"https:\/\/www.bbyhaber.com\/bby\/wp-json\/wp\/v2\/posts\/3749"}],"collection":[{"href":"https:\/\/www.bbyhaber.com\/bby\/wp-json\/wp\/v2\/posts"}],"about":[{"href":"https:\/\/www.bbyhaber.com\/bby\/wp-json\/wp\/v2\/types\/post"}],"author":[{"embeddable":true,"href":"https:\/\/www.bbyhaber.com\/bby\/wp-json\/wp\/v2\/users\/1"}],"replies":[{"embeddable":true,"href":"https:\/\/www.bbyhaber.com\/bby\/wp-json\/wp\/v2\/comments?post=3749"}],"version-history":[{"count":0,"href":"https:\/\/www.bbyhaber.com\/bby\/wp-json\/wp\/v2\/posts\/3749\/revisions"}],"wp:attachment":[{"href":"https:\/\/www.bbyhaber.com\/bby\/wp-json\/wp\/v2\/media?parent=3749"}],"wp:term":[{"taxonomy":"category","embeddable":true,"href":"https:\/\/www.bbyhaber.com\/bby\/wp-json\/wp\/v2\/categories?post=3749"},{"taxonomy":"post_tag","embeddable":true,"href":"https:\/\/www.bbyhaber.com\/bby\/wp-json\/wp\/v2\/tags?post=3749"}],"curies":[{"name":"wp","href":"https:\/\/api.w.org\/{rel}","templated":true}]}}