{"id":3701,"date":"2012-04-09T08:45:27","date_gmt":"2012-04-09T08:45:27","guid":{"rendered":"http:\/\/www.bbyhaber.com\/bby\/?p=3701"},"modified":"2013-03-11T09:56:58","modified_gmt":"2013-03-11T07:56:58","slug":"turkiyenin-ilk-kreatif-endustriler-kutuphanesi","status":"publish","type":"post","link":"https:\/\/www.bbyhaber.com\/bby\/2012\/04\/09\/turkiyenin-ilk-kreatif-endustriler-kutuphanesi","title":{"rendered":"T\u00fcrkiye&#8217;nin ilk kreatif end\u00fcstriler k\u00fct\u00fcphanesi"},"content":{"rendered":"<p style=\"text-align: justify;\">Mimarl\u0131k ve moda tasar\u0131m \u00f6\u011frencilerinin en b\u00fcy\u00fck s\u0131k\u0131nt\u0131lar\u0131ndan biridir meslek\u00ee kitaplar\u0131n\u0131n pahal\u0131 olmas\u0131. Tabii bir de yay\u0131mlanan eserlerin s\u0131n\u0131rl\u0131 say\u0131da \u00fcretilmesi, bir\u00e7o\u011funun prestij \u00fcr\u00fcn\u00fc olmas\u0131 ve k\u00fct\u00fcphanelerde bulunmamas\u0131&#8230; Vakko, bu alandaki eksikli\u011fi gidermek i\u00e7in \u00f6nemli bir ad\u0131m att\u0131. Nakka\u015ftepe&#8217;deki binas\u0131nda T\u00fcrkiye&#8217;nin ilk kreatif end\u00fcstriler k\u00fct\u00fcphanesini kurdu.<!--more--><\/p>\n<p style=\"text-align: justify;\">Her zaman s\u0131cak, her zaman dosttur kitaplar ama bazen biraz daha fazla mutluluk verir. \u00c7ok isteyip de sat\u0131n alamad\u0131\u011f\u0131m\u0131z bir romana sahip oldu\u011fumuz ilk andaki sevin\u00e7 unutulmazd\u0131r mesela. Ya da bask\u0131s\u0131 t\u00fckenmi\u015f bir eserle sahafta g\u00f6z g\u00f6ze gelinen ilk an&#8230; Vakko, \u00f6zellikle moda, mimarl\u0131k, foto\u011fraf gibi alanlarda e\u011fitim alan \u00f6\u011frencilerin her bir k\u00f6\u015fede benzer duygular\u0131 tadaca\u011f\u0131 bir k\u00fct\u00fcphane kurdu: Vitali Hakko Kreatif End\u00fcstriler K\u00fct\u00fcphanesi. \u00dcstelik yaln\u0131zca \u00f6\u011frenciler de\u011fil modaya, mimariye, foto\u011frafa ilgi duyan herkes k\u00fct\u00fcphaneden faydalanabiliyor. Hatta yak\u0131nda faaliyete ge\u00e7ecek proje ile g\u00f6rme engelliler de koleksiyondan yararlanma f\u0131rsat\u0131 bulacak&#8230;<\/p>\n<p style=\"text-align: justify;\">Vitali Hakko Kreatif End\u00fcstriler K\u00fct\u00fcphanesi S\u00fcperviz\u00f6r\u00fc Beg\u00fcm Ba\u015fo\u011flu&#8217;yla k\u00fct\u00fcphaneyi geziyor, detayl\u0131 bilgiyi kendisinden al\u0131yoruz. Asl\u0131nda \u00e7ok da al\u0131\u015f\u0131k oldu\u011fumuz bir kavram de\u011fil kreatif end\u00fcstriler tan\u0131m\u0131. Peki, neden bu ifade tercih edildi? Alt ba\u015fl\u0131klar\u0131na bak\u0131ld\u0131\u011f\u0131nda koleksiyonu \u00e7ok iyi ifade etmesi bunda etkili. &#8220;Modan\u0131n, mimarinin, heykelin, film ve videonun akla gelebilece\u011fi bir tan\u0131m bu.&#8221; diyor Ba\u015fo\u011flu. Vitali Hakko&#8217;nun gen\u00e7lerin bu alandaki e\u011fitimine \u00e7ok \u00f6nem vermesi, ailenin onun an\u0131s\u0131n\u0131 nas\u0131l ya\u015fatabiliriz d\u00fc\u015f\u00fcncesiyle birle\u015fince ortaya k\u00fct\u00fcphane fikri \u00e7\u0131km\u0131\u015f. Fikir, binadaki alanla da \u00f6rt\u00fc\u015f\u00fcnce projenin \u00e7al\u0131\u015fmalar\u0131 ba\u015flam\u0131\u015f. Eskiden var olan ar\u015fivin halka a\u00e7\u0131lmas\u0131 gibi bir durum da s\u00f6z konusu de\u011fil. D\u00fcnyan\u0131n \u00f6nde gelen m\u00fcze ve yay\u0131nevleriyle ileti\u015fime ge\u00e7ilerek d\u00f6rt y\u0131lda yeni bir koleksiyon haz\u0131rlanm\u0131\u015f. Bundan sonras\u0131 i\u00e7in hedef, s\u0131n\u0131rl\u0131 say\u0131da bas\u0131lan \u00f6zel edisyon kitaplarda Vitali Hakko Kreatif End\u00fcstriler K\u00fct\u00fcphanesi&#8217;nin de akla gelmesi. Ve k\u00fct\u00fcphanenin yenilenerek geli\u015fmesi. Yaln\u0131zca \u00f6zel edisyon kitaplarla g\u00fcncel bir koleksiyon olu\u015fturmak da ama\u00e7lanm\u0131yor. \u0130lk bask\u0131 eserlere de \u00f6nem veriliyor. Koleksiyonda \u00f6rnekleri de var. Bir di\u011fer ama\u00e7 da imzal\u0131 kitaplardan olu\u015fan bir koleksiyon olu\u015fturmak.<\/p>\n<p style=\"text-align: justify;\">Yaln\u0131zca moda kitaplar\u0131 de\u011fil&#8230;<\/p>\n<p style=\"text-align: justify;\">Vakko, bir moda markas\u0131 oldu\u011fundan moda koleksiyonunun \u00e7ok geni\u015f oldu\u011fu d\u00fc\u015f\u00fcncesi geliyor akla. Oysa di\u011fer alanlardaki koleksiyonlar da en az onun kadar kuvvetli. Vitali Hakko Kreatif End\u00fcstriler K\u00fct\u00fcphanesi S\u00fcperviz\u00f6r\u00fc Beg\u00fcm Ba\u015fo\u011flu, dileyen herkesin faydalanabilece\u011fi butik bir k\u00fct\u00fcphane hizmeti sunmak istediklerini s\u00f6yl\u00fcyor. Bu y\u00fczden ba\u011f\u0131\u015f kabul edilmiyor ve randevu sistemi i\u015fliyor. Okuyucunun istedi\u011fi t\u00fcm bilgilere rahatl\u0131kla eri\u015febilmesi isteniyor. Koleksiyonun katalo\u011funa d\u0131\u015far\u0131dan eri\u015fim imk\u00e2n\u0131 da var. E\u011fer arad\u0131\u011f\u0131n\u0131z bir kitab\u0131 k\u00fct\u00fcphanede bulamad\u0131ysan\u0131z ve konsepte uygunsa mutlaka o kitap koleksiyona d\u00e2hil ediliyor. Pazartesi-Cuma 10.00-17.00 aras\u0131nda a\u00e7\u0131k olan k\u00fct\u00fcphaneyi (216) 554 08 54&#8217;\u00fc arayarak veya kutuphane@vakko.com.tr adresine mail atarak randevu ile ziyaret edebilirsiniz.<\/p>\n<p style=\"text-align: justify;\">G\u00f6rme engelliler de d\u00fc\u015f\u00fcn\u00fclm\u00fc\u015f<\/p>\n<p style=\"text-align: justify;\">K\u00fct\u00fcphanede, kreatif end\u00fcstri konular\u0131ndaki kitaplar\u0131n y\u00fczde 85&#8217;i \u0130ngilizce olsa da T\u00fcrk\u00e7e koleksiyon da var. Hatta konu a\u00e7\u0131l\u0131nca g\u00fczel bir projenin m\u00fcjdesini veriyor Beg\u00fcm Ba\u015fo\u011flu. T\u00fcrk\u00e7e koleksiyon, g\u00f6rme engelliler i\u00e7in sesli kitaba \u00e7evrilecekmi\u015f. Beg\u00fcm Han\u0131m zaten Bo\u011fazi\u00e7i \u00dcniversitesi b\u00fcnyesinde hizmet veren G\u00f6rme Engelliler Teknoloji ve E\u011fitim Laboratu-var\u0131&#8217;na (GETEM) g\u00f6n\u00fcll\u00fc olarak okuma yapan bir isim. Bu proje i\u00e7in de GETEM ile irtibata ge\u00e7ilmi\u015f. Ba\u015fo\u011flu \u015f\u00f6yle anlat\u0131yor: &#8220;GETEM&#8217;in ar\u015fivine bakt\u0131\u011f\u0131n\u0131z zaman edebiyat \u00e7ok kuvvetli, ders kitaplar\u0131 da var ama sanat kitaplar\u0131 konusunda ciddi bo\u015fluk var. O zaman bizim koleksiyonumuzda bulunan kitaplar\u0131 sesli kitaba \u00e7evirelim dedik. Okunan eserler hem Bo\u011fazi\u00e7i \u00dcniversitesi&#8217;nin koleksiyonunda olacak hem de Vakko&#8217;nun.&#8221;<\/p>\n<p style=\"text-align: justify;\">Kaynak: http:\/\/www.zaman.com.tr\/<\/p>\n<p style=\"text-align: justify;\"><strong>Not:<\/strong> <a href=\"http:\/\/www.mikrobeta.com.tr\/2012\/03\/27\/vitali-hakko-kreatif-endustriler-kutuphanesi-acildi\/\" target=\"_blank\">Vitali Hakko Kreatif End\u00fcstriler K\u00fct\u00fcphanesi&#8217;nde MiLAS K\u00fct\u00fcphane Otomasyon Sistemi kullan\u0131lmaktad\u0131r<\/a><\/p>\n","protected":false},"excerpt":{"rendered":"<p>Mimarl\u0131k ve moda tasar\u0131m \u00f6\u011frencilerinin en b\u00fcy\u00fck s\u0131k\u0131nt\u0131lar\u0131ndan biridir meslek\u00ee kitaplar\u0131n\u0131n pahal\u0131 olmas\u0131. Tabii bir de yay\u0131mlanan eserlerin s\u0131n\u0131rl\u0131 say\u0131da \u00fcretilmesi, bir\u00e7o\u011funun prestij \u00fcr\u00fcn\u00fc olmas\u0131 ve k\u00fct\u00fcphanelerde bulunmamas\u0131&#8230; Vakko, bu alandaki eksikli\u011fi gidermek i\u00e7in \u00f6nemli bir ad\u0131m att\u0131. Nakka\u015ftepe&#8217;deki binas\u0131nda T\u00fcrkiye&#8217;nin ilk kreatif end\u00fcstriler k\u00fct\u00fcphanesini kurdu.<\/p>\n","protected":false},"author":1,"featured_media":0,"comment_status":"open","ping_status":"open","sticky":false,"template":"","format":"standard","meta":{"footnotes":""},"categories":[1],"tags":[286,244],"class_list":["post-3701","post","type-post","status-publish","format-standard","hentry","category-genel","tag-endustriler-kutuphanesi","tag-endustriyel-tasarim-kutuphanesi"],"_links":{"self":[{"href":"https:\/\/www.bbyhaber.com\/bby\/wp-json\/wp\/v2\/posts\/3701"}],"collection":[{"href":"https:\/\/www.bbyhaber.com\/bby\/wp-json\/wp\/v2\/posts"}],"about":[{"href":"https:\/\/www.bbyhaber.com\/bby\/wp-json\/wp\/v2\/types\/post"}],"author":[{"embeddable":true,"href":"https:\/\/www.bbyhaber.com\/bby\/wp-json\/wp\/v2\/users\/1"}],"replies":[{"embeddable":true,"href":"https:\/\/www.bbyhaber.com\/bby\/wp-json\/wp\/v2\/comments?post=3701"}],"version-history":[{"count":0,"href":"https:\/\/www.bbyhaber.com\/bby\/wp-json\/wp\/v2\/posts\/3701\/revisions"}],"wp:attachment":[{"href":"https:\/\/www.bbyhaber.com\/bby\/wp-json\/wp\/v2\/media?parent=3701"}],"wp:term":[{"taxonomy":"category","embeddable":true,"href":"https:\/\/www.bbyhaber.com\/bby\/wp-json\/wp\/v2\/categories?post=3701"},{"taxonomy":"post_tag","embeddable":true,"href":"https:\/\/www.bbyhaber.com\/bby\/wp-json\/wp\/v2\/tags?post=3701"}],"curies":[{"name":"wp","href":"https:\/\/api.w.org\/{rel}","templated":true}]}}