{"id":3695,"date":"2012-04-08T15:05:18","date_gmt":"2012-04-08T15:05:18","guid":{"rendered":"http:\/\/www.bbyhaber.com\/bby\/?p=3695"},"modified":"2012-04-08T15:05:43","modified_gmt":"2012-04-08T15:05:43","slug":"kitap-okuma-cezasi-izmir","status":"publish","type":"post","link":"https:\/\/www.bbyhaber.com\/bby\/2012\/04\/08\/kitap-okuma-cezasi-izmir","title":{"rendered":"Kitap okuma cezas\u0131-\u0130zmir"},"content":{"rendered":"<p style=\"text-align: justify;\">\u0130zmir&#8217;in Bay\u0131nd\u0131r \u0130l\u00e7esi&#8217;nde e\u015fine \u015fiddet uygulayan Abdurrahman Kandemir ile alkoll\u00fc ara\u00e7 kullanan Ali Caner \u00d6zden, cezalar\u0131n\u0131 kitap okuyarak \u00f6d\u00fcyor. Bay\u0131nd\u0131r Sulh Ceza Mahkemesi, e\u015fini \u015fiddet uygulamaktan su\u00e7lu buldu\u011fu Abdurrahman Kandemir&#8217;e (31) 150 g\u00fcn adli para cezas\u0131 verdi ve bunu g\u00fcnl\u00fck 20 liradan 3 bin lira olarak uygulad\u0131. <!--more-->Mahkeme, cezay\u0131, Denetimli Serbestlik Uygulamas\u0131 kapsam\u0131nda kitap okuma cezas\u0131na d\u00f6n\u00fc\u015ft\u00fcrd\u00fc. \u00dc\u00e7 \u00e7ocuk babas\u0131 Kandemir, bunun \u00fczerine \u00fc\u00e7 ay s\u00fcreyle haftada bir saat &#8220;insan haklar\u0131na sayg\u0131l\u0131 olunmas\u0131&#8221; konular\u0131n\u0131 i\u015fleyen kitaplar\u0131 okumaya ba\u015flad\u0131. Cezas\u0131n\u0131 Bay\u0131nd\u0131r Halk K\u00fct\u00fcphanesi&#8217;nde \u00e7eken Abdurrahman Kandemir, ceza bitiminde k\u00fct\u00fcphane memurunun g\u00f6zetiminde \u00f6zet \u00e7\u0131karacak. Bu \u00f6zet kabul edildi\u011fi takdirde dava d\u00fc\u015fecek. Abdurrahman Kandemir, &#8220;E\u015fimle aram\u0131zda ufak bir tart\u0131\u015fma oldu. Mahkeme bana Bay\u0131nd\u0131r Halk K\u00fct\u00fcphanesi&#8217;nde kitap okuma cezas\u0131 verdi. Bu kitaplar\u0131 okudu\u011fumda, insanlara kar\u015f\u0131 sevgi ve sayg\u0131y\u0131 duymay\u0131, ayn\u0131 \u015fekilde e\u015fine sayg\u0131 ve sevgi verdi\u011finde kar\u015f\u0131l\u0131k ald\u0131\u011f\u0131n\u0131 \u00f6\u011frendim. E\u015fi ile aras\u0131nda tart\u0131\u015fma olanlar\u0131n bu t\u00fcr kitaplar\u0131 okumas\u0131n\u0131 tavsiye ederim. Bu kitaplar\u0131 okuduktan sonra, e\u015fimle aram\u0131zda bir\u015fey olmad\u0131&#8221; dedi.<\/p>\n<p style=\"text-align: justify;\">Bay\u0131nd\u0131r Sulh Ceza Mahkemesi&#8217;nin alkoll\u00fc ara\u00e7 kullanarak trafik g\u00fcvenli\u011fi tehlikeye sokmaktan 25 g\u00fcn hapis cezas\u0131 verdi\u011fi Ali Caner \u00d6zden de (29), bunu kitap okuyarak \u00f6d\u00fcyor. \u00d6zden, &#8220;Ben alkoll\u00fc ara\u00e7 kullanmaktan hakim kar\u015f\u0131s\u0131na \u00e7\u0131kt\u0131m. Cezas\u0131n\u0131 da denetimli serbestlik uygulamas\u0131yla kitap okuyarak \u00f6d\u00fcyorum. \u00dc\u00e7 ay boyunca halk k\u00fct\u00fcphanesine gelerek alkoll\u00fc ara\u00e7 kullanmakla ve alkol\u00fcn zararlar\u0131yla ilgili kitap okuyarak \u00f6zet \u00e7\u0131kar\u0131yorum. Bu \u00f6zetim kabul g\u00f6rd\u00fckten sonra para cezas\u0131 \u00f6demeyece\u011fim, bu \u015fekilde cezam\u0131 \u00e7ekmi\u015f olaca\u011f\u0131m. Bu \u00e7ok g\u00fczel bir yasa. Bundan sonra alkoll\u00fc ara\u00e7 kullanmayaca\u011f\u0131m, \u00e7ok pi\u015fman\u0131m&#8221; dedi.<\/p>\n<p style=\"text-align: justify;\">Kaynak: http:\/\/gundem.milliyet.com.tr<\/p>\n","protected":false},"excerpt":{"rendered":"<p>\u0130zmir&#8217;in Bay\u0131nd\u0131r \u0130l\u00e7esi&#8217;nde e\u015fine \u015fiddet uygulayan Abdurrahman Kandemir ile alkoll\u00fc ara\u00e7 kullanan Ali Caner \u00d6zden, cezalar\u0131n\u0131 kitap okuyarak \u00f6d\u00fcyor. Bay\u0131nd\u0131r Sulh Ceza Mahkemesi, e\u015fini \u015fiddet uygulamaktan su\u00e7lu buldu\u011fu Abdurrahman Kandemir&#8217;e (31) 150 g\u00fcn adli para cezas\u0131 verdi ve bunu g\u00fcnl\u00fck 20 liradan 3 bin lira olarak uygulad\u0131.<\/p>\n","protected":false},"author":1,"featured_media":0,"comment_status":"open","ping_status":"open","sticky":false,"template":"","format":"standard","meta":{"footnotes":""},"categories":[1],"tags":[173,174],"class_list":["post-3695","post","type-post","status-publish","format-standard","hentry","category-genel","tag-kitap-okuma-cezasi","tag-okuma-cezasi"],"_links":{"self":[{"href":"https:\/\/www.bbyhaber.com\/bby\/wp-json\/wp\/v2\/posts\/3695"}],"collection":[{"href":"https:\/\/www.bbyhaber.com\/bby\/wp-json\/wp\/v2\/posts"}],"about":[{"href":"https:\/\/www.bbyhaber.com\/bby\/wp-json\/wp\/v2\/types\/post"}],"author":[{"embeddable":true,"href":"https:\/\/www.bbyhaber.com\/bby\/wp-json\/wp\/v2\/users\/1"}],"replies":[{"embeddable":true,"href":"https:\/\/www.bbyhaber.com\/bby\/wp-json\/wp\/v2\/comments?post=3695"}],"version-history":[{"count":0,"href":"https:\/\/www.bbyhaber.com\/bby\/wp-json\/wp\/v2\/posts\/3695\/revisions"}],"wp:attachment":[{"href":"https:\/\/www.bbyhaber.com\/bby\/wp-json\/wp\/v2\/media?parent=3695"}],"wp:term":[{"taxonomy":"category","embeddable":true,"href":"https:\/\/www.bbyhaber.com\/bby\/wp-json\/wp\/v2\/categories?post=3695"},{"taxonomy":"post_tag","embeddable":true,"href":"https:\/\/www.bbyhaber.com\/bby\/wp-json\/wp\/v2\/tags?post=3695"}],"curies":[{"name":"wp","href":"https:\/\/api.w.org\/{rel}","templated":true}]}}