{"id":3690,"date":"2012-04-08T15:00:58","date_gmt":"2012-04-08T15:00:58","guid":{"rendered":"http:\/\/www.bbyhaber.com\/bby\/?p=3690"},"modified":"2012-04-08T15:11:44","modified_gmt":"2012-04-08T15:11:44","slug":"kutuphaneciler-yoksul-kutuphaneler-parasiz-ve-okursuz","status":"publish","type":"post","link":"https:\/\/www.bbyhaber.com\/bby\/2012\/04\/08\/kutuphaneciler-yoksul-kutuphaneler-parasiz-ve-okursuz","title":{"rendered":"K\u00fct\u00fcphaneciler yoksul, k\u00fct\u00fcphaneler paras\u0131z ve okursuz"},"content":{"rendered":"<p style=\"text-align: justify;\">Ayd\u0131nl\u0131k gazetesi yazar\u0131 Do\u00e7 Dr. Melih Ba\u015f, k\u00fct\u00fcphanecili\u011fin T\u00fcrkiye\u2019deki durumunu rakamlarla anlatt\u0131. \u201c\u0130\u015fte K\u00fct\u00fcphaneciler yoksul, k\u00fct\u00fcphaneler paras\u0131z ve okursuz!\u201d ba\u015fl\u0131kl\u0131 o yaz\u0131: \u201cGe\u00e7ti\u011fimiz hafta 48. K\u00fct\u00fcphane Haftas\u0131 \u2018K\u00fct\u00fcphaneler sizi de\u011fi\u015ftirir\u2019 savs\u00f6z\u00fc (slogan\u0131) ile kutland\u0131. Bu arada d\u00fcnya ortalamas\u0131na g\u00f6re \u00e7ok d\u00fc\u015f\u00fck d\u00fczeyde kitap okudu\u011fumuzu da an\u0131msayal\u0131m!<!--more--><\/p>\n<p style=\"text-align: justify;\"><strong>K\u00fct\u00fcphanelerin durumu<\/strong><\/p>\n<p style=\"text-align: justify;\">Birle\u015fmi\u015f Milletler \u0130nsani Geli\u015fmi\u015flik 2011 raporuna g\u00f6re Almanya\u2019da halk k\u00fct\u00fcphanesi say\u0131s\u0131 11332 iken, \u0130spanya\u2019da 5209, Fransa\u2019da 4008, T\u00fcrkiye\u2019de ise yaln\u0131zca 1400\u2019\u00fcn biraz \u00fczerinde. Bunlardan 267\u2019si ise kapal\u0131 durumda. AB \u00fclkelerinde ki\u015fi ba\u015f\u0131na ortlama y\u0131ll\u0131k kitap harcamas\u0131 $500 iken T\u00fcrkiye\u2019de yaln\u0131zca $2 harcan\u0131yor. \u00dclkemizin toplam n\u00fcf\u00fcsunu dikkate ald\u0131\u011f\u0131m\u0131zda halk k\u00fct\u00fcphanelerimizde yakla\u015f\u0131k olarak 125.000.000 adet kitap bulunmas\u0131 gerekiyor, ancak K\u00fclt\u00fcr Bakanl\u0131\u011f\u0131 verilerine g\u00f6re 2011 sonunda bu rakam yaln\u0131zca 15.621.478. Halk k\u00fct\u00fcphanelerindeki okur say\u0131s\u0131na bak\u0131ld\u0131\u011f\u0131nda, kullan\u0131c\u0131 say\u0131s\u0131 18 milyon 826 bin ki\u015fi ama kay\u0131tl\u0131 \u00fcye say\u0131s\u0131 maalesef sadece 753 bin ki\u015fi. Al\u0131nan kitap say\u0131s\u0131n\u0131n sadece y\u00fczde onu yerel al\u0131m, di\u011fer k\u0131sm\u0131 merkezi al\u0131m. Bu \u00e7ok yanl\u0131\u015f bir siyasa. Toplam 1118 halk k\u00fct\u00fcphanesinin yaln\u0131zca 45\u2019i \u00e7ocuk k\u00fct\u00fcphanesi.<\/p>\n<p style=\"text-align: justify;\">\u00dcniversite k\u00fct\u00fcphanelerinin b\u00fct\u00e7esi Bat\u0131\u2019da \u00fcniversite b\u00fct\u00e7esinin y\u00fczde 3\u2019\u00fc dolay\u0131nda. Bizde ise 2008\u2019de y\u00fczde 0,68 iken 2011\u2019de y\u00fczde 0,32\u2019ye d\u00fc\u015fm\u00fc\u015f. Bu k\u00fct\u00fcphanelerde 2006-2009 y\u0131llar\u0131 aras\u0131ndaki kitap art\u0131\u015f\u0131 oran\u0131 y\u00fczde 20, e-kitapta ise y\u00fczde 100. E\u2019le\u015fmenin istatisti\u011fi!<\/p>\n<p style=\"text-align: justify;\"><strong>K\u00fct\u00fcphanecilerin durumu<\/strong><\/p>\n<p style=\"text-align: justify;\"><strong>Halk k\u00fct\u00fcphaneleri<\/strong>ndeki personel say\u0131s\u0131 2973 ki\u015fi ama bunlar\u0131n i\u00e7inde sadece 316\u2019s\u0131 k\u00fct\u00fcphaneci! \u00d6zel kurumlar\u0131n k\u00fct\u00fcphanelerinde \u00e7al\u0131\u015fan az say\u0131daki k\u00fct\u00fcphanecileri (bu \u00f6bekte yer alanlar\u0131n \u00fccret bilgilerini elde etmek ve do\u011frulu\u011funu s\u0131namak olduk\u00e7a g\u00fc\u00e7 oldu\u011fu i\u00e7in) g\u00f6zard\u0131 ederek halk k\u00fct\u00fcphanelerinde ve \u00fcniversite k\u00fct\u00fcphanelerinde \u00e7al\u0131\u015fan k\u00fct\u00fcphanecilerin \u00fccretlerine bakal\u0131m:<\/p>\n<p style=\"text-align: justify;\"><strong>Halk k\u00fct\u00fcphanesi<\/strong>nde yeni g\u00f6reve ba\u015flayan bir k\u00fct\u00fcphanecinin eline ayl\u0131k olarak yakla\u015f\u0131k 1.700.-TL ge\u00e7iyor, ortalama 10 y\u0131l\u0131n\u0131 tamamlam\u0131\u015f bir k\u00fct\u00fcphanecinin ayl\u0131k kazanc\u0131 ise yakla\u015f\u0131k 2.000.-TL dolay\u0131nda; bu rakam yan \u00f6demeler, \u00e7ocuk say\u0131s\u0131, e\u015fin \u00e7al\u0131\u015fma durumuna g\u00f6re yakla\u015f\u0131k 150 &#8211; 200.-TL dolay\u0131nda de\u011fi\u015fiklik g\u00f6sterebiliyor. Y\u0131llar\u0131n\u0131 bu i\u015fe veren bir halk k\u00fct\u00fcphanesi y\u00f6neticisinin eline yakla\u015f\u0131kk olarak 2.800.-TL dolay\u0131nda bir ayl\u0131k \u00fccret ge\u00e7iyor.<\/p>\n<p style=\"text-align: justify;\">Bir de <strong>\u00fcniversitelerde \u00e7al\u0131\u015fan k\u00fct\u00fcphaneciler<\/strong>e bakal\u0131m. Bir \u00fcniversite k\u00fct\u00fcphanesinde yeni i\u015fe ba\u015flayan bir k\u00fct\u00fcphaneci ayl\u0131k olarak yakla\u015f\u0131k 1.700.-TL (&#8220;<em>bu durum son geli\u015fmelere g\u00f6re de\u011fi\u015fiklik g\u00f6stermektedir; baz\u0131 \u00fcniversiteler \u00f6demelere devam ederken, baz\u0131lar\u0131 \u00f6demeleri kesmi\u015ftir-ekleme @bbyhaber&#8221;<\/em>), ortalama 10 y\u0131ll\u0131k bir uzman k\u00fct\u00fcphaneci ise ayl\u0131k olarak yakla\u015f\u0131k 2.000.-TL, bir \u00fcniversite k\u00fct\u00fcphane y\u00f6neticisi ise yakla\u015f\u0131k 3.000.-TL \u00fccret al\u0131yor.<\/p>\n<p style=\"text-align: justify;\">K\u00fct\u00fcphanecilerin gelirleri \u00e7al\u0131\u015ft\u0131klar\u0131 kuruma g\u00f6re anlaml\u0131 d\u00fczeyde de\u011fi\u015fmiyor. Bu \u00fccretleri T\u00dcRK-\u0130\u015e\u2019in son verilerine g\u00f6re \u00fclkemizde 4 ki\u015filik bir ailenin a\u00e7l\u0131k s\u0131n\u0131r\u0131n\u0131n 973,58.-TL, yoksulluk s\u0131n\u0131r\u0131n\u0131n ise 3.171,27.-TL oldu\u011funu belirtmekte yarar var. E\u015fdeyi\u015fle k\u00fct\u00fcphanecilerin \u00fccretleri yoksulluk s\u0131n\u0131r\u0131n\u0131n alt\u0131ndad\u0131r.<\/p>\n<p style=\"text-align: justify;\">K\u00fct\u00fcphanecilerin T\u00dc\u0130K\u2019in Ya\u015fam Memnuniyeti \u00e7al\u0131\u015fmas\u0131ndaki ne % 62\u2019lik kendini mutlu hisseden kesime,ne de y\u00fczde 75\u2019lik gelece\u011fe g\u00fcvenle bakan kesime gir(e)medi\u011fini s\u00f6yleyebiliriz.<\/p>\n<p style=\"text-align: justify;\">Uluslararas\u0131 bir \u00e7al\u0131\u015fmaya g\u00f6re 500 kitapl\u0131k bir k\u00fct\u00fcphaneye sahip bir evde yeti\u015fmenin \u00e7ocuklar\u0131n e\u011fitim d\u00fczeyine yapt\u0131\u011f\u0131 etki y\u00fcksek \u00f6\u011frenim alm\u0131\u015f ebeveynlere sahip olmak kadar b\u00fcy\u00fck.<\/p>\n<p style=\"text-align: justify;\">Kaynak: Okuman\u0131n tarihi, Alberto Manguel, YKY Y.,Ele\u015ftirel okuma, Emin \u00d6zdemir,Bilgi Y., Kitab\u0131n tarihi, Albert Laborre, \u0130leti\u015fim Y.<\/p>\n<p style=\"text-align: justify;\">Not: Yaz\u0131ya katk\u0131s\u0131 i\u00e7in de\u011ferli dostum T\u00fcrk K\u00fct\u00fcphaneciler Derne\u011fi (TKD) Y\u00f6netim Kurulu \u00dcyesi Ertu\u011frul \u00c7imen\u2018e \u015f\u00fckran.\u201d(03.04.2012\/ Ayd\u0131nl\u0131k)<\/p>\n<p style=\"text-align: justify;\">Haber Kayna\u011f\u0131: http:\/\/www.sinemada.com<\/p>\n","protected":false},"excerpt":{"rendered":"<p>Ayd\u0131nl\u0131k gazetesi yazar\u0131 Do\u00e7 Dr. Melih Ba\u015f, k\u00fct\u00fcphanecili\u011fin T\u00fcrkiye\u2019deki durumunu rakamlarla anlatt\u0131. \u201c\u0130\u015fte K\u00fct\u00fcphaneciler yoksul, k\u00fct\u00fcphaneler paras\u0131z ve okursuz!\u201d ba\u015fl\u0131kl\u0131 o yaz\u0131: \u201cGe\u00e7ti\u011fimiz hafta 48. K\u00fct\u00fcphane Haftas\u0131 \u2018K\u00fct\u00fcphaneler sizi de\u011fi\u015ftirir\u2019 savs\u00f6z\u00fc (slogan\u0131) ile kutland\u0131. Bu arada d\u00fcnya ortalamas\u0131na g\u00f6re \u00e7ok d\u00fc\u015f\u00fck d\u00fczeyde kitap okudu\u011fumuzu da an\u0131msayal\u0131m!<\/p>\n","protected":false},"author":1,"featured_media":0,"comment_status":"open","ping_status":"open","sticky":false,"template":"","format":"standard","meta":{"footnotes":""},"categories":[1,1505],"tags":[51,50],"class_list":["post-3690","post","type-post","status-publish","format-standard","hentry","category-genel","category-teknik-kadro","tag-teknik-kadro-kutuphaneci","tag-ths-kutuphaneci"],"_links":{"self":[{"href":"https:\/\/www.bbyhaber.com\/bby\/wp-json\/wp\/v2\/posts\/3690"}],"collection":[{"href":"https:\/\/www.bbyhaber.com\/bby\/wp-json\/wp\/v2\/posts"}],"about":[{"href":"https:\/\/www.bbyhaber.com\/bby\/wp-json\/wp\/v2\/types\/post"}],"author":[{"embeddable":true,"href":"https:\/\/www.bbyhaber.com\/bby\/wp-json\/wp\/v2\/users\/1"}],"replies":[{"embeddable":true,"href":"https:\/\/www.bbyhaber.com\/bby\/wp-json\/wp\/v2\/comments?post=3690"}],"version-history":[{"count":0,"href":"https:\/\/www.bbyhaber.com\/bby\/wp-json\/wp\/v2\/posts\/3690\/revisions"}],"wp:attachment":[{"href":"https:\/\/www.bbyhaber.com\/bby\/wp-json\/wp\/v2\/media?parent=3690"}],"wp:term":[{"taxonomy":"category","embeddable":true,"href":"https:\/\/www.bbyhaber.com\/bby\/wp-json\/wp\/v2\/categories?post=3690"},{"taxonomy":"post_tag","embeddable":true,"href":"https:\/\/www.bbyhaber.com\/bby\/wp-json\/wp\/v2\/tags?post=3690"}],"curies":[{"name":"wp","href":"https:\/\/api.w.org\/{rel}","templated":true}]}}