{"id":3674,"date":"2012-04-05T21:36:57","date_gmt":"2012-04-05T21:36:57","guid":{"rendered":"http:\/\/www.bbyhaber.com\/bby\/?p=3674"},"modified":"2012-04-05T21:38:52","modified_gmt":"2012-04-05T21:38:52","slug":"diyarbakir-il-halk-kutuphanesi-yeni-yuzuyle-hizmet-verecek","status":"publish","type":"post","link":"https:\/\/www.bbyhaber.com\/bby\/2012\/04\/05\/diyarbakir-il-halk-kutuphanesi-yeni-yuzuyle-hizmet-verecek","title":{"rendered":"Diyarbak\u0131r \u0130l Halk K\u00fct\u00fcphanesi Yeni Y\u00fcz\u00fcyle Hizmet Verecek"},"content":{"rendered":"<div style=\"text-align: justify;\">Diyarbak\u0131r \u0130l Halk K\u00fct\u00fcphanesi, yenilenen ve zengin yelpazesiyle kitapseverlere hizmet verecek. \u0130l Halk K\u00fct\u00fcphanesi M\u00fcd\u00fcr\u00fc Arif \u00c7\u00f6kelek, AA muhabirine yapt\u0131\u011f\u0131 a\u00e7\u0131klamada, 1978 y\u0131l\u0131nda hizmete giren k\u00fct\u00fcphanenin, 2010 y\u0131l\u0131na kadar baz\u0131 basit onar\u0131mlar ge\u00e7irdi\u011fini, ge\u00e7en y\u0131l ise K\u00fclt\u00fcr ve Turizm Bakanl\u0131\u011f\u0131nca g\u00f6nderilen \u00f6denekle binan\u0131n t\u00fcm\u00fcyle yenilendi\u011fini s\u00f6yledi. <!--more-->Bodrum ile birlikte 4 katl\u0131 binan\u0131n tamamen elden ge\u00e7irildi\u011fini, binan\u0131n i\u00e7 te\u015frifat\u0131n\u0131n yap\u0131ld\u0131\u011f\u0131n\u0131 ve yeni b\u00f6l\u00fcmler olu\u015fturuldu\u011funu ifade eden \u00c7\u00f6kelek, engelliler i\u00e7in k\u00fct\u00fcphanenin alt kat\u0131nda &#8220;Engelsiz K\u00fct\u00fcphane&#8221; olu\u015fturduklar\u0131n\u0131 belirtti.<\/div>\n<div style=\"text-align: justify;\">\u00c7\u00f6kelek, \u00e7ocuklara y\u00f6nelik ise giri\u015f k\u0131sm\u0131na &#8220;Okul \u00d6ncesi ve Oyuncak K\u00fct\u00fcphanesi&#8221; yap\u0131ld\u0131\u011f\u0131n\u0131 ifade ederek, \u015f\u00f6yle konu\u015ftu: &#8220;Bodrum kat\u0131nda 2 sanat at\u00f6lyesi ile bir sosyal aktivite salonu yap\u0131ld\u0131. Konferans salonumuz yenilendi. Depo sisteminden, a\u00e7\u0131k raf sistemine ge\u00e7ildi. Gen\u00e7lik ve yeti\u015fkin salonu olarak kitaplar d\u00fczenlendi. 4 adet film izleme kabini, 18 internet eri\u015fimli teknoloji salonu olu\u015fturuldu. Yakla\u015f\u0131k 50 bin kapasiteli k\u00fct\u00fcphanemiz zengin hizmet \u00e7e\u015fitlili\u011fiyle kitapseverlere hizmet vermeye devam edecek.&#8221; \u00c7\u00f6kelek, 11 Nisan&#8217;da k\u00fct\u00fcphanenin yeni b\u00f6l\u00fcmlerinin d\u00fczenlenecek t\u00f6renle a\u00e7\u0131laca\u011f\u0131n\u0131 bildirdi.<\/div>\n<div style=\"text-align: justify;\">Kaynak: http:\/\/www.diyarmedya.com<\/div>\n","protected":false},"excerpt":{"rendered":"<p>Diyarbak\u0131r \u0130l Halk K\u00fct\u00fcphanesi, yenilenen ve zengin yelpazesiyle kitapseverlere hizmet verecek. \u0130l Halk K\u00fct\u00fcphanesi M\u00fcd\u00fcr\u00fc Arif \u00c7\u00f6kelek, AA muhabirine yapt\u0131\u011f\u0131 a\u00e7\u0131klamada, 1978 y\u0131l\u0131nda hizmete giren k\u00fct\u00fcphanenin, 2010 y\u0131l\u0131na kadar baz\u0131 basit onar\u0131mlar ge\u00e7irdi\u011fini, ge\u00e7en y\u0131l ise K\u00fclt\u00fcr ve Turizm Bakanl\u0131\u011f\u0131nca g\u00f6nderilen \u00f6denekle binan\u0131n t\u00fcm\u00fcyle yenilendi\u011fini s\u00f6yledi.<\/p>\n","protected":false},"author":1,"featured_media":0,"comment_status":"open","ping_status":"open","sticky":false,"template":"","format":"standard","meta":{"footnotes":""},"categories":[1],"tags":[848],"class_list":["post-3674","post","type-post","status-publish","format-standard","hentry","category-genel","tag-halk-kutuphaneleri"],"_links":{"self":[{"href":"https:\/\/www.bbyhaber.com\/bby\/wp-json\/wp\/v2\/posts\/3674"}],"collection":[{"href":"https:\/\/www.bbyhaber.com\/bby\/wp-json\/wp\/v2\/posts"}],"about":[{"href":"https:\/\/www.bbyhaber.com\/bby\/wp-json\/wp\/v2\/types\/post"}],"author":[{"embeddable":true,"href":"https:\/\/www.bbyhaber.com\/bby\/wp-json\/wp\/v2\/users\/1"}],"replies":[{"embeddable":true,"href":"https:\/\/www.bbyhaber.com\/bby\/wp-json\/wp\/v2\/comments?post=3674"}],"version-history":[{"count":0,"href":"https:\/\/www.bbyhaber.com\/bby\/wp-json\/wp\/v2\/posts\/3674\/revisions"}],"wp:attachment":[{"href":"https:\/\/www.bbyhaber.com\/bby\/wp-json\/wp\/v2\/media?parent=3674"}],"wp:term":[{"taxonomy":"category","embeddable":true,"href":"https:\/\/www.bbyhaber.com\/bby\/wp-json\/wp\/v2\/categories?post=3674"},{"taxonomy":"post_tag","embeddable":true,"href":"https:\/\/www.bbyhaber.com\/bby\/wp-json\/wp\/v2\/tags?post=3674"}],"curies":[{"name":"wp","href":"https:\/\/api.w.org\/{rel}","templated":true}]}}