{"id":3648,"date":"2012-04-05T05:49:27","date_gmt":"2012-04-05T05:49:27","guid":{"rendered":"http:\/\/www.bbyhaber.com\/bby\/?p=3648"},"modified":"2012-04-05T05:49:39","modified_gmt":"2012-04-05T05:49:39","slug":"sungurlu-devlet-hastanesinde-kutuphane-acildi-corum","status":"publish","type":"post","link":"https:\/\/www.bbyhaber.com\/bby\/2012\/04\/05\/sungurlu-devlet-hastanesinde-kutuphane-acildi-corum","title":{"rendered":"Sungurlu Devlet Hastanesi&#8217;nde K\u00fct\u00fcphane A\u00e7\u0131ld\u0131-\u00c7orum"},"content":{"rendered":"<p style=\"text-align: justify;\">\u00c7orum&#8217;un Sungurlu il\u00e7esi Devlet Hastanesi \u00e7al\u0131\u015fanlar\u0131n\u0131n bo\u015f zamanlar\u0131n\u0131 de\u011ferlendirmek, belirli bir s\u00fcre yatarak tedavi g\u00f6ren hastalar\u0131 hastane ortam\u0131n\u0131n sebep oldu\u011fu gerginliklerden uzakla\u015ft\u0131rmak ve okuma al\u0131\u015fkanl\u0131\u011f\u0131n\u0131 yayg\u0131nla\u015ft\u0131rmaya katk\u0131 sa\u011flamak amac\u0131yla olu\u015fturulan k\u00fct\u00fcphane a\u00e7\u0131ld\u0131.<!--more--><\/p>\n<p style=\"text-align: justify;\">Daha \u00f6nce birinci katta k\u00fc\u00e7\u00fck bir mekanda bulunan k\u00fct\u00fcphane, zemin katta bulunan Atat\u00fcrk k\u00f6\u015fesinin yan\u0131nda geni\u015f bir mekanda Ba\u015fhekim Dr. Metin Karan ve Hastane uzman hekimleri taraf\u0131ndan hizmete a\u00e7\u0131ld\u0131.<\/p>\n<p style=\"text-align: justify;\">Hastane \u00e7al\u0131\u015fanlar\u0131 ve hastalar\u0131n kitap okumas\u0131 i\u00e7in a\u00e7\u0131lan k\u00fct\u00fcphaneye destek verenlere te\u015fekk\u00fcr eden Ba\u015fhekim Dr. Metin Karan, kitap deste\u011fi vermek isteyenlerin hastane idaresiyle ileti\u015fime ge\u00e7ebilece\u011fini belirtti.<\/p>\n<p style=\"text-align: justify;\">Kaynak: http:\/\/www.sungurludevlethastanesi.gov.tr<\/p>\n","protected":false},"excerpt":{"rendered":"<p>\u00c7orum&#8217;un Sungurlu il\u00e7esi Devlet Hastanesi \u00e7al\u0131\u015fanlar\u0131n\u0131n bo\u015f zamanlar\u0131n\u0131 de\u011ferlendirmek, belirli bir s\u00fcre yatarak tedavi g\u00f6ren hastalar\u0131 hastane ortam\u0131n\u0131n sebep oldu\u011fu gerginliklerden uzakla\u015ft\u0131rmak ve okuma al\u0131\u015fkanl\u0131\u011f\u0131n\u0131 yayg\u0131nla\u015ft\u0131rmaya katk\u0131 sa\u011flamak amac\u0131yla olu\u015fturulan k\u00fct\u00fcphane a\u00e7\u0131ld\u0131.<\/p>\n","protected":false},"author":1,"featured_media":0,"comment_status":"open","ping_status":"open","sticky":false,"template":"","format":"standard","meta":{"footnotes":""},"categories":[1],"tags":[],"class_list":["post-3648","post","type-post","status-publish","format-standard","hentry","category-genel"],"_links":{"self":[{"href":"https:\/\/www.bbyhaber.com\/bby\/wp-json\/wp\/v2\/posts\/3648"}],"collection":[{"href":"https:\/\/www.bbyhaber.com\/bby\/wp-json\/wp\/v2\/posts"}],"about":[{"href":"https:\/\/www.bbyhaber.com\/bby\/wp-json\/wp\/v2\/types\/post"}],"author":[{"embeddable":true,"href":"https:\/\/www.bbyhaber.com\/bby\/wp-json\/wp\/v2\/users\/1"}],"replies":[{"embeddable":true,"href":"https:\/\/www.bbyhaber.com\/bby\/wp-json\/wp\/v2\/comments?post=3648"}],"version-history":[{"count":0,"href":"https:\/\/www.bbyhaber.com\/bby\/wp-json\/wp\/v2\/posts\/3648\/revisions"}],"wp:attachment":[{"href":"https:\/\/www.bbyhaber.com\/bby\/wp-json\/wp\/v2\/media?parent=3648"}],"wp:term":[{"taxonomy":"category","embeddable":true,"href":"https:\/\/www.bbyhaber.com\/bby\/wp-json\/wp\/v2\/categories?post=3648"},{"taxonomy":"post_tag","embeddable":true,"href":"https:\/\/www.bbyhaber.com\/bby\/wp-json\/wp\/v2\/tags?post=3648"}],"curies":[{"name":"wp","href":"https:\/\/api.w.org\/{rel}","templated":true}]}}