{"id":3625,"date":"2012-04-04T12:58:08","date_gmt":"2012-04-04T12:58:08","guid":{"rendered":"http:\/\/www.bbyhaber.com\/bby\/?p=3625"},"modified":"2012-09-07T17:50:09","modified_gmt":"2012-09-07T14:50:09","slug":"genclerden-kutuphane-seferberligi-konya","status":"publish","type":"post","link":"https:\/\/www.bbyhaber.com\/bby\/2012\/04\/04\/genclerden-kutuphane-seferberligi-konya","title":{"rendered":"Gen\u00e7lerden k\u00fct\u00fcphane seferberli\u011fi-Konya"},"content":{"rendered":"<p style=\"text-align: justify;\">Sel\u00e7uk \u00dcniversitesi Mesleki E\u011fitim Fak\u00fcltesi Okul \u00d6ncesi B\u00f6l\u00fcm\u00fc \u00f6\u011frencilerinden Mehmet \u0130l\u00e7in, \u015eeyma Karak\u0131\u015f, \u0130brahim \u00c7oklu ve P\u0131nar Demir, \u201cOkulumuz Kitaps\u0131z Kalmas\u0131n\u201d projesi kapsam\u0131nda Tepekent \u0130lk\u00f6\u011fretim Okulu\u2019na k\u00fct\u00fcphane kurmak i\u00e7in kollar\u0131 s\u0131vad\u0131lar.\u00a0 \u00d6\u011frenciler ad\u0131na a\u00e7\u0131klama yapan Mehmet \u0130l\u00e7in, kampanyaya destek beklediklerini kaydetti.<!--more--><\/p>\n<p style=\"text-align: justify;\">\u0130\u00e7lin, \u201c\u0130lk\u00f6\u011fretim seviyesinde roman, \u015fiir, hikaye,\u00a0 masal ve kaynak kitap vb. kitap ba\u011f\u0131\u015flar\u0131n\u0131z\u0131 bekliyoruz. 25 May\u0131s\u2019ta sonland\u0131raca\u011f\u0131m\u0131z projemize okuyan, kendini geli\u015ftiren ve \u00fclkemizin gelece\u011fine katk\u0131da bulunabilecek nesiller yeti\u015ftirmek i\u00e7in yard\u0131m edelim\u201d \u00e7a\u011fr\u0131s\u0131nda bulundu. Projeye kitap ba\u011f\u0131\u015f\u0131nda bulunmak isteyenlerin TYB Konya \u015eubesi\u2019ne kitaplar\u0131 b\u0131rakmalar\u0131 istendi<\/p>\n<p style=\"text-align: justify;\">Kaynak: http:\/\/www.memleket.com.tr<\/p>\n","protected":false},"excerpt":{"rendered":"<p>Sel\u00e7uk \u00dcniversitesi Mesleki E\u011fitim Fak\u00fcltesi Okul \u00d6ncesi B\u00f6l\u00fcm\u00fc \u00f6\u011frencilerinden Mehmet \u0130l\u00e7in, \u015eeyma Karak\u0131\u015f, \u0130brahim \u00c7oklu ve P\u0131nar Demir, \u201cOkulumuz Kitaps\u0131z Kalmas\u0131n\u201d projesi kapsam\u0131nda Tepekent \u0130lk\u00f6\u011fretim Okulu\u2019na k\u00fct\u00fcphane kurmak i\u00e7in kollar\u0131 s\u0131vad\u0131lar.\u00a0 \u00d6\u011frenciler ad\u0131na a\u00e7\u0131klama yapan Mehmet \u0130l\u00e7in, kampanyaya destek beklediklerini kaydetti.<\/p>\n","protected":false},"author":1,"featured_media":0,"comment_status":"open","ping_status":"open","sticky":false,"template":"","format":"standard","meta":{"footnotes":""},"categories":[],"tags":[845],"class_list":["post-3625","post","type-post","status-publish","format-standard","hentry","tag-okul-kutuphaneleri"],"_links":{"self":[{"href":"https:\/\/www.bbyhaber.com\/bby\/wp-json\/wp\/v2\/posts\/3625"}],"collection":[{"href":"https:\/\/www.bbyhaber.com\/bby\/wp-json\/wp\/v2\/posts"}],"about":[{"href":"https:\/\/www.bbyhaber.com\/bby\/wp-json\/wp\/v2\/types\/post"}],"author":[{"embeddable":true,"href":"https:\/\/www.bbyhaber.com\/bby\/wp-json\/wp\/v2\/users\/1"}],"replies":[{"embeddable":true,"href":"https:\/\/www.bbyhaber.com\/bby\/wp-json\/wp\/v2\/comments?post=3625"}],"version-history":[{"count":0,"href":"https:\/\/www.bbyhaber.com\/bby\/wp-json\/wp\/v2\/posts\/3625\/revisions"}],"wp:attachment":[{"href":"https:\/\/www.bbyhaber.com\/bby\/wp-json\/wp\/v2\/media?parent=3625"}],"wp:term":[{"taxonomy":"category","embeddable":true,"href":"https:\/\/www.bbyhaber.com\/bby\/wp-json\/wp\/v2\/categories?post=3625"},{"taxonomy":"post_tag","embeddable":true,"href":"https:\/\/www.bbyhaber.com\/bby\/wp-json\/wp\/v2\/tags?post=3625"}],"curies":[{"name":"wp","href":"https:\/\/api.w.org\/{rel}","templated":true}]}}