{"id":3574,"date":"2012-04-02T15:35:07","date_gmt":"2012-04-02T15:35:07","guid":{"rendered":"http:\/\/www.bbyhaber.com\/bby\/?p=3574"},"modified":"2012-04-02T15:35:14","modified_gmt":"2012-04-02T15:35:14","slug":"kizilay-cekmekoye-kutuphane-kazandirdi","status":"publish","type":"post","link":"https:\/\/www.bbyhaber.com\/bby\/2012\/04\/02\/kizilay-cekmekoye-kutuphane-kazandirdi","title":{"rendered":"K\u0131z\u0131lay, \u00c7ekmek\u00f6y&#8217;e K\u00fct\u00fcphane Kazand\u0131rd\u0131"},"content":{"rendered":"<p style=\"text-align: justify;\">Genellikle do\u011fal afetlerden sonra afetlerin verdi\u011fi tahribat\u0131 azaltmak ile g\u00fcndeme gelen K\u0131z\u0131lay, farkl\u0131l\u0131k yaratarak bu kez k\u00fct\u00fcphane a\u00e7t\u0131. Yurt d\u0131\u015f\u0131nda Somali, Pakistan ba\u015fta olmak \u00fczere yurt i\u00e7inde yak\u0131n zamanda Van depremi sonras\u0131nda her t\u00fcrl\u00fc yard\u0131m\u0131 yapan K\u0131z\u0131lay, bu kez h\u00fcz\u00fcn yerine y\u00fczlerde mutluluk tebess\u00fcmleri yaratan k\u00fct\u00fcphane a\u00e7\u0131l\u0131\u015f\u0131 yaparak de\u011fi\u015fik bir uygulama ger\u00e7ekle\u015ftirdi.<!--more--><\/p>\n<p style=\"text-align: justify;\">T\u00fcrk K\u0131z\u0131lay\u0131 \u00c7ekmek\u00f6y \u015eubesi ve T\u00fcrk K\u0131z\u0131lay\u0131 Gen\u00e7lik Hizmetleri M\u00fcd\u00fcrl\u00fc\u011f\u00fc i\u015f birli\u011fi ile\u00a0\u00c7ekmek\u00f6y`de bulunan Ni\u015fantepe \u0130lk\u00f6\u011fretim Okulu\u2019nda a\u00e7\u0131lan k\u00fct\u00fcphane \u00f6\u011frencilerin hizmetine sunuldu.A\u00e7\u0131l\u0131\u015fta bir konu\u015fma yapan \u00c7ekmek\u00f6y Kaymakam\u0131 Mehmet Arslan, yeniden yap\u0131lanma ile \u00f6rnek olan K\u0131z\u0131lay\u0131n bug\u00fcn geldi\u011fi noktada hem afet b\u00f6lgelerinde hem de iyi g\u00fcnlerde vatanda\u015f\u0131n yan\u0131nda olmas\u0131n\u0131n memnuniyet verici oldu\u011funu s\u00f6yledi. Arslan, a\u00e7\u0131lan k\u00fct\u00fcphanenin yar\u0131nlar\u0131m\u0131z i\u00e7in hay\u0131rl\u0131 olmas\u0131n\u0131 dileyerek eme\u011fi ge\u00e7enlere te\u015fekk\u00fcr etti. Konu\u015fmalar\u0131n ard\u0131ndan \u00c7ekmek\u00f6y Kaymakam\u0131 Mehmet Arslan ve Belediye Ba\u015fkan\u0131 Ahmet Poyraz\u2019a, K\u0131z\u0131lay\u2019\u0131n g\u00f6n\u00fcll\u00fc yelekleri hediye edilerek, k\u00fct\u00fcphanenin yap\u0131m\u0131na katk\u0131s\u0131 bulunanlara te\u015fekk\u00fcr plaketleri takdim edildi.<\/p>\n<p style=\"text-align: justify;\">Kaynak: http:\/\/www.istanbulajansi.com<\/p>\n","protected":false},"excerpt":{"rendered":"<p>Genellikle do\u011fal afetlerden sonra afetlerin verdi\u011fi tahribat\u0131 azaltmak ile g\u00fcndeme gelen K\u0131z\u0131lay, farkl\u0131l\u0131k yaratarak bu kez k\u00fct\u00fcphane a\u00e7t\u0131. Yurt d\u0131\u015f\u0131nda Somali, Pakistan ba\u015fta olmak \u00fczere yurt i\u00e7inde yak\u0131n zamanda Van depremi sonras\u0131nda her t\u00fcrl\u00fc yard\u0131m\u0131 yapan K\u0131z\u0131lay, bu kez h\u00fcz\u00fcn yerine y\u00fczlerde mutluluk tebess\u00fcmleri yaratan k\u00fct\u00fcphane a\u00e7\u0131l\u0131\u015f\u0131 yaparak de\u011fi\u015fik bir uygulama ger\u00e7ekle\u015ftirdi.<\/p>\n","protected":false},"author":1,"featured_media":0,"comment_status":"open","ping_status":"open","sticky":false,"template":"","format":"standard","meta":{"footnotes":""},"categories":[1],"tags":[],"class_list":["post-3574","post","type-post","status-publish","format-standard","hentry","category-genel"],"_links":{"self":[{"href":"https:\/\/www.bbyhaber.com\/bby\/wp-json\/wp\/v2\/posts\/3574"}],"collection":[{"href":"https:\/\/www.bbyhaber.com\/bby\/wp-json\/wp\/v2\/posts"}],"about":[{"href":"https:\/\/www.bbyhaber.com\/bby\/wp-json\/wp\/v2\/types\/post"}],"author":[{"embeddable":true,"href":"https:\/\/www.bbyhaber.com\/bby\/wp-json\/wp\/v2\/users\/1"}],"replies":[{"embeddable":true,"href":"https:\/\/www.bbyhaber.com\/bby\/wp-json\/wp\/v2\/comments?post=3574"}],"version-history":[{"count":0,"href":"https:\/\/www.bbyhaber.com\/bby\/wp-json\/wp\/v2\/posts\/3574\/revisions"}],"wp:attachment":[{"href":"https:\/\/www.bbyhaber.com\/bby\/wp-json\/wp\/v2\/media?parent=3574"}],"wp:term":[{"taxonomy":"category","embeddable":true,"href":"https:\/\/www.bbyhaber.com\/bby\/wp-json\/wp\/v2\/categories?post=3574"},{"taxonomy":"post_tag","embeddable":true,"href":"https:\/\/www.bbyhaber.com\/bby\/wp-json\/wp\/v2\/tags?post=3574"}],"curies":[{"name":"wp","href":"https:\/\/api.w.org\/{rel}","templated":true}]}}