{"id":3546,"date":"2012-04-01T14:06:12","date_gmt":"2012-04-01T14:06:12","guid":{"rendered":"http:\/\/www.bbyhaber.com\/bby\/?p=3546"},"modified":"2012-04-01T14:08:09","modified_gmt":"2012-04-01T14:08:09","slug":"turkiyenin-ilk-siir-kutuphanesi-niluferde-acildi-bursa","status":"publish","type":"post","link":"https:\/\/www.bbyhaber.com\/bby\/2012\/04\/01\/turkiyenin-ilk-siir-kutuphanesi-niluferde-acildi-bursa","title":{"rendered":"T\u00fcrkiye&#8217;nin ilk \u015fiir k\u00fct\u00fcphanesi Nil\u00fcfer&#8217;de a\u00e7\u0131ld\u0131-Bursa"},"content":{"rendered":"<p style=\"text-align: justify;\">48. K\u00fct\u00fcphane Haftas\u0131&#8217;nda kente 2 yeni k\u00fct\u00fcphane kazand\u0131ran Nil\u00fcfer Belediyesi, \u00dc\u00e7evler K\u00fct\u00fcphanesi&#8217;nden sonra Nil\u00fcfer \u015eiir K\u00fct\u00fcphanesi&#8217;ni de hizmete a\u00e7t\u0131. Naz\u0131m Hikmet K\u00fclt\u00fcrevi b\u00fcnyesinde d\u00fczenlenen \u015eiir K\u00fct\u00fcphanesi \u00e7ok say\u0131da \u015fairin kendi \u015fiirlerini seslendirdi\u011fi keyifli bir programla hizmete girdi.<!--more--><\/p>\n<p style=\"text-align: justify;\">Nil\u00fcfer Akk\u0131l\u0131\u00e7 K\u00fct\u00fcphanesi, Nil\u00fcfer \u00c7ocuk K\u00fct\u00fcphanesi ve Nil\u00fcfer \u00dc\u00e7evler K\u00fct\u00fcphanesi&#8217;nden sonra b\u00f6lgenin d\u00f6rd\u00fcnc\u00fc k\u00fct\u00fcphanesi olan Nil\u00fcfer \u015eiir K\u00fct\u00fcphanesi&#8217;nin T\u00fcrk\u00e7enin bu alandaki belle\u011fi olaca\u011f\u0131n\u0131 belirten Nil\u00fcfer Belediye Ba\u015fkan\u0131 Mustafa Bozbey, T\u00fcrkiye&#8217;de e\u015fi benzeri bulunmayan k\u00fct\u00fcphanede, T\u00fcrk\u00e7edeki \u015fiire dair her t\u00fcr bilgi, belge ve malzemenin yer almas\u0131n\u0131 hedeflediklerini s\u00f6yledi.<\/p>\n<p style=\"text-align: justify;\">Naz\u0131m Hikmet&#8217;in ad\u0131n\u0131 ta\u015f\u0131yan bir k\u00fclt\u00fcr mekan\u0131na en \u00e7ok yak\u0131\u015fan \u015feyin \u015fiir olaca\u011f\u0131n\u0131 kaydeden Ba\u015fkan Bozbey, &#8220;Biz i\u015fte bu d\u00fc\u015f\u00fcnceyle T\u00fcrkiye&#8217;nin ilk \u015fiir k\u00fct\u00fcphanesini bu mekanda hizmete a\u00e7\u0131yoruz. Gerek yay\u0131nevlerince bas\u0131l\u0131p da\u011f\u0131t\u0131lm\u0131\u015f, gerekse \u015fairlerin kendi \u00e7abalar\u0131yla yay\u0131mlanm\u0131\u015f \u015fiir kitaplar\u0131n\u0131n t\u00fcm\u00fcn\u00fc toplayacak olan k\u00fct\u00fcphanemiz, bu konuda ilgili \u00f6rg\u00fctlerin yan\u0131 s\u0131ra \u015fairlerin kendilerinden de destek al\u0131yor&#8221; dedi.<\/p>\n<p style=\"text-align: justify;\">A\u00e7\u0131l\u0131\u015fa kat\u0131lan \u015fair Cevat \u00e7apan ise T\u00fcrkiye&#8217;de ilk kez bir \u015fiir k\u00fct\u00fcphanesi a\u00e7\u0131lmas\u0131ndan mutluluk duydu\u011funu ifade ederek, &#8220;Bu sadece \u015fairleri de\u011fil herkesi \u00e7ok sevindirecek bir \u015fey. \u015eiir baz\u0131 bak\u0131mlardan \u015fairlerin kendi aralar\u0131nda dayan\u0131\u015fmalar\u0131na ra\u011fmen biraz \u00fcvey evlat muamelesi g\u00f6ren bir edebiyat t\u00fcr\u00fc. Ama b\u00f6yle bir kitapl\u0131k eksiklikleri k\u0131sa zamanda giderecektir. \u00d6zellikle \u015fairlerin bu t\u00fcr kitapl\u0131klara yapacaklar\u0131 ba\u011f\u0131\u015flarla bu mekan zenginle\u015fecek ve kitaplar da k\u0131sa zamanda okunmaktan par\u00e7alanacakt\u0131r&#8221; dedi.<\/p>\n<p style=\"text-align: justify;\">A\u00e7\u0131l\u0131\u015fa kat\u0131lan K\u00fct\u00fcphaneler Genel M\u00fcd\u00fcr Yard\u0131mc\u0131s\u0131 Semra At\u0131n\u00e7 da, yerel y\u00f6netimlerin k\u00fclt\u00fcr alan\u0131ndaki yat\u0131r\u0131mlar\u0131n\u0131n \u00f6nemine vurgu yaparak, &#8220;Bug\u00fcn d\u00f6rd\u00fcnc\u00fc k\u00fct\u00fcphanesini a\u00e7an Nil\u00fcfer Belediyesi \u00e7ok g\u00fczel bir k\u00fclt\u00fcr yat\u0131r\u0131m\u0131 yap\u0131yor. Bursal\u0131lar\u0131 bu konuda \u00e7ok \u015fansl\u0131 g\u00f6r\u00fcyorum ve Nil\u00fcfer Belediye Ba\u015fkan\u0131 Mustafa Bozbey&#8217;i kutluyorum. B\u00fcy\u00fcl\u00fc s\u00f6zler olarak nitelendirilen \u015fiir i\u00e7in bir k\u00fct\u00fcphanenin a\u00e7\u0131lmas\u0131n\u0131 \u00fcstelik de \u015fairler kenti Bursa&#8217;da ve K\u00fct\u00fcphane Haftas\u0131&#8217;nda a\u00e7\u0131lmas\u0131n\u0131 \u00e7ok anlaml\u0131 buluyorum ve bu k\u00fct\u00fcphanenin \u00e7ok kullan\u0131lmas\u0131n\u0131, hatta Say\u0131n \u00c7apan&#8217;\u0131n da dedi\u011fi gibi kitaplar\u0131n\u0131n okunmaktan par\u00e7alanmas\u0131n\u0131 diliyorum&#8221; dedi.<\/p>\n<p style=\"text-align: justify;\">\u015eiir K\u00fct\u00fcphanesine yakla\u015f\u0131k 1100 kitap ba\u011f\u0131\u015f\u0131nda bulunan Bursal\u0131 \u015fair \u0130hsan \u00dcren&#8217;e bir te\u015fekk\u00fcr plaketinin verildi\u011fi gecede, konuk \u015fairler; Cevat \u00c7apan, Sennur Sezer, Pelin Onay, Sina Akyol, Gonca \u00d6zmen, G\u00fclseli \u0130nal, Nuri Demirci, \u00c7i\u011fdem Sezer, Arife Kalender, Mahmut Temizy\u00fcrek, Bet\u00fcl Yaz\u0131c\u0131, Oguzhan Akay, Aydan Yalcin, Mustafa K\u00f6z, Pelin \u00d6zer, Hilmi Ha\u015fal, Tugrul Keskin ve G\u00fcltekin Emre kendi \u015fiirlerini seslendirdiler.Gecenin finalinde Naz\u0131m Hikmet&#8217;in kendi sesinden salonda yank\u0131lanan \u015fiiri ise konuklara duygusal anlar ya\u015fatt\u0131.<\/p>\n<p style=\"text-align: justify;\">600 metrekarelik alanda olu\u015fturulan K\u00fct\u00fcphanenin koleksiyonunu; T\u00fcrk\u00e7ede yay\u0131mlanm\u0131\u015f \u015fiir ve \u00e7eviri \u015fiir kitaplar\u0131, \u015fiir antolojileri, \u015fiir inceleme ve ara\u015ft\u0131rma kitaplar\u0131, \u015fiir ya da \u015fair hakk\u0131nda haz\u0131rlanm\u0131\u015f tezler, \u015fiir ve edebiyat dergileri, \u015fair mektuplar\u0131, \u015fair el yaz\u0131lar\u0131, ses ve video kay\u0131tlar\u0131 ile \u00e7e\u015fitli afi\u015fler, foto\u011fraflar ve bro\u015f\u00fcrler olu\u015fturuyor. \u015eiir kitaplar\u0131n\u0131n \u00f6d\u00fcn\u00e7 al\u0131n\u0131p verilebilece\u011fi, ara\u015ft\u0131rmalara kaynakl\u0131k edebilecek eserlerin ise say\u0131salla\u015ft\u0131r\u0131l\u0131p \u00e7evrimi\u00e7i olarak da payla\u015f\u0131ma sunulaca\u011f\u0131 K\u00fct\u00fcphane, T\u00fcrkiye&#8217;nin \u015fiir ve \u015fair belle\u011fi olmak gibi \u00e7ok \u00f6zel bir amaca sahip. \u00c7e\u015fitli etkinliklere ev sahipli\u011fi yapacak olan &#8220;\u015eiir K\u00fct\u00fcphanesi&#8221;nde okumalar, s\u00f6yle\u015filer, at\u00f6lyeler ve \u015fiir konulu sempozyumlarla paneller d\u00fczenlenecek. \u015eiir K\u00fct\u00fcphanesi&#8217;nde internete eri\u015fim olana\u011f\u0131, \u015fiir sergileri ve \u00e7ocuk b\u00f6l\u00fcmleri de bulunuyor.<\/p>\n<p style=\"text-align: justify;\">Kaynak: http:\/\/www.bursadabugun.com\/<\/p>\n","protected":false},"excerpt":{"rendered":"<p>48. K\u00fct\u00fcphane Haftas\u0131&#8217;nda kente 2 yeni k\u00fct\u00fcphane kazand\u0131ran Nil\u00fcfer Belediyesi, \u00dc\u00e7evler K\u00fct\u00fcphanesi&#8217;nden sonra Nil\u00fcfer \u015eiir K\u00fct\u00fcphanesi&#8217;ni de hizmete a\u00e7t\u0131. Naz\u0131m Hikmet K\u00fclt\u00fcrevi b\u00fcnyesinde d\u00fczenlenen \u015eiir K\u00fct\u00fcphanesi \u00e7ok say\u0131da \u015fairin kendi \u015fiirlerini seslendirdi\u011fi keyifli bir programla hizmete girdi.<\/p>\n","protected":false},"author":1,"featured_media":0,"comment_status":"open","ping_status":"open","sticky":false,"template":"","format":"standard","meta":{"footnotes":""},"categories":[1],"tags":[285],"class_list":["post-3546","post","type-post","status-publish","format-standard","hentry","category-genel","tag-siir-kutuphanesi"],"_links":{"self":[{"href":"https:\/\/www.bbyhaber.com\/bby\/wp-json\/wp\/v2\/posts\/3546"}],"collection":[{"href":"https:\/\/www.bbyhaber.com\/bby\/wp-json\/wp\/v2\/posts"}],"about":[{"href":"https:\/\/www.bbyhaber.com\/bby\/wp-json\/wp\/v2\/types\/post"}],"author":[{"embeddable":true,"href":"https:\/\/www.bbyhaber.com\/bby\/wp-json\/wp\/v2\/users\/1"}],"replies":[{"embeddable":true,"href":"https:\/\/www.bbyhaber.com\/bby\/wp-json\/wp\/v2\/comments?post=3546"}],"version-history":[{"count":0,"href":"https:\/\/www.bbyhaber.com\/bby\/wp-json\/wp\/v2\/posts\/3546\/revisions"}],"wp:attachment":[{"href":"https:\/\/www.bbyhaber.com\/bby\/wp-json\/wp\/v2\/media?parent=3546"}],"wp:term":[{"taxonomy":"category","embeddable":true,"href":"https:\/\/www.bbyhaber.com\/bby\/wp-json\/wp\/v2\/categories?post=3546"},{"taxonomy":"post_tag","embeddable":true,"href":"https:\/\/www.bbyhaber.com\/bby\/wp-json\/wp\/v2\/tags?post=3546"}],"curies":[{"name":"wp","href":"https:\/\/api.w.org\/{rel}","templated":true}]}}