{"id":3505,"date":"2012-03-30T16:40:26","date_gmt":"2012-03-30T16:40:26","guid":{"rendered":"http:\/\/www.bbyhaber.com\/bby\/?p=3505"},"modified":"2013-03-11T09:56:57","modified_gmt":"2013-03-11T07:56:57","slug":"9-bin-eserli-dijital-kutuphane-istanbul-tuzla","status":"publish","type":"post","link":"https:\/\/www.bbyhaber.com\/bby\/2012\/03\/30\/9-bin-eserli-dijital-kutuphane-istanbul-tuzla","title":{"rendered":"9 bin eserli dijital k\u00fct\u00fcphane-\u0130stanbul-Tuzla"},"content":{"rendered":"<p style=\"text-align: justify;\">Tuzla Belediyesi taraf\u0131ndan Semiha Kibar Sosyal Tesisleri b\u00fcnyesinde hizmete al\u0131nan &#8216;Dijital K\u00fct\u00fcphane&#8217;nin a\u00e7\u0131l\u0131\u015f\u0131 d\u00fczenlenen t\u00f6renle yap\u0131ld\u0131. T\u00f6rene Ula\u015ft\u0131rma, Denizcilik ve Haberle\u015fme Bakan\u0131 Binali Y\u0131ld\u0131r\u0131m, Tuzla Kaymakam\u0131 M\u00fcmin Heybet, Tuzla Belediye Ba\u015fkan\u0131 \u015eadi Yaz\u0131c\u0131 ve di\u011fer yetkililer kat\u0131ld\u0131.<!--more--><\/p>\n<p style=\"text-align: justify;\">T\u00f6renin ard\u0131ndan k\u00fct\u00fcphaneyi gezen ve incelemede bulunan Bakan Binali Y\u0131ld\u0131r\u0131m bas\u0131n mensuplar\u0131na a\u00e7\u0131klamada bulundu. Yap\u0131lan yat\u0131r\u0131m\u0131n insanlar\u0131n hayat\u0131n\u0131 kolayla\u015ft\u0131rmaya y\u00f6nelik oldu\u011funu belirten Bakan Y\u0131ld\u0131r\u0131m, &#8220;\u0130leti\u015fim alan\u0131nda T\u00fcrkiye&#8217;nin nereden nereye geldi\u011fini g\u00f6steren \u00e7ok \u00f6nemli bir proje. Ben Ba\u015fta Tuzla Belediye Ba\u015fkan\u0131m\u0131z olmak \u00fczere eme\u011fi ge\u00e7en herkese te\u015fekk\u00fcr ediyorum.&#8221; dedi.<\/p>\n<p style=\"text-align: justify;\">Digital k\u00fct\u00fcphanenin okuma al\u0131\u015fkanl\u0131\u011f\u0131n\u0131 da art\u0131raca\u011f\u0131n\u0131 s\u00f6yleyen Bakan Y\u0131ld\u0131r\u0131m \u015f\u00f6yle konu\u015ftu: &#8220;\u0130stedi\u011finiz \u015fekilde d\u00f6n\u00fcp bak\u0131yorsunuz, b\u00fcy\u00fclt\u00fcyorsunuz, k\u00fc\u00e7\u00fclt\u00fcyorsunuz, not al\u0131p yazd\u0131rman\u0131z gerekti\u011finde yazd\u0131r\u0131yorsunuz. Bir \u00e7ok imkan\u0131 da beraberinde getiriyor. Do\u011frusu \u00e7ok etkilendi. Okuyanlar\u0131n da \u00e7ok ilgili oldu\u011funu g\u00f6rd\u00fcm. Hatta g\u00f6rme engelli olan karde\u015flerimizi de d\u00fc\u015f\u00fcnm\u00fc\u015fler. Onlar i\u00e7inde Braille alfabesi, sesli okuma imkan\u0131 getirmi\u015fler. Bu y\u00fczden de ayr\u0131ca te\u015fekk\u00fcr ediyorum.&#8221; dedi.<\/p>\n<p style=\"text-align: justify;\">Tuzla Belediye Ba\u015fkan\u0131 \u015eadi Yaz\u0131c\u0131 ise, Bakan Binali Y\u0131ld\u0131r\u0131m&#8217;n\u0131 kat\u0131l\u0131m\u0131yla yap\u0131lan a\u00e7\u0131l\u0131\u015fta, 10 bine yak\u0131n kitab\u0131 halka a\u00e7t\u0131klar\u0131n\u0131 s\u00f6yledi.<\/p>\n<p style=\"text-align: justify;\">Burada yapt\u0131klar\u0131 i\u015fin dijital k\u00fct\u00fcphane yapmaktan \u00f6te insanlar\u0131 okumaya te\u015fvik anlam\u0131nda \u00e7ok \u00f6nemli oldu\u011funu belirtti. Yaz\u0131c\u0131, &#8220;Biz te\u015fvik i\u00e7in &#8216;\u00e7ay ve kahve bizden&#8217; diyerek. Okumaya te\u015fvik i\u00e7in elimizden gelen gayreti g\u00f6steriyoruz.&#8221; ifadesini kulland\u0131. 28 kategoride 9 bin kaynak eserin yer ald\u0131\u011f\u0131 dijital k\u00fct\u00fcphanede okuyucular, geli\u015fmi\u015f arama se\u00e7eneklerini kullanarak diledikleri konudaki eserlere kolayca eri\u015febiliyor.<\/p>\n<p style=\"text-align: justify;\">30 adet iPad ile donat\u0131lan dijital k\u00fct\u00fcphaneye gelen Tuzlal\u0131lar, kitaplar\u0131n\u0131 okurken kendilerine ikram edilecek olan \u00e7ay ve kahveleri yudumlayabilecek. Akademisyenler, \u00f6\u011frenciler ve kitap merakl\u0131lar\u0131n\u0131n s\u00fcrekli u\u011frak yeri olmas\u0131 beklenen dijital k\u00fct\u00fcphanede, g\u00f6rme engelliler i\u00e7in sesli k\u00fct\u00fcphane b\u00f6l\u00fcm\u00fc de al\u0131yor. Dijital k\u00fct\u00fcphane, mesai saatleri i\u00e7erisinde t\u00fcm Tuzlal\u0131lara \u00fccretsiz olarak hizmet verecek.<\/p>\n<p style=\"text-align: justify;\">Kaynak: http:\/\/www.zaman.com.tr\/<\/p>\n","protected":false},"excerpt":{"rendered":"<p>Tuzla Belediyesi taraf\u0131ndan Semiha Kibar Sosyal Tesisleri b\u00fcnyesinde hizmete al\u0131nan &#8216;Dijital K\u00fct\u00fcphane&#8217;nin a\u00e7\u0131l\u0131\u015f\u0131 d\u00fczenlenen t\u00f6renle yap\u0131ld\u0131. T\u00f6rene Ula\u015ft\u0131rma, Denizcilik ve Haberle\u015fme Bakan\u0131 Binali Y\u0131ld\u0131r\u0131m, Tuzla Kaymakam\u0131 M\u00fcmin Heybet, Tuzla Belediye Ba\u015fkan\u0131 \u015eadi Yaz\u0131c\u0131 ve di\u011fer yetkililer kat\u0131ld\u0131.<\/p>\n","protected":false},"author":1,"featured_media":0,"comment_status":"open","ping_status":"open","sticky":false,"template":"","format":"standard","meta":{"footnotes":""},"categories":[1],"tags":[],"class_list":["post-3505","post","type-post","status-publish","format-standard","hentry","category-genel"],"_links":{"self":[{"href":"https:\/\/www.bbyhaber.com\/bby\/wp-json\/wp\/v2\/posts\/3505"}],"collection":[{"href":"https:\/\/www.bbyhaber.com\/bby\/wp-json\/wp\/v2\/posts"}],"about":[{"href":"https:\/\/www.bbyhaber.com\/bby\/wp-json\/wp\/v2\/types\/post"}],"author":[{"embeddable":true,"href":"https:\/\/www.bbyhaber.com\/bby\/wp-json\/wp\/v2\/users\/1"}],"replies":[{"embeddable":true,"href":"https:\/\/www.bbyhaber.com\/bby\/wp-json\/wp\/v2\/comments?post=3505"}],"version-history":[{"count":0,"href":"https:\/\/www.bbyhaber.com\/bby\/wp-json\/wp\/v2\/posts\/3505\/revisions"}],"wp:attachment":[{"href":"https:\/\/www.bbyhaber.com\/bby\/wp-json\/wp\/v2\/media?parent=3505"}],"wp:term":[{"taxonomy":"category","embeddable":true,"href":"https:\/\/www.bbyhaber.com\/bby\/wp-json\/wp\/v2\/categories?post=3505"},{"taxonomy":"post_tag","embeddable":true,"href":"https:\/\/www.bbyhaber.com\/bby\/wp-json\/wp\/v2\/tags?post=3505"}],"curies":[{"name":"wp","href":"https:\/\/api.w.org\/{rel}","templated":true}]}}