{"id":3493,"date":"2012-03-30T13:33:08","date_gmt":"2012-03-30T13:33:08","guid":{"rendered":"http:\/\/www.bbyhaber.com\/bby\/?p=3493"},"modified":"2012-10-31T22:44:36","modified_gmt":"2012-10-31T20:44:36","slug":"hu-konferans-panel-dizisi","status":"publish","type":"post","link":"https:\/\/www.bbyhaber.com\/bby\/2012\/03\/30\/hu-konferans-panel-dizisi","title":{"rendered":"Hacettepe \u00dcniversitesi Bilgi ve Belge Y\u00f6netimi B\u00f6l\u00fcm\u00fc 2011-2012 \u00d6\u011fretim Y\u0131l\u0131 Konferans\/Panel Program\u0131-II"},"content":{"rendered":"<p style=\"text-align: justify;\"><a href=\"http:\/\/www.bbyhaber.com\/bby\/wp-content\/uploads\/sempozyum-logolar\/1129.jpg\"><img loading=\"lazy\" decoding=\"async\" class=\"size-full wp-image-1130 alignleft\" title=\"H.\u00dc. BBY- Bilgi Toplulu\u011fu\" src=\"http:\/\/www.bbyhaber.com\/bby\/wp-content\/uploads\/sempozyum-logolar\/1129.jpg\" alt=\"\" width=\"100\" height=\"164\" \/><\/a><a href=\"http:\/\/www.bbyhaber.com\/bby\/wp-content\/uploads\/sempozyum-logolar\/1129-2011-2012.jpg\"><img loading=\"lazy\" decoding=\"async\" class=\"size-full wp-image-1131 alignleft\" title=\"H.\u00dc. BBY- Bilgi Toplulu\u011fu-2011-2012\" src=\"http:\/\/www.bbyhaber.com\/bby\/wp-content\/uploads\/sempozyum-logolar\/1129-2011-2012.jpg\" alt=\"\" width=\"100\" height=\"164\" \/><\/a>Hacettepe \u00dcniversitesi Bilgi ve Belge Y\u00f6netimi B\u00f6l\u00fcm\u00fc ve H.\u00dc. Bilgi Toplulu\u011fu taraf\u0131ndan ge\u00e7ti\u011fimiz \u00f6\u011fretim y\u0131l\u0131nda d\u00fczenlenen Konferans\/Panel Dizisine 2011-2012 \u00d6\u011fretim Y\u0131l\u0131nda da devam ediyor.<!--more--><\/p>\n<table width=\"484\" border=\"1\" align=\"center\">\n<tbody>\n<tr>\n<td width=\"199\"><span class=\"stil1\">Konu<\/span><\/td>\n<td width=\"730\"><span class=\"style1\"><span style=\"color: #000000;\">Public Libraries in Algeria: current situation and future challenges. *Konferans\u0131n dili \u0130ngilizce\u2019dir<\/span><\/span><span class=\"style1\"><span style=\"color: #000000;\">. <\/span><\/span><strong><span class=\"style1\"><br \/>\n<\/span><\/strong><\/td>\n<\/tr>\n<tr>\n<td><span class=\"stil1\">Konu\u015fmac\u0131lar <\/span><\/td>\n<td>Dr. Yahia Bakelli (University of Algiers 2 \u2013 Department of Library Science<\/td>\n<\/tr>\n<tr>\n<td><span class=\"stil1\">Tarih ve Saat<\/span><\/td>\n<td><span style=\"color: #000000;\"><span class=\"stil6\"> 04.04.2012 \/ Saat: 14.30<\/span><\/span><\/td>\n<\/tr>\n<tr>\n<td><span class=\"stil1\">Yer<\/span><\/td>\n<td>H.\u00dc. Edebiyat Fak\u00fcltesi Emel Do\u011framac\u0131 Salonu (Beytepe Kamp\u00fcs\u00fc)<\/td>\n<\/tr>\n<tr>\n<td><span class=\"stil1\">Not<\/span><\/td>\n<td>Konferans\/panel sonras\u0131nda kokteyl d\u00fczenlenecektir.<\/td>\n<\/tr>\n<tr>\n<td><span class=\"stil1\">Afi\u015f ve konu\u015fma \u00f6zeti<br \/>\n<\/span><\/td>\n<td>Konu\u015fma \u00f6zeti i\u00e7in <a href=\"https:\/\/docs.google.com\/file\/d\/0B_R5lywjHWUDN0xoMV9LRzZRSmVtNEVMdk9ReUhEdw\/edit?pli=1\" target=\"_blank\">t\u0131klay\u0131n\u0131z.<\/a><br \/>\nKonferans posteri i\u00e7in <a href=\"https:\/\/docs.google.com\/file\/d\/0B_R5lywjHWUDS0tmMDRVMUtRMldndXNBV05VbXp3QQ\/edit?pli=1\" target=\"_blank\">t\u0131klay\u0131n\u0131z.<\/a><\/td>\n<\/tr>\n<\/tbody>\n<\/table>\n<table width=\"480\" border=\"1\" align=\"center\">\n<tbody>\n<tr>\n<td width=\"199\"><span class=\"stil1\">Konu<\/span><\/td>\n<td width=\"730\"><span class=\"style1\"><span style=\"color: #000000;\">T\u00fcrkiye\u2019nin \u0130nternet\u2019le Sava\u015f\u0131<\/span><br \/>\n<\/span><\/td>\n<\/tr>\n<tr>\n<td><span class=\"stil1\">Konu\u015fmac\u0131lar <\/span><\/td>\n<td>Do\u00e7. Dr. Mustafa Akg\u00fcl<\/td>\n<\/tr>\n<tr>\n<td><span class=\"stil1\">Tarih ve Saat<\/span><\/td>\n<td><span class=\"stil6\" style=\"color: #000000;\">14 Aral\u0131k 2011 \u00c7ar\u015famba, Saat: 14:30 <\/span><\/td>\n<\/tr>\n<tr>\n<td><span class=\"stil1\">Yer<\/span><\/td>\n<td>H.\u00dc. Edebiyat Fak\u00fcltesi Tu\u011frul \u0130nal Tiyatro ve Konferans Salonu (Beytepe Kamp\u00fcs\u00fc)<\/td>\n<\/tr>\n<tr>\n<td><span class=\"stil1\">Not<\/span><\/td>\n<td>Konferans\/panel sonras\u0131nda kokteyl d\u00fczenlenecektir.<\/td>\n<\/tr>\n<\/tbody>\n<\/table>\n<table width=\"480\" border=\"1\" align=\"center\">\n<tbody>\n<tr>\n<td width=\"199\"><span class=\"stil1\">Konu<\/span><\/td>\n<td width=\"730\"><span class=\"style1\">Bilim Ku\u015fkuyla, Sanat Co\u015fkuyla<\/span><\/td>\n<\/tr>\n<tr>\n<td><span class=\"stil1\">Konu\u015fmac\u0131lar <\/span><\/td>\n<td>Prof. Dr. Talat Sait Halman (Bilkent \u00dcniversitesi \u0130nsani Bilimler ve Edebiyat Fak\u00fcltesi Dekan\u0131)<\/td>\n<\/tr>\n<tr>\n<td><span class=\"stil1\">Tarih ve Saat<\/span><\/td>\n<td><span class=\"stil6\">16 Kas\u0131m 2011 \u00c7ar\u015famba, Saat: 14:30 <\/span><\/td>\n<\/tr>\n<tr>\n<td><span class=\"stil1\">Yer<\/span><\/td>\n<td>H.\u00dc. Edebiyat Fak\u00fcltesi Tu\u011frul \u0130nal Tiyatro ve Konferans Salonu (Beytepe Kamp\u00fcs\u00fc)<\/td>\n<\/tr>\n<tr>\n<td><span class=\"stil1\">Not<\/span><\/td>\n<td>Konferans\/panel sonras\u0131nda kokteyl d\u00fczenlenecektir.<\/td>\n<\/tr>\n<\/tbody>\n<\/table>\n<table width=\"480\" border=\"1\" align=\"center\">\n<tbody>\n<tr>\n<td width=\"199\"><span class=\"stil1\">Konu<\/span><\/td>\n<td width=\"730\"><span class=\"style1\">Y\u00fcksek \u00c7\u00f6z\u00fcn\u00fcrl\u00fckl\u00fc Genom Analizleri ve Bilgi Y\u00f6netimi <\/span><\/td>\n<\/tr>\n<tr>\n<td><span class=\"stil1\">Konu\u015fmac\u0131lar <\/span><\/td>\n<td>Prof. Dr. A. Nurten Akarsu (H.\u00dc. T\u0131p Fak\u00fcltesi T\u0131bbi Genetik Anabilim Dal\u0131 \u00d6\u011fretim \u00dcyesi)<\/td>\n<\/tr>\n<tr>\n<td><span class=\"stil1\">Tarih ve Saat<\/span><\/td>\n<td>12 Ekim 2011 \u00c7ar\u015famba, Saat: 14:30<\/td>\n<\/tr>\n<tr>\n<td><span class=\"stil1\">Yer<\/span><\/td>\n<td>H.\u00dc. Edebiyat Fak\u00fcltesi Tu\u011frul \u0130nal Tiyatro ve Konferans Salonu (Beytepe Kamp\u00fcs\u00fc)<\/td>\n<\/tr>\n<tr>\n<td><span class=\"stil1\">Not<\/span><\/td>\n<td>Konferans\/panel sonras\u0131nda kokteyl d\u00fczenlenecektir.<\/td>\n<\/tr>\n<\/tbody>\n<\/table>\n","protected":false},"excerpt":{"rendered":"<p>Hacettepe \u00dcniversitesi Bilgi ve Belge Y\u00f6netimi B\u00f6l\u00fcm\u00fc ve H.\u00dc. Bilgi Toplulu\u011fu taraf\u0131ndan ge\u00e7ti\u011fimiz \u00f6\u011fretim y\u0131l\u0131nda d\u00fczenlenen Konferans\/Panel Dizisine 2011-2012 \u00d6\u011fretim Y\u0131l\u0131nda da devam ediyor.<\/p>\n","protected":false},"author":1,"featured_media":0,"comment_status":"open","ping_status":"open","sticky":false,"template":"","format":"standard","meta":{"footnotes":""},"categories":[1489],"tags":[1413,1395],"class_list":["post-3493","post","type-post","status-publish","format-standard","hentry","category-hacettepe-universitesi-bby-bilgi-toplulugu","tag-bby-bilgi-toplulugu-gruplari","tag-bby-mesleki-etkinlikler-arsivi"],"_links":{"self":[{"href":"https:\/\/www.bbyhaber.com\/bby\/wp-json\/wp\/v2\/posts\/3493"}],"collection":[{"href":"https:\/\/www.bbyhaber.com\/bby\/wp-json\/wp\/v2\/posts"}],"about":[{"href":"https:\/\/www.bbyhaber.com\/bby\/wp-json\/wp\/v2\/types\/post"}],"author":[{"embeddable":true,"href":"https:\/\/www.bbyhaber.com\/bby\/wp-json\/wp\/v2\/users\/1"}],"replies":[{"embeddable":true,"href":"https:\/\/www.bbyhaber.com\/bby\/wp-json\/wp\/v2\/comments?post=3493"}],"version-history":[{"count":0,"href":"https:\/\/www.bbyhaber.com\/bby\/wp-json\/wp\/v2\/posts\/3493\/revisions"}],"wp:attachment":[{"href":"https:\/\/www.bbyhaber.com\/bby\/wp-json\/wp\/v2\/media?parent=3493"}],"wp:term":[{"taxonomy":"category","embeddable":true,"href":"https:\/\/www.bbyhaber.com\/bby\/wp-json\/wp\/v2\/categories?post=3493"},{"taxonomy":"post_tag","embeddable":true,"href":"https:\/\/www.bbyhaber.com\/bby\/wp-json\/wp\/v2\/tags?post=3493"}],"curies":[{"name":"wp","href":"https:\/\/api.w.org\/{rel}","templated":true}]}}