{"id":3470,"date":"2012-03-30T07:29:30","date_gmt":"2012-03-30T07:29:30","guid":{"rendered":"http:\/\/www.bbyhaber.com\/bby\/?p=3470"},"modified":"2012-03-30T07:29:36","modified_gmt":"2012-03-30T07:29:36","slug":"foca-halk-kutuphanesi-45-yasinda","status":"publish","type":"post","link":"https:\/\/www.bbyhaber.com\/bby\/2012\/03\/30\/foca-halk-kutuphanesi-45-yasinda","title":{"rendered":"Fo\u00e7a Halk K\u00fct\u00fcphanesi 45. Ya\u015f\u0131nda"},"content":{"rendered":"<p style=\"text-align: justify;\">Fo\u00e7a Halk K\u00fct\u00fcphanesi 45 y\u0131ld\u0131r il\u00e7enin en g\u00fczel yerinde hizmet vermeye devam ediyor. K\u00fct\u00fcphane Haftas\u0131 dolay\u0131s\u0131yla \u00e7e\u015fitli etkinliklere sahne olan k\u00fct\u00fcphane her ya\u015ftan okurlar\u0131n b\u00fcy\u00fck ilgisini g\u00f6r\u00fcyor. 18 Haziran 1968 tarihinde a\u00e7\u0131lan, kitap ve bas\u0131l\u0131 yay\u0131n kapasitesi ile faaliyet alanlar\u0131n\u0131 y\u0131llar i\u00e7inde s\u00fcrekli artt\u0131ran k\u00fct\u00fcphane a\u011f\u0131rl\u0131kl\u0131 olarak k\u0131\u015f aylar\u0131nda \u00e7e\u015fitli etkinliklere de sahne oluyor. Daha \u00f6nceki y\u0131llarda belediye d\u00fckkanlar\u0131n\u0131n bulundu\u011fu i\u015f merkezinde dar bir alanda hizmet vermeye \u00e7al\u0131\u015fan k\u00fct\u00fcphane, 10 y\u0131la yak\u0131n bir s\u00fcredir Fo\u00e7a Belediyesi\u2019nin tahsis etti\u011fi bir yan\u0131 Foklu \u00c7e\u015fme, di\u011fer yan\u0131 A\u015f\u0131klar Caddesi ve B\u00fcy\u00fckdeniz\u2019e bakan binada okuyucular\u0131 kitaplarla bulu\u015fturuyor.<!--more--><\/p>\n<p style=\"text-align: justify;\">\u0130dari b\u00f6l\u00fcm, 50 ki\u015fi kapasiteli okuma salonu ve 20 ki\u015finin ayn\u0131 anda internete ba\u011flanabildi\u011fi bilgisayar salonu olmak \u00fczere \u00fc\u00e7 k\u0131s\u0131mdan olu\u015fan k\u00fct\u00fcphane, de\u011fi\u015fik alanlardan 15 bin kitab\u0131 b\u00fcnyesinde bulunduruyor. K\u00fclt\u00fcr ve Turizm Bakanl\u0131\u011f\u0131\u2019nca abone olunan \u00e7e\u015fitli konularda 22 s\u00fcreli yay\u0131n takip ediliyor. \u00d6\u011frenci ve ara\u015ft\u0131rmac\u0131lar\u0131n kullan\u0131m\u0131 i\u00e7in internet hizmetleri \u00fccretsiz sa\u011flan\u0131yor. \u00d6\u011frencilere derslerini bir araya gelerek birlikte yapma imkan\u0131 yarat\u0131l\u0131yor. K\u00fct\u00fcphane; olanaklar\u0131 dahilinde konferans, panel t\u00fcr\u00fc etkinliklere ev sahipli\u011fi yap\u0131yor.<\/p>\n<p style=\"text-align: justify;\">B\u00fcy\u00fck \u00e7o\u011funlu\u011fu Fo\u00e7a\u2019l\u0131 bayanlardan olu\u015fan Fo\u00e7a Kitap Kul\u00fcb\u00fc \u00fcyeleri, per\u015fembe g\u00fcnleri burada toplanarak g\u00fcndemdeki yerel ve ulusal konular\u0131n yan\u0131 s\u0131ra yeni \u00e7\u0131kan ve bir hafta boyunca okuduklar\u0131 bir kitab\u0131 kendi aralar\u0131nda tart\u0131\u015f\u0131yor. Temin edilen yeni kitaplar k\u00fct\u00fcphaneye ba\u011f\u0131\u015f olarak b\u0131rak\u0131l\u0131yor. Kul\u00fcp \u00fcyeleri belirli zamanlarda Demokrasi meydan\u0131nda kitap g\u00fcnleri d\u00fczenliyor ve bedava kitap da\u011f\u0131t\u0131m\u0131 yap\u0131yor.<\/p>\n<p style=\"text-align: justify;\">Cuma g\u00fcnleri, \u00e7e\u015fitli festivaller ile ulusal ve d\u00fcnya \u00f6l\u00e7e\u011findeki yar\u0131\u015fmalarda \u00f6d\u00fcl kazanm\u0131\u015f filmler izleniyor.K\u00fct\u00fcphane, pazar ve pazartesi hari\u00e7 di\u011fer t\u00fcm g\u00fcnler 08.00-17.00 saatleri aras\u0131nda kap\u0131lar\u0131n\u0131 ziyaret\u00e7ilerine a\u00e7\u0131k tutuyor.\u00c7ocuklar\u0131n ve gen\u00e7lerin ilgisini artt\u0131rmak ve al\u0131\u015ft\u0131rmak i\u00e7in k\u00fct\u00fcphaneye ba\u011f\u0131\u015flanan fazla say\u0131daki yay\u0131nlar kendilerine arma\u011fan ediliyor.<\/p>\n<p style=\"text-align: justify;\">Fo\u00e7a Halk K\u00fct\u00fcphanesi sorumlu memuru Rukiye K\u00f6ksal, yo\u011fun ilgi g\u00f6rd\u00fcklerini, ancak bu ilgiyi daha da artt\u0131rmak i\u00e7in \u00e7al\u0131\u015ft\u0131klar\u0131n\u0131 s\u00f6yledi. Her y\u0131l yenilenen \u00fccretsiz \u00fcyelik kart\u0131 \u00e7\u0131kard\u0131klar\u0131n\u0131 belirten K\u00f6ksal, \u00fcye kartl\u0131 okuyuculara 15\u2019er g\u00fcnl\u00fc\u011f\u00fcne \u00f6d\u00fcn\u00e7 kitap verdiklerini de belirtti. K\u00f6ksal, \u015f\u00f6yle dedi: \u201dB\u00fcy\u00fckdeniz manzaras\u0131nda, dingin bir ortamda kitap okumak isteyenler de, her t\u00fcrl\u00fc kayna\u011f\u0131 kullanarak ders ve ara\u015ft\u0131rma yapmak isteyenler de, bilgisayar ortam\u0131nda \u00e7al\u0131\u015fmak isteyenler de k\u00fct\u00fcphanemizde arad\u0131\u011f\u0131n\u0131 bulmaktad\u0131r. Okuyucular\u0131m\u0131z\u0131n k\u00fct\u00fcphanede bulunmas\u0131n\u0131 istedikleri yay\u0131nlar i\u00e7in s\u00fcrekli anket yap\u0131yoruz. Temin edece\u011fimiz kitaplar\u0131 K\u00fclt\u00fcr Bakanl\u0131\u011f\u0131m\u0131z\u0131n talimatlar\u0131 ve bu istekler do\u011frultusunda belirliyoruz. Kitaplar\u0131n yan\u0131 s\u0131ra s\u00fcreli yay\u0131nlar ve haftal\u0131k yerel gazetelerimizde okuyucular\u0131n hizmetindedir. Di\u011fer faaliyetlere kat\u0131lman\u0131n yan\u0131 s\u0131ra k\u00fct\u00fcphane g\u00f6n\u00fcll\u00fclerimiz kitap ciltleme, onar\u0131m, kaplama, b\u00fcnyeye yeni al\u0131nan yay\u0131nlar\u0131n internet ortam\u0131nda kayd\u0131 gibi konularda \u00e7al\u0131\u015fmaktad\u0131r. Kitap dostu her ya\u015ftan herkesi, hizmetlerimizden yararlanmak ve bu konularda g\u00f6n\u00fcll\u00fc \u00e7al\u0131\u015fmak i\u00e7in bekliyoruz.\u201d<\/p>\n<div style=\"text-align: justify;\">Kaynak:\u00a0http:\/\/www.haberyurdum.com<\/div>\n","protected":false},"excerpt":{"rendered":"<p>Fo\u00e7a Halk K\u00fct\u00fcphanesi 45 y\u0131ld\u0131r il\u00e7enin en g\u00fczel yerinde hizmet vermeye devam ediyor. K\u00fct\u00fcphane Haftas\u0131 dolay\u0131s\u0131yla \u00e7e\u015fitli etkinliklere sahne olan k\u00fct\u00fcphane her ya\u015ftan okurlar\u0131n b\u00fcy\u00fck ilgisini g\u00f6r\u00fcyor. 18 Haziran 1968 tarihinde a\u00e7\u0131lan, kitap ve bas\u0131l\u0131 yay\u0131n kapasitesi ile faaliyet alanlar\u0131n\u0131 y\u0131llar i\u00e7inde s\u00fcrekli artt\u0131ran k\u00fct\u00fcphane a\u011f\u0131rl\u0131kl\u0131 olarak k\u0131\u015f aylar\u0131nda \u00e7e\u015fitli etkinliklere de sahne oluyor. Daha [&hellip;]<\/p>\n","protected":false},"author":1,"featured_media":0,"comment_status":"open","ping_status":"open","sticky":false,"template":"","format":"standard","meta":{"footnotes":""},"categories":[1],"tags":[848],"class_list":["post-3470","post","type-post","status-publish","format-standard","hentry","category-genel","tag-halk-kutuphaneleri"],"_links":{"self":[{"href":"https:\/\/www.bbyhaber.com\/bby\/wp-json\/wp\/v2\/posts\/3470"}],"collection":[{"href":"https:\/\/www.bbyhaber.com\/bby\/wp-json\/wp\/v2\/posts"}],"about":[{"href":"https:\/\/www.bbyhaber.com\/bby\/wp-json\/wp\/v2\/types\/post"}],"author":[{"embeddable":true,"href":"https:\/\/www.bbyhaber.com\/bby\/wp-json\/wp\/v2\/users\/1"}],"replies":[{"embeddable":true,"href":"https:\/\/www.bbyhaber.com\/bby\/wp-json\/wp\/v2\/comments?post=3470"}],"version-history":[{"count":0,"href":"https:\/\/www.bbyhaber.com\/bby\/wp-json\/wp\/v2\/posts\/3470\/revisions"}],"wp:attachment":[{"href":"https:\/\/www.bbyhaber.com\/bby\/wp-json\/wp\/v2\/media?parent=3470"}],"wp:term":[{"taxonomy":"category","embeddable":true,"href":"https:\/\/www.bbyhaber.com\/bby\/wp-json\/wp\/v2\/categories?post=3470"},{"taxonomy":"post_tag","embeddable":true,"href":"https:\/\/www.bbyhaber.com\/bby\/wp-json\/wp\/v2\/tags?post=3470"}],"curies":[{"name":"wp","href":"https:\/\/api.w.org\/{rel}","templated":true}]}}