{"id":3369,"date":"2012-03-27T14:14:11","date_gmt":"2012-03-27T14:14:11","guid":{"rendered":"http:\/\/www.bbyhaber.com\/bby\/?p=3369"},"modified":"2013-03-06T11:58:49","modified_gmt":"2013-03-06T09:58:49","slug":"ths-universite-personelinden-ozel-hizmet-tazminatindan-yararlanamayanlarin-sorunu","status":"publish","type":"post","link":"https:\/\/www.bbyhaber.com\/bby\/2012\/03\/27\/ths-universite-personelinden-ozel-hizmet-tazminatindan-yararlanamayanlarin-sorunu","title":{"rendered":"THS-\u00dcniversite Personelinin \u00d6zel Hizmet Tazminat\u0131ndan Yararlanamama Sorunu"},"content":{"rendered":"<p style=\"text-align: justify;\">644 say\u0131l\u0131 KHK\u2019nin 37\u2019nci maddesinin yirmi birinci f\u0131kras\u0131 h\u00fckm\u00fc ile 190 say\u0131l\u0131 Kanun H\u00fckm\u00fcnde Kararnamenin eki (I) say\u0131l\u0131 cetvelin kurumlara ait b\u00f6l\u00fcmlerinde yer alan bir k\u0131sm\u0131 \u00fcniversiteler b\u00fcnyesinde g\u00f6rev yapan Folklor Ara\u015ft\u0131rmac\u0131s\u0131, M\u00fcze Ara\u015ft\u0131rmac\u0131s\u0131, K\u00fct\u00fcphaneci, Ar\u015fivci, Kitap Patologu ve Sosyolog unvanl\u0131 kadrolar\u0131n s\u0131n\u0131f\u0131 Teknik Hizmetler S\u0131n\u0131f\u0131 olarak de\u011fi\u015ftirilmi\u015ftir.<!--more--><\/p>\n<p style=\"text-align: justify;\">Ancak s\u00f6z konusu personel, bu d\u00fczenlemeyle teknik hizmetler s\u0131n\u0131f\u0131nda yer almalar\u0131na ra\u011fmen 2006\/10344 say\u0131l\u0131 Bakanlar Kurulu Karar\u0131 eki \u201c<em>\u00f6zel hizmet tazminat\u0131<\/em>\u201d alt ba\u015fl\u0131kl\u0131 (II) say\u0131l\u0131 Cetvelin (E) Teknik Hizmetler B\u00f6l\u00fcm\u00fc\u2019n\u00fcn 1\/d maddesinde \u201c<em>Unvanlar\u0131 (a), (b) ve (c)\u2019de say\u0131lmayan di\u011fer mesleki teknik y\u00fcksek\u00f6\u011frenimlilerden<\/em>\u201d ibaresi nedeniyle mesleki teknik y\u00fcksek\u00f6\u011frenimleri bulunmad\u0131\u011f\u0131ndan bu bent kapsam\u0131ndaki \u00f6zel hizmet tazminat\u0131ndan faydalanamamaktad\u0131rlar. Zira Maliye Bakanl\u0131\u011f\u0131 B\u00fct\u00e7e ve Mali Kontrol Genel M\u00fcd\u00fcrl\u00fc\u011f\u00fc\u2019n\u00fcn 06.02.2012 tarihli ve 1483 say\u0131l\u0131 g\u00f6r\u00fc\u015f yaz\u0131s\u0131nda, ilgili personele bu kadroya atanmas\u0131 i\u00e7in aranan \u00f6\u011frenimin &#8220;mesleki teknik&#8221; i\u00e7eri\u011fe haiz bir y\u00fcksek\u00f6\u011frenim olarak de\u011ferlendirme imkan\u0131 bulunmad\u0131\u011f\u0131ndan bahisle, 2006\/10344 say\u0131l\u0131 Bakanlar Kurulu Karar\u0131 ile y\u00fcr\u00fcrl\u00fc\u011fe konulan Devlet Memurlar\u0131na \u00d6denecek Zam ve Tazminatlara \u0130li\u015fkin Karara ekli I say\u0131l\u0131 Cetvelin &#8220;(B) Teknik Hizmetler B\u00f6l\u00fcm\u00fc&#8221;n\u00fcn 8 inci s\u0131ras\u0131nda kadrolar\u0131 Teknik Hizmetler S\u0131n\u0131f\u0131na dahil di\u011fer personel i\u00e7in \u00f6ng\u00f6r\u00fclen zam puanlar\u0131 ile II say\u0131l\u0131 Cetvelin &#8220;(A) \u00dcst Y\u00f6netim ve Genel \u0130dare Hizmetleri&#8221; b\u00f6l\u00fcm\u00fcn\u00fcn 16 nc\u0131 grubunun 5 inci s\u0131ras\u0131ndan 1 ve 2 inci dereceli kadroda bulunanlar i\u00e7in % 60 oran\u0131nda \u00f6zel hizmet tazminat\u0131, di\u011fer derecelerden ayl\u0131k alanlar i\u00e7in III say\u0131l\u0131 Cetvelin &#8220;(G)&#8221; b\u00f6l\u00fcm\u00fcn\u00fcn b\/2 s\u0131ras\u0131nda \u00f6ng\u00f6r\u00fclen tazminattan faydalanabilecekleri \u00f6ng\u00f6r\u00fclm\u00fc\u015ft\u00fcr. Bu durum ayn\u0131 hizmet s\u0131n\u0131f\u0131 i\u00e7inde istihdam edilen personel aras\u0131nda e\u015fitsizlik yaratmakta olup bu e\u015fitsizli\u011fin giderilmesi gerekmektedir.<\/p>\n<p style=\"text-align: justify;\">Buna ra\u011fmen pek \u00e7ok Bakanl\u0131k, s\u00f6z konusu personele, 2006\/10344 say\u0131l\u0131 Karar eki (II) say\u0131l\u0131 Cetvelin (E) Teknik Hizmetler B\u00f6l\u00fcm\u00fc\u2019n\u00fcn 1\/d maddesi kapsam\u0131nda \u00f6zel hizmet tazminat\u0131 \u00f6demekte iken \u00fcniversiteler, Maliye Bakanl\u0131\u011f\u0131 B\u00fct\u00e7e ve Mali Kontrol Genel M\u00fcd\u00fcrl\u00fc\u011f\u00fc\u2019n\u00fcn 06.02.2012 tarihli ve 1483 say\u0131l\u0131 g\u00f6r\u00fc\u015f yaz\u0131s\u0131ndan hareketle mezk\u00fbr bent kapsam\u0131nda \u00f6zel hizmet tazminat\u0131 \u00f6dememektedirler.<\/p>\n<p style=\"text-align: justify;\">Ancak gerek Dan\u0131\u015ftay \u0130dari Dava Daireleri Kurulu\u2019nun 1988\/45 Karar, 1987\/41 Esas say\u0131l\u0131 ve 14\/10\/1988 tarihli emsal karar\u0131nda gerekse 152 Seri No\u2019lu Devlet Memurlar\u0131 Kanunu Genel Tebli\u011fi\u2019nde, unvanlar\u0131 say\u0131lan kadrolara atanm\u0131\u015f olanlar d\u0131\u015f\u0131nda kalan teknik hizmetler s\u0131n\u0131f\u0131na d\u00e2hil personelin mezun olduklar\u0131 y\u00fcksek\u00f6\u011frenimin niteli\u011fine bak\u0131lmaks\u0131z\u0131n de\u011ferlendirilmesi gerekti\u011fi, kadrosu teknik hizmetler s\u0131n\u0131f\u0131nda yer alan ve kadro g\u00f6revini fiilen ifa eden y\u00fcksek okul mezunlar\u0131n\u0131n bu kapsam d\u0131\u015f\u0131nda tutulmas\u0131n\u0131n 657 say\u0131l\u0131 Kanun\u2019un \u00f6ng\u00f6rmedi\u011fi bir s\u0131n\u0131rlama getirmek olaca\u011f\u0131na \u00f6ng\u00f6r\u00fclm\u00fc\u015ft\u00fcr.<\/p>\n<p style=\"text-align: justify;\">Maliye Bakanl\u0131\u011f\u0131\u2019na yaz\u0131l\u0131 m\u00fcracaatta bulunarak, g\u00f6rev yapt\u0131klar\u0131 kurum ayr\u0131m\u0131 yap\u0131lmaks\u0131z\u0131n \u201cFolklor Ara\u015ft\u0131rmac\u0131s\u0131, M\u00fcze Ara\u015ft\u0131rmac\u0131s\u0131, K\u00fct\u00fcphaneci, Ar\u015fivci, Kitap Patologu ve Sosyolog\u201d unvanl\u0131 kadrolar\u0131nda g\u00f6rev yapan personelin, 2006\/10344 say\u0131l\u0131 Bakanlar Kurulu Karar\u0131 eki (II) say\u0131l\u0131 Cetvelin (E) Teknik Hizmetler B\u00f6l\u00fcm\u00fc\u2019n\u00fcn 1\/d maddesi kapsam\u0131nda \u00f6zel hizmet tazminatlar\u0131ndan yararland\u0131r\u0131lmas\u0131n\u0131 istedik.<\/p>\n<p style=\"text-align: justify;\">Kaynak: http:\/\/www.egitimbirsen.org.tr<\/p>\n","protected":false},"excerpt":{"rendered":"<p>644 say\u0131l\u0131 KHK\u2019nin 37\u2019nci maddesinin yirmi birinci f\u0131kras\u0131 h\u00fckm\u00fc ile 190 say\u0131l\u0131 Kanun H\u00fckm\u00fcnde Kararnamenin eki (I) say\u0131l\u0131 cetvelin kurumlara ait b\u00f6l\u00fcmlerinde yer alan bir k\u0131sm\u0131 \u00fcniversiteler b\u00fcnyesinde g\u00f6rev yapan Folklor Ara\u015ft\u0131rmac\u0131s\u0131, M\u00fcze Ara\u015ft\u0131rmac\u0131s\u0131, K\u00fct\u00fcphaneci, Ar\u015fivci, Kitap Patologu ve Sosyolog unvanl\u0131 kadrolar\u0131n s\u0131n\u0131f\u0131 Teknik Hizmetler S\u0131n\u0131f\u0131 olarak de\u011fi\u015ftirilmi\u015ftir.<\/p>\n","protected":false},"author":1,"featured_media":0,"comment_status":"open","ping_status":"open","sticky":false,"template":"","format":"standard","meta":{"footnotes":""},"categories":[1505],"tags":[1398,51,50],"class_list":["post-3369","post","type-post","status-publish","format-standard","hentry","category-teknik-kadro","tag-bby-ozluk-haklari","tag-teknik-kadro-kutuphaneci","tag-ths-kutuphaneci"],"_links":{"self":[{"href":"https:\/\/www.bbyhaber.com\/bby\/wp-json\/wp\/v2\/posts\/3369"}],"collection":[{"href":"https:\/\/www.bbyhaber.com\/bby\/wp-json\/wp\/v2\/posts"}],"about":[{"href":"https:\/\/www.bbyhaber.com\/bby\/wp-json\/wp\/v2\/types\/post"}],"author":[{"embeddable":true,"href":"https:\/\/www.bbyhaber.com\/bby\/wp-json\/wp\/v2\/users\/1"}],"replies":[{"embeddable":true,"href":"https:\/\/www.bbyhaber.com\/bby\/wp-json\/wp\/v2\/comments?post=3369"}],"version-history":[{"count":0,"href":"https:\/\/www.bbyhaber.com\/bby\/wp-json\/wp\/v2\/posts\/3369\/revisions"}],"wp:attachment":[{"href":"https:\/\/www.bbyhaber.com\/bby\/wp-json\/wp\/v2\/media?parent=3369"}],"wp:term":[{"taxonomy":"category","embeddable":true,"href":"https:\/\/www.bbyhaber.com\/bby\/wp-json\/wp\/v2\/categories?post=3369"},{"taxonomy":"post_tag","embeddable":true,"href":"https:\/\/www.bbyhaber.com\/bby\/wp-json\/wp\/v2\/tags?post=3369"}],"curies":[{"name":"wp","href":"https:\/\/api.w.org\/{rel}","templated":true}]}}