{"id":3362,"date":"2012-03-27T10:01:51","date_gmt":"2012-03-27T10:01:51","guid":{"rendered":"http:\/\/www.bbyhaber.com\/bby\/?p=3362"},"modified":"2012-09-07T22:01:01","modified_gmt":"2012-09-07T19:01:01","slug":"burc-fm-ve-baris-tvde-kutuphaneler-ve-okuma-kulturu-konulu-canli-yayin-bilgileri","status":"publish","type":"post","link":"https:\/\/www.bbyhaber.com\/bby\/2012\/03\/27\/burc-fm-ve-baris-tvde-kutuphaneler-ve-okuma-kulturu-konulu-canli-yayin-bilgileri","title":{"rendered":"BUR\u00c7 FM ve BARI\u015e TV&#8217;de &#8220;K\u00fct\u00fcphane Haftas\u0131, K\u00fct\u00fcphaneler ve Okuma K\u00fclt\u00fcr\u00fc&#8221; konulu canl\u0131 yay\u0131n bilgileri"},"content":{"rendered":"<p>BUR\u00c7 FM ve BARI\u015e TV Canl\u0131 yay\u0131n bilgileri:<\/p>\n<p><span style=\"color: #0000ff;\"><strong>CANLI YAYIN 1-Bur\u00e7 FM 88.8 (\u0130STANBUL FREKANS)<br \/>\n<\/strong><\/span><\/p>\n<ul>\n<li><strong>Konuklar:<\/strong> TKD Genel Ba\u015fkan Yard\u0131mc\u0131s\u0131 Ayd\u0131n \u0130leri ve Marmara \u00dcniversitesi BBY B\u00f6l\u00fcm\u00fc Ara\u015ft\u0131rma G\u00f6revlisi Dr. Asiye Kak\u0131rman Y\u0131ld\u0131z<\/li>\n<\/ul>\n<ul>\n<li><strong>Konu:<\/strong> K\u00fct\u00fcphane Haftas\u0131, K\u00fct\u00fcphaneler ve Okuma K\u00fclt\u00fcr\u00fc<!--more--><\/li>\n<\/ul>\n<ul>\n<li><strong>Bur\u00e7 FM<\/strong>&#8216;de Saniye \u00d6zt\u00fcrk&#8217;\u00fcn Haz\u0131rlay\u0131p Sundu\u011fu Bezm-i Cihan Program\u0131na <span style=\"color: #ff0000;\"><strong>28 Mart \u00c7ar\u015famba G\u00fcn\u00fc Saat 13.05&#8242;<\/strong><\/span>de konuk olacak.<\/li>\n<\/ul>\n<p>Bur\u00e7 FM 88.8 (\u0130STANBUL FREKANS)<br \/>\nhttp:\/\/www.burcfm.com.tr\/<br \/>\n<strong>&#8230;&#8230;&#8230;&#8230;&#8230;&#8230;&#8230;&#8230;&#8230;&#8230;&#8230;&#8230;&#8230;&#8230;&#8230;&#8230;&#8230;&#8230;&#8230;&#8230;&#8230;&#8230;&#8230;&#8230;&#8230;&#8230;&#8230;&#8230;&#8230;&#8230;&#8230;&#8230;&#8230;..<\/strong><br \/>\n<span style=\"color: #0000ff;\"><strong>CANLI YAYIN 2-Bar\u0131\u015f TV<br \/>\n<\/strong><\/span><\/p>\n<ul>\n<li><strong>Konuklar:<\/strong> TKD Genel Ba\u015fkan Yard\u0131mc\u0131s\u0131 Ayd\u0131n \u0130leri ve Marmara \u00dcniversitesi BBY B\u00f6l\u00fcm\u00fc Ara\u015ft\u0131rma G\u00f6revlisi Dr. Asiye Kak\u0131rman Y\u0131ld\u0131z<\/li>\n<\/ul>\n<ul>\n<li><strong>Konu:<\/strong> K\u00fct\u00fcphane Haftas\u0131, K\u00fct\u00fcphaneler ve Okuma K\u00fclt\u00fcr\u00fc<\/li>\n<\/ul>\n<ul>\n<li>\u00a0<strong>BARI\u015e TV<\/strong>&#8216;de Ne\u015fe Berber \u0130le Mor \u0130stanbul\u00a0 Program\u0131na <strong><span style=\"color: #ff0000;\">28 Mart \u00c7ar\u015famba G\u00fcn\u00fc Saat 15.00<\/span><\/strong>&#8216;de konuk olacak.<\/li>\n<\/ul>\n<p>BARI\u015e TV<br \/>\nhttp:\/\/www.baristv.com\/<\/p>\n<p><span style=\"color: #0000ff;\"><strong>Kaynak:<\/strong><\/span><br \/>\nAyd\u0131n \u0130leri<br \/>\n<a class=\"twitter-timeline\" data-width=\"640\" data-height=\"960\" data-dnt=\"true\" href=\"https:\/\/twitter.com\/aydinileri?ref_src=twsrc%5Etfw\">Tweets by aydinileri<\/a><script async src=\"https:\/\/platform.twitter.com\/widgets.js\" charset=\"utf-8\"><\/script><br \/>\nhttp:\/\/www.facebook.com\/profile.php?id=822177645<\/p>\n","protected":false},"excerpt":{"rendered":"<p>BUR\u00c7 FM ve BARI\u015e TV Canl\u0131 yay\u0131n bilgileri: CANLI YAYIN 1-Bur\u00e7 FM 88.8 (\u0130STANBUL FREKANS) Konuklar: TKD Genel Ba\u015fkan Yard\u0131mc\u0131s\u0131 Ayd\u0131n \u0130leri ve Marmara \u00dcniversitesi BBY B\u00f6l\u00fcm\u00fc Ara\u015ft\u0131rma G\u00f6revlisi Dr. Asiye Kak\u0131rman Y\u0131ld\u0131z Konu: K\u00fct\u00fcphane Haftas\u0131, K\u00fct\u00fcphaneler ve Okuma K\u00fclt\u00fcr\u00fc<\/p>\n","protected":false},"author":1,"featured_media":0,"comment_status":"open","ping_status":"open","sticky":false,"template":"","format":"standard","meta":{"footnotes":""},"categories":[1469,1476],"tags":[1461],"class_list":["post-3362","post","type-post","status-publish","format-standard","hentry","category-48-kutuphane-haftasi","category-aydin-ileri","tag-kutuphane-haftasi"],"_links":{"self":[{"href":"https:\/\/www.bbyhaber.com\/bby\/wp-json\/wp\/v2\/posts\/3362"}],"collection":[{"href":"https:\/\/www.bbyhaber.com\/bby\/wp-json\/wp\/v2\/posts"}],"about":[{"href":"https:\/\/www.bbyhaber.com\/bby\/wp-json\/wp\/v2\/types\/post"}],"author":[{"embeddable":true,"href":"https:\/\/www.bbyhaber.com\/bby\/wp-json\/wp\/v2\/users\/1"}],"replies":[{"embeddable":true,"href":"https:\/\/www.bbyhaber.com\/bby\/wp-json\/wp\/v2\/comments?post=3362"}],"version-history":[{"count":0,"href":"https:\/\/www.bbyhaber.com\/bby\/wp-json\/wp\/v2\/posts\/3362\/revisions"}],"wp:attachment":[{"href":"https:\/\/www.bbyhaber.com\/bby\/wp-json\/wp\/v2\/media?parent=3362"}],"wp:term":[{"taxonomy":"category","embeddable":true,"href":"https:\/\/www.bbyhaber.com\/bby\/wp-json\/wp\/v2\/categories?post=3362"},{"taxonomy":"post_tag","embeddable":true,"href":"https:\/\/www.bbyhaber.com\/bby\/wp-json\/wp\/v2\/tags?post=3362"}],"curies":[{"name":"wp","href":"https:\/\/api.w.org\/{rel}","templated":true}]}}