{"id":3357,"date":"2012-03-26T18:38:33","date_gmt":"2012-03-26T18:38:33","guid":{"rendered":"http:\/\/www.bbyhaber.com\/bby\/?p=3357"},"modified":"2012-09-07T22:01:40","modified_gmt":"2012-09-07T19:01:40","slug":"kygm-vekili-onur-bilge-kulanin-konusmasi-48-kutuphane-haftasi","status":"publish","type":"post","link":"https:\/\/www.bbyhaber.com\/bby\/2012\/03\/26\/kygm-vekili-onur-bilge-kulanin-konusmasi-48-kutuphane-haftasi","title":{"rendered":"K\u00fct\u00fcphaneler ve Yay\u0131mlar Genel M\u00fcd\u00fcr Vekili Onur Bilge Kula&#8217;n\u0131n Konu\u015fmas\u0131-48.K\u00fct\u00fcphane Haftas\u0131"},"content":{"rendered":"<p style=\"text-align: justify;\">Kula, Hatay Meclis K\u00fclt\u00fcr ve Sanat Merkezi&#8217;nde, K\u00fclt\u00fcr ve Turizm Bakanl\u0131\u011f\u0131 ile T\u00fcrk K\u00fct\u00fcphaneciler Derne\u011fi i\u015fbirli\u011fi ile d\u00fczenlenen &#8221;48. K\u00fct\u00fcphane Haftas\u0131&#8221; a\u00e7\u0131l\u0131\u015f program\u0131nda konu\u015fma yapt\u0131.T\u00fcrkiye tarihinde ilk defa halk\u0131n okuma haritas\u0131n\u0131 ortaya \u00e7\u0131karmak amac\u0131yla bir \u00e7al\u0131\u015fma ba\u015flatt\u0131klar\u0131n\u0131 belirten Kula, gen\u00e7lerde k\u00fct\u00fcphane bilincinin daha yayg\u0131n oldu\u011funun tespit edildi\u011fini ifade etti.<!--more--><\/p>\n<p style=\"text-align: justify;\">Kula, hem yeti\u015fkinlerde, hem de gen\u00e7lerde k\u00fct\u00fcphane bilincinin daha da geli\u015fmesi i\u00e7in K\u00fclt\u00fcr ve Turizm Bakanl\u0131\u011f\u0131 taraf\u0131ndan bir seferberlik ba\u015flat\u0131ld\u0131\u011f\u0131n\u0131 ifade ederek, \u015f\u00f6yle konu\u015ftu:<\/p>\n<p style=\"text-align: justify;\">&#8221;K\u00fct\u00fcphanecilik anlay\u0131\u015f\u0131n\u0131n yeniden g\u00f6zden ge\u00e7irilmesi gerekiyor. Bu anlamda halk\u0131 daha \u00e7ok k\u00fct\u00fcphanelere \u00e7ekebilme ad\u0131na uzmanl\u0131k alanlar\u0131na y\u00f6nelik k\u00fct\u00fcphaneleri halk\u0131n hizmetine sunmaya ba\u015flad\u0131k. Ge\u00e7en y\u0131l K\u00fclt\u00fcr ve Turizm Bakan\u0131m\u0131z Ertu\u011frul G\u00fcnay&#8217;\u0131n kat\u0131l\u0131m\u0131yla \u0130stanbul&#8217;da Edebiyat M\u00fcze K\u00fct\u00fcphanesi&#8217;ni a\u00e7t\u0131k. Ayn\u0131 \u015fekilde Ankara, \u0130zmir, Adana gibi b\u00fcy\u00fck illerde bu t\u00fcr k\u00fct\u00fcphaneleri okuyucular\u0131n hizmetine sunduk. Antalya&#8217;da turizm k\u00fct\u00fcphanesi a\u00e7ma \u00e7al\u0131\u015fmalar\u0131na da ba\u015flad\u0131k. K\u00fct\u00fcphaneleri, daha ilgi \u00e7ekecek duruma getirmek i\u00e7in \u00e7ok \u00f6nemli \u00e7al\u0131\u015fma i\u00e7ine girdik. Okuyucunun kitap se\u00e7me \u00f6zg\u00fcrl\u00fc\u011f\u00fcn\u00fc geli\u015ftirmek i\u00e7in yeni kitap al\u0131mlar\u0131n\u0131 da ba\u015flataca\u011f\u0131z.<\/p>\n<p style=\"text-align: justify;\">Son 5 y\u0131lda ba\u015fvurusu yap\u0131lan bine yak\u0131n eserden 750&#8217;si 52 \u00fclkede, 42 farkl\u0131 dilde yay\u0131mlad\u0131. Var olan T\u00fcrk k\u00fclt\u00fcr\u00fc imaj\u0131n\u0131 d\u00fczeltmek ve T\u00fcrkiye k\u00fclt\u00fcr\u00fcn\u00fcn t\u00fcm d\u00fcnyaya tan\u0131tmak ad\u0131na ba\u015fka hi\u00e7 bir \u00fclkede olmayan bu \u00e7al\u0131\u015fmay\u0131 ba\u015flatt\u0131k.&#8221;K\u00fct\u00fcphanelerde verilen hizmeti en \u00fcst d\u00fczeye ta\u015f\u0131mak i\u00e7in t\u00fcm personelin fedakarl\u0131k yapmak zorunda oldu\u011funu vurgulayan Kula, k\u00fct\u00fcphane kullanan ki\u015fi say\u0131s\u0131n\u0131 y\u00fczde 5&#8217;ten en az y\u00fczde 10&#8217;a \u00e7\u0131karmay\u0131 hedeflediklerini s\u00f6yledi.<\/p>\n<p style=\"text-align: justify;\">K\u00fct\u00fcphaneleri estetik, cazip ve insanlar\u0131n kendilerini mutlu hissedebilecekleri mekanlar haline getirmeyi ama\u00e7lad\u0131klar\u0131n\u0131 belirten Kula, bu do\u011frultuda yerel y\u00f6netimlerle i\u015fbirli\u011fi yapmay\u0131 arzulad\u0131klar\u0131n\u0131 ifade etti.Kula, t\u00fcm k\u00fct\u00fcphanelere okuyucunun kitap se\u00e7me \u00f6zg\u00fcrl\u00fc\u011f\u00fcn\u00fc geli\u015ftirme ad\u0131na 4 bin \u00e7e\u015fit kitap alma \u00e7al\u0131\u015fmalar\u0131 ba\u015flatt\u0131klar\u0131n\u0131, rastgele ve keyfi kitap al\u0131mlar\u0131n\u0131n \u00f6n\u00fcne ge\u00e7ebilmek ad\u0131na &#8221;Kitap Al\u0131m Komisyonu&#8221; kurduklar\u0131n\u0131 dile getirdi.<\/p>\n<p style=\"text-align: justify;\">Bu y\u0131l ki K\u00fct\u00fcphane Haftas\u0131&#8217;n\u0131n ana temas\u0131n\u0131n &#8221;Bilgi, Toplumu \u00c7o\u011fulla\u015ft\u0131r\u0131r&#8221; olarak belirlendi\u011fini ifade eden Kula, bu anlamda t\u00fcm k\u00fct\u00fcphanelere yerel dillerde yay\u0131mlanan kitaplar\u0131n kazand\u0131r\u0131laca\u011f\u0131n\u0131, toplumun t\u00fcm de\u011ferlerinin k\u00fct\u00fcphanelerde yer alaca\u011f\u0131n\u0131 bildirdi.<\/p>\n<p style=\"text-align: justify;\">-250 bin veliye tavsiye mektubu-<\/p>\n<p style=\"text-align: justify;\">Hatay Valisi Mehmet Celalettin Lekesiz ise bir \u00fclkenin geli\u015fme kat edebilmesi i\u00e7in e\u011fitimin \u015fart oldu\u011funu, bu kapsamda kitap ve k\u00fct\u00fcphanenin \u00e7ok \u00f6nemli bir yer tuttu\u011funu s\u00f6yledi.\u00dclkenin hakketti\u011fi bir gelece\u011fe ula\u015fmas\u0131 i\u00e7in gen\u00e7li\u011fin kitapla daha \u00e7ok vakit ge\u00e7irmesi gerekti\u011fine i\u015faret eden Lekesiz, yap\u0131lan anketlere g\u00f6re, kitap okuma konusunda halk\u0131n \u00e7ok iyi bir durumda olmad\u0131\u011f\u0131 sonucunun ortaya \u00e7\u0131kt\u0131\u011f\u0131n\u0131 kaydetti.<\/p>\n<p style=\"text-align: justify;\">Lekesiz, kitap okuma al\u0131\u015fkanl\u0131\u011f\u0131n\u0131 daha da geli\u015ftirmek i\u00e7in herkesin hayat\u0131n\u0131 g\u00f6zden ge\u00e7irmesi gerekti\u011fini vurgulayarak, &#8221;Okuma al\u0131\u015fkanl\u0131\u011f\u0131n\u0131 bir t\u00fcrl\u00fc geli\u015ftiremeyen halk\u0131m\u0131z\u0131n, televizyon seyretme al\u0131\u015fkanl\u0131\u011f\u0131n\u0131 \u00e7ok \u00e7abuk kazand\u0131\u011f\u0131n\u0131 g\u00f6r\u00fcyoruz. Bu anlamda her anne ve baban\u0131n \u00fczerine \u00e7ok \u00f6nemli g\u00f6revler d\u00fc\u015f\u00fcyor. Her ailenin en az\u0131ndan yar\u0131m saat t\u00fcm bireylerin kat\u0131ld\u0131\u011f\u0131 bir kitap okuma saatinin bulunmas\u0131 \u015fart. Ge\u00e7en y\u0131l bunu ebeveynlere anlatabilmek i\u00e7in 250 bin veliye \u00e7ocuklar\u0131yla beraber kitap okumalar\u0131n\u0131 tavsiye eden mektup yollad\u0131k&#8221; diye konu\u015ftu.&#8221;T\u00fcrkiye Okuyor&#8221; kampanyas\u0131 kapsam\u0131nda kentte \u00e7ok g\u00fczel geli\u015fmeler ya\u015fand\u0131\u011f\u0131n\u0131 anlatan Lekesiz, 2009 y\u0131l\u0131nda t\u00fcm okul ve k\u00fct\u00fcphanelerde 127 bin kitap bulunurken, bu say\u0131n\u0131n iki y\u0131lda 2 milyon 80 bine ula\u015ft\u0131\u011f\u0131n\u0131, k\u00f6y okullar\u0131 dahil k\u00fct\u00fcphanesi ya da okuma salonu bulunmayan hi\u00e7 bir okulun kalmad\u0131\u011f\u0131n\u0131 dile getirdi.<\/p>\n<p style=\"text-align: justify;\">-K\u00fct\u00fcphanelerin \u00f6nemi-<\/p>\n<p style=\"text-align: justify;\">T\u00fcrk K\u00fct\u00fcphaneciler Derne\u011fi Genel Ba\u015fkan\u0131 Ali Fuat Kartal da bilgi \u00f6zg\u00fcrl\u00fc\u011f\u00fcn\u00fc garanti alt\u0131na alan k\u00fct\u00fcphanelerin, Hatay gibi \u00e7ok k\u00fclt\u00fcrl\u00fc yap\u0131ya sahip olan yerlerde var olan etnik gruplar\u0131n dillerine y\u00f6nelik koleksiyonlar olu\u015fturmas\u0131 gerekti\u011fini s\u00f6yledi.<\/p>\n<p style=\"text-align: justify;\">K\u00fct\u00fcphanelerin, vatanda\u015flar\u0131n siyasete, hayata ve toplumsal ya\u015fama kat\u0131l\u0131m\u0131n\u0131 kolayla\u015ft\u0131ran kurumlar olmas\u0131 gerekti\u011fini ifade eden Kartal, &#8221;Yani karanl\u0131k k\u00f6\u015felere \u0131\u015f\u0131k tutmal\u0131y\u0131z. Zira bu bizim evrensel g\u00f6revimizdir. T\u00fcrkiye&#8217;de ger\u00e7ek anlamda d\u00fc\u015f\u00fcnce ve ifade \u00f6zg\u00fcrl\u00fc\u011f\u00fcnden s\u00f6z etmek istiyorsak kitaplar \u00fczerindeki yasaklamalar\u0131 kald\u0131rmak zorunday\u0131z&#8221; dedi.Antakya Belediye Ba\u015fkan\u0131 L\u00fctf\u00fc Sava\u015f da kitab\u0131n ve k\u00fct\u00fcphanelerin insan hayat\u0131ndan ve e\u011fitiminde \u00e7ok \u00f6nemli ihtiya\u00e7lar oldu\u011funu ifade etti.A\u00e7\u0131l\u0131\u015f konu\u015fmalar\u0131n\u0131n ard\u0131ndan &#8221;S\u0131ra D\u0131\u015f\u0131 Okurlar&#8221; belgeselinin g\u00f6sterimi yap\u0131ld\u0131 ve belgesele konu olan vatanda\u015flara plaket verildi.<\/p>\n<p style=\"text-align: justify;\">Daha sonra Nobel Bar\u0131\u015f \u00d6d\u00fcl\u00fc&#8217;ne aday g\u00f6sterilen Antakya Medeniyetler Korusu konser verdi. Koronun seslendirdi\u011fi &#8221;Memleketim&#8221; \u015fark\u0131s\u0131na davetliler de e\u015flik etti.Etkinli\u011fe, AK Parti Hatay Milletvekili Orhan Karasayar, CHP Hatay Milletvekili Hasan Akg\u00f6l, Jandarma Alay Komutan\u0131 Albay Mustafa Ba\u015fo\u011flu, vali yard\u0131mc\u0131lar\u0131 ve vatanda\u015flar kat\u0131ld\u0131.<\/p>\n<p style=\"text-align: justify;\">Kaynak: http:\/\/www.beyazgazete.com<\/p>\n","protected":false},"excerpt":{"rendered":"<p>Kula, Hatay Meclis K\u00fclt\u00fcr ve Sanat Merkezi&#8217;nde, K\u00fclt\u00fcr ve Turizm Bakanl\u0131\u011f\u0131 ile T\u00fcrk K\u00fct\u00fcphaneciler Derne\u011fi i\u015fbirli\u011fi ile d\u00fczenlenen &#8221;48. K\u00fct\u00fcphane Haftas\u0131&#8221; a\u00e7\u0131l\u0131\u015f program\u0131nda konu\u015fma yapt\u0131.T\u00fcrkiye tarihinde ilk defa halk\u0131n okuma haritas\u0131n\u0131 ortaya \u00e7\u0131karmak amac\u0131yla bir \u00e7al\u0131\u015fma ba\u015flatt\u0131klar\u0131n\u0131 belirten Kula, gen\u00e7lerde k\u00fct\u00fcphane bilincinin daha yayg\u0131n oldu\u011funun tespit edildi\u011fini ifade etti.<\/p>\n","protected":false},"author":1,"featured_media":0,"comment_status":"open","ping_status":"open","sticky":false,"template":"","format":"standard","meta":{"footnotes":""},"categories":[1469],"tags":[1461],"class_list":["post-3357","post","type-post","status-publish","format-standard","hentry","category-48-kutuphane-haftasi","tag-kutuphane-haftasi"],"_links":{"self":[{"href":"https:\/\/www.bbyhaber.com\/bby\/wp-json\/wp\/v2\/posts\/3357"}],"collection":[{"href":"https:\/\/www.bbyhaber.com\/bby\/wp-json\/wp\/v2\/posts"}],"about":[{"href":"https:\/\/www.bbyhaber.com\/bby\/wp-json\/wp\/v2\/types\/post"}],"author":[{"embeddable":true,"href":"https:\/\/www.bbyhaber.com\/bby\/wp-json\/wp\/v2\/users\/1"}],"replies":[{"embeddable":true,"href":"https:\/\/www.bbyhaber.com\/bby\/wp-json\/wp\/v2\/comments?post=3357"}],"version-history":[{"count":0,"href":"https:\/\/www.bbyhaber.com\/bby\/wp-json\/wp\/v2\/posts\/3357\/revisions"}],"wp:attachment":[{"href":"https:\/\/www.bbyhaber.com\/bby\/wp-json\/wp\/v2\/media?parent=3357"}],"wp:term":[{"taxonomy":"category","embeddable":true,"href":"https:\/\/www.bbyhaber.com\/bby\/wp-json\/wp\/v2\/categories?post=3357"},{"taxonomy":"post_tag","embeddable":true,"href":"https:\/\/www.bbyhaber.com\/bby\/wp-json\/wp\/v2\/tags?post=3357"}],"curies":[{"name":"wp","href":"https:\/\/api.w.org\/{rel}","templated":true}]}}