{"id":3354,"date":"2012-03-26T18:30:12","date_gmt":"2012-03-26T18:30:12","guid":{"rendered":"http:\/\/www.bbyhaber.com\/bby\/?p=3354"},"modified":"2013-03-11T09:56:57","modified_gmt":"2013-03-11T07:56:57","slug":"erdogan-kutuphane-haftasi-nedeniyle-mesaj-yayimladi","status":"publish","type":"post","link":"https:\/\/www.bbyhaber.com\/bby\/2012\/03\/26\/erdogan-kutuphane-haftasi-nedeniyle-mesaj-yayimladi","title":{"rendered":"Erdo\u011fan, K\u00fct\u00fcphane Haftas\u0131 nedeniyle mesaj yay\u0131mlad\u0131"},"content":{"rendered":"<p style=\"text-align: justify;\">Ba\u015fbakanl\u0131k Bas\u0131n Merkezi&#8217;nden yap\u0131lan a\u00e7\u0131klamaya g\u00f6re, Ba\u015fbakan Erdo\u011fan K\u00fct\u00fcphane Haftas\u0131 nedeniyle bir mesaj yay\u0131mlad\u0131. Mesajda, k\u00fct\u00fcphanelerin insanl\u0131\u011f\u0131n bilgi birikiminin muhafaza edildi\u011fi ve gelecek nesillere aktar\u0131ld\u0131\u011f\u0131 k\u00fclt\u00fcr evleri oldu\u011funu belirten Erdo\u011fan, &#8221;S\u00f6z u\u00e7ar, yaz\u0131 kal\u0131r&#8221; s\u00f6z\u00fcn\u00fc hat\u0131rlatt\u0131. Bug\u00fcn, ge\u00e7mi\u015f y\u00fczy\u0131llarda ya\u015fayan insanlar\u0131n yaz\u0131ya aktard\u0131klar\u0131, kay\u0131t alt\u0131na ald\u0131klar\u0131 ve kitapla\u015ft\u0131rd\u0131klar\u0131 bilgi, g\u00f6zlem, fikir ve tecr\u00fcbeler sayesinde ge\u00e7mi\u015fin \u00e7ok daha iyi anlayabilindi\u011fini, bug\u00fcne ve gelece\u011fe \u0131\u015f\u0131k tutulabildi\u011fini anlatan Ba\u015fbakan Erdo\u011fan, \u015funlar\u0131 kaydetti:<!--more--><\/p>\n<p style=\"text-align: justify;\">&#8221;Bilgiyi do\u011fru, d\u00fczenli ve f\u0131rsat e\u015fitli\u011fi sa\u011flayarak her ya\u015ftan ve sosyal s\u0131n\u0131ftan insan\u0131m\u0131za sunan k\u00fct\u00fcphaneler insanl\u0131\u011f\u0131n en \u00f6nemli hazineleri, en \u00f6nemli k\u00fclt\u00fcr miraslar\u0131 ve e\u011fitim kurumlar\u0131 aras\u0131nda say\u0131lmal\u0131d\u0131r. Zira, milletlerin ilerlemesini, geli\u015fmesini, kalk\u0131nmas\u0131n\u0131, y\u00fcksek k\u00fclt\u00fcrle donanmas\u0131n\u0131 sa\u011flayan en \u00f6nemli unsurlar\u0131n ba\u015f\u0131nda, zengin k\u00fct\u00fcphaneler gelmektedir. Bu bak\u0131mdan, bizler de g\u00fcn\u00fcm\u00fcz\u00fcn bilgi birikimini, haf\u0131zas\u0131n\u0131 gelecek ku\u015faklara aktarmak i\u00e7in k\u00fct\u00fcphanelerimizi muhafaza etmeli, onlar\u0131 daha da zenginle\u015ftirmeli ve modern imkanlarla donatmal\u0131y\u0131z.<\/p>\n<p style=\"text-align: justify;\">Bug\u00fcn, teknolojinin de geli\u015fmesiyle birlikte, devasa k\u00fct\u00fcphanelerde muhafaza edilen binlerce, y\u00fcz binlerce kitap, &#8216;\u00e7ip&#8217; ad\u0131 verilen k\u00fc\u00e7\u00fcc\u00fck elektronik materyaller i\u00e7inde korunabilmekte, yine ayn\u0131 imkanlar sayesinde, her t\u00fcrl\u00fc bilgi, saniyeler i\u00e7inde d\u00fcnyan\u0131n farkl\u0131 co\u011frafyalar\u0131ndaki geni\u015f kitlelere ula\u015ft\u0131r\u0131labilmektedir. \u0130nan\u0131yorum ki \u00e7a\u011fda\u015f k\u00fct\u00fcphanecilik imkanlar\u0131 ve bili\u015fim teknolojileri sayesinde g\u00fcn\u00fcm\u00fcz\u00fcn bilgi birikimi gelecek nesillere \u00e7ok daha sa\u011fl\u0131kl\u0131, \u00e7ok daha zengin bir \u015fekilde aktar\u0131labilecek, bilgi toplumu olma yolunda \u00e7ok \u00f6nemli bir ad\u0131m at\u0131lm\u0131\u015f olacakt\u0131r.<\/p>\n<p style=\"text-align: justify;\">Bu d\u00fc\u015f\u00fcncelerle K\u00fct\u00fcphane Haftas\u0131&#8217;n\u0131 kutluyor, de\u011ferli k\u00fct\u00fcphanecilerimize ba\u015far\u0131lar diliyor, bu haftan\u0131n \u00f6zellikle \u00e7ocuklar\u0131m\u0131z\u0131n ve gen\u00e7lerimizin i\u00e7indeki kitap sevgisini artt\u0131rmas\u0131n\u0131 temenni ediyorum.<\/p>\n<p style=\"text-align: justify;\">Kaynak:http:\/\/www.zaman.com.tr<\/p>\n","protected":false},"excerpt":{"rendered":"<p>Ba\u015fbakanl\u0131k Bas\u0131n Merkezi&#8217;nden yap\u0131lan a\u00e7\u0131klamaya g\u00f6re, Ba\u015fbakan Erdo\u011fan K\u00fct\u00fcphane Haftas\u0131 nedeniyle bir mesaj yay\u0131mlad\u0131. Mesajda, k\u00fct\u00fcphanelerin insanl\u0131\u011f\u0131n bilgi birikiminin muhafaza edildi\u011fi ve gelecek nesillere aktar\u0131ld\u0131\u011f\u0131 k\u00fclt\u00fcr evleri oldu\u011funu belirten Erdo\u011fan, &#8221;S\u00f6z u\u00e7ar, yaz\u0131 kal\u0131r&#8221; s\u00f6z\u00fcn\u00fc hat\u0131rlatt\u0131. Bug\u00fcn, ge\u00e7mi\u015f y\u00fczy\u0131llarda ya\u015fayan insanlar\u0131n yaz\u0131ya aktard\u0131klar\u0131, kay\u0131t alt\u0131na ald\u0131klar\u0131 ve kitapla\u015ft\u0131rd\u0131klar\u0131 bilgi, g\u00f6zlem, fikir ve tecr\u00fcbeler sayesinde ge\u00e7mi\u015fin [&hellip;]<\/p>\n","protected":false},"author":1,"featured_media":0,"comment_status":"open","ping_status":"open","sticky":false,"template":"","format":"standard","meta":{"footnotes":""},"categories":[1469],"tags":[1461],"class_list":["post-3354","post","type-post","status-publish","format-standard","hentry","category-48-kutuphane-haftasi","tag-kutuphane-haftasi"],"_links":{"self":[{"href":"https:\/\/www.bbyhaber.com\/bby\/wp-json\/wp\/v2\/posts\/3354"}],"collection":[{"href":"https:\/\/www.bbyhaber.com\/bby\/wp-json\/wp\/v2\/posts"}],"about":[{"href":"https:\/\/www.bbyhaber.com\/bby\/wp-json\/wp\/v2\/types\/post"}],"author":[{"embeddable":true,"href":"https:\/\/www.bbyhaber.com\/bby\/wp-json\/wp\/v2\/users\/1"}],"replies":[{"embeddable":true,"href":"https:\/\/www.bbyhaber.com\/bby\/wp-json\/wp\/v2\/comments?post=3354"}],"version-history":[{"count":0,"href":"https:\/\/www.bbyhaber.com\/bby\/wp-json\/wp\/v2\/posts\/3354\/revisions"}],"wp:attachment":[{"href":"https:\/\/www.bbyhaber.com\/bby\/wp-json\/wp\/v2\/media?parent=3354"}],"wp:term":[{"taxonomy":"category","embeddable":true,"href":"https:\/\/www.bbyhaber.com\/bby\/wp-json\/wp\/v2\/categories?post=3354"},{"taxonomy":"post_tag","embeddable":true,"href":"https:\/\/www.bbyhaber.com\/bby\/wp-json\/wp\/v2\/tags?post=3354"}],"curies":[{"name":"wp","href":"https:\/\/api.w.org\/{rel}","templated":true}]}}