{"id":3311,"date":"2012-03-24T19:46:58","date_gmt":"2012-03-24T19:46:58","guid":{"rendered":"http:\/\/www.bbyhaber.com\/bby\/?p=3311"},"modified":"2012-09-07T22:01:30","modified_gmt":"2012-09-07T19:01:30","slug":"yasasin-kutuphane-haftamiz","status":"publish","type":"post","link":"https:\/\/www.bbyhaber.com\/bby\/2012\/03\/24\/yasasin-kutuphane-haftamiz","title":{"rendered":"Ya\u015fas\u0131n K\u00fct\u00fcphane Haftam\u0131z"},"content":{"rendered":"<p style=\"text-align: justify;\">1964 y\u0131l\u0131ndan beri kutlad\u0131\u011f\u0131m\u0131z, k\u00fct\u00fcphanecili\u011fimizin geli\u015fmesine, k\u00fct\u00fcphanelerimizin toplumca tan\u0131n\u0131p benimsenmesine yard\u0131mc\u0131 olmak ad\u0131na T\u00fcrk K\u00fct\u00fcphaneciler Derne\u011fi taraf\u0131ndan ba\u015flat\u0131lan haftam\u0131z\u0131n olu\u015fmas\u0131na katk\u0131 sa\u011flay\u0131p bizlere bu haftay\u0131 arma\u011fan eden de\u011ferli b\u00fcy\u00fcklerimize, birbirinden de\u011ferli hocalar\u0131m\u0131za te\u015fekk\u00fcr\u00fc bir bor\u00e7 biliriz\u00a0 ve bug\u00fcnden t\u00fcm meslekta\u015flar\u0131m\u0131za haftam\u0131zda yapacaklar\u0131 \u00e7al\u0131\u015fmalar\u0131nda kolayl\u0131klar dileriz ve bu s\u00fcre\u00e7te kendisini b\u00fcy\u00fck bir i\u00e7tenlikle takip etti\u011fimiz, birbirinden g\u00fczel payla\u015f\u0131mlar\u0131yla bizleri bilgilerinden, haberdar eden, \u00e7al\u0131\u015fmalar\u0131yla bize yol g\u00f6steren, eme\u011fiyle, de\u011feriyle, payla\u015f\u0131m\u0131yla, mesle\u011fimize verdi\u011fi \u00f6nemle, meslekta\u015flar aras\u0131 birlikteli\u011fimize can veren; gerek sosyal medyadaki i\u00e7erikleriyle, gerek haber portallar\u0131ndaki yay\u0131nlar\u0131 ile b\u00fcy\u00fck bir \u00f6zveri ile \u00e7al\u0131\u015fan ba\u015fta\u00a0 TKD Genel Ba\u015fkan Yard\u0131mc\u0131m\u0131z Say\u0131n Ayd\u0131n \u0130leri olmak \u00fczere; t\u00fcm herkese verdikleri\/verecekleri katk\u0131lar\u0131ndan dolay\u0131 te\u015fekk\u00fcr ederiz.<!--more--><\/p>\n<p style=\"text-align: justify;\">Son g\u00fcnlerde mesle\u011fimizde ya\u015fanan olumsuz geli\u015fmelere y\u00f6nelik de\u011ferli hocam\u0131z Necmeddin Sefercio\u011flu&#8217;nun <a title=\"1964-1990 y\u0131llar\u0131 aras\u0131ndaki K\u00fct\u00fcphane Haftas\u0131 konu\u015fmalar\u0131\/programlar\u0131\" href=\"http:\/\/www.bbyhaber.com\/bby\/2012\/03\/21\/1964-1990-yillari-arasindaki-kutuphane-haftasi-konusmalariprogramlari\/\">1990 y\u0131l\u0131ndaki 26. K\u00fct\u00fcphane Haftas\u0131<\/a>&#8216;nda de\u011finmi\u015f\u00a0 oldu\u011fu konu\u015fmas\u0131n\u0131n son c\u00fcmlelerine yer vermek istiyoruz; &#8220;K\u00fct\u00fcphanelerimizin verimli bir hizmet ortam\u0131na kavu\u015fmas\u0131 i\u00e7in, her \u015feyden \u00f6nce, k\u00fct\u00fcphaneciye lay\u0131k oldu\u011fu meslek itibar\u0131 sa\u011flanmal\u0131, maddi ve manevi bak\u0131mlardan huzur i\u00e7inde \u00e7al\u0131\u015faca\u011f\u0131 ortam ve imkanlar yarat\u0131lmal\u0131d\u0131r. K\u00fct\u00fcphanecilerin, buna parelel bir geli\u015fme\u00a0 g\u00f6sterece\u011fi g\u00f6r\u00fclecektir. Burada &#8220;marifet iltifata tabidir&#8221; deyimini hat\u0131rlamak yararl\u0131 olacakt\u0131r. K\u00fct\u00fcphaneciye ge\u00e7im s\u0131k\u0131nt\u0131s\u0131 \u00e7ekmeyece\u011fi, yar\u0131n\u0131n\u0131n kayg\u0131s\u0131 i\u00e7inde olmayaca\u011f\u0131, huzur i\u00e7inde \u00e7al\u0131\u015faca\u011f\u0131, \u00e7al\u0131\u015fmalar\u0131n\u0131n de\u011ferlendirilece\u011fi bir ortam sa\u011flan\u0131rsa, ni\u00e7in \u00e7al\u0131\u015fmas\u0131n, neden verimli olmas\u0131n; niye &#8220;bilgi toplumu olu\u015fturulmas\u0131&#8221; \u00e7al\u0131\u015fmalar\u0131na katk\u0131da bulunman\u0131n mutluluk ve gururunu duymas\u0131n?&#8221; ve <a title=\"Teknik Hizmetler S\u0131n\u0131f\u0131 Belge Ar\u015fivi\" href=\"http:\/\/www.bbyhaber.com\/bby\/2011\/11\/11\/teknik-hizmetler-belge-arsivi\/\">THS&#8217;de ya\u015fanan s\u0131k\u0131nt\u0131lar\u0131m\u0131z\u0131n <\/a>bir an evvel giderilmesini, hakedilenin mesle\u011fimize verilmesini \u00fcmit ediyoruz; ya\u015fas\u0131n K\u00fct\u00fcphane Haftam\u0131z, ya\u015fas\u0131n birlikteli\u011fimiz ve canl\u0131 olsun herdaim bilgimiz; \u00e7\u00fcnk\u00fc Bilgi; Toplumu \u00c7o\u011fulla\u015ft\u0131r\u0131r.<\/p>\n<p style=\"text-align: justify;\">Sayg\u0131lar\u0131m\u0131zla,<br \/>\nBBY Haber<\/p>\n","protected":false},"excerpt":{"rendered":"<p>1964 y\u0131l\u0131ndan beri kutlad\u0131\u011f\u0131m\u0131z, k\u00fct\u00fcphanecili\u011fimizin geli\u015fmesine, k\u00fct\u00fcphanelerimizin toplumca tan\u0131n\u0131p benimsenmesine yard\u0131mc\u0131 olmak ad\u0131na T\u00fcrk K\u00fct\u00fcphaneciler Derne\u011fi taraf\u0131ndan ba\u015flat\u0131lan haftam\u0131z\u0131n olu\u015fmas\u0131na katk\u0131 sa\u011flay\u0131p bizlere bu haftay\u0131 arma\u011fan eden de\u011ferli b\u00fcy\u00fcklerimize, birbirinden de\u011ferli hocalar\u0131m\u0131za te\u015fekk\u00fcr\u00fc bir bor\u00e7 biliriz\u00a0 ve bug\u00fcnden t\u00fcm meslekta\u015flar\u0131m\u0131za haftam\u0131zda yapacaklar\u0131 \u00e7al\u0131\u015fmalar\u0131nda kolayl\u0131klar dileriz ve bu s\u00fcre\u00e7te kendisini b\u00fcy\u00fck bir i\u00e7tenlikle takip etti\u011fimiz, birbirinden [&hellip;]<\/p>\n","protected":false},"author":1,"featured_media":0,"comment_status":"open","ping_status":"open","sticky":false,"template":"","format":"standard","meta":{"footnotes":""},"categories":[1469],"tags":[1461],"class_list":["post-3311","post","type-post","status-publish","format-standard","hentry","category-48-kutuphane-haftasi","tag-kutuphane-haftasi"],"_links":{"self":[{"href":"https:\/\/www.bbyhaber.com\/bby\/wp-json\/wp\/v2\/posts\/3311"}],"collection":[{"href":"https:\/\/www.bbyhaber.com\/bby\/wp-json\/wp\/v2\/posts"}],"about":[{"href":"https:\/\/www.bbyhaber.com\/bby\/wp-json\/wp\/v2\/types\/post"}],"author":[{"embeddable":true,"href":"https:\/\/www.bbyhaber.com\/bby\/wp-json\/wp\/v2\/users\/1"}],"replies":[{"embeddable":true,"href":"https:\/\/www.bbyhaber.com\/bby\/wp-json\/wp\/v2\/comments?post=3311"}],"version-history":[{"count":0,"href":"https:\/\/www.bbyhaber.com\/bby\/wp-json\/wp\/v2\/posts\/3311\/revisions"}],"wp:attachment":[{"href":"https:\/\/www.bbyhaber.com\/bby\/wp-json\/wp\/v2\/media?parent=3311"}],"wp:term":[{"taxonomy":"category","embeddable":true,"href":"https:\/\/www.bbyhaber.com\/bby\/wp-json\/wp\/v2\/categories?post=3311"},{"taxonomy":"post_tag","embeddable":true,"href":"https:\/\/www.bbyhaber.com\/bby\/wp-json\/wp\/v2\/tags?post=3311"}],"curies":[{"name":"wp","href":"https:\/\/api.w.org\/{rel}","templated":true}]}}