{"id":3301,"date":"2012-03-23T11:13:52","date_gmt":"2012-03-23T11:13:52","guid":{"rendered":"http:\/\/www.bbyhaber.com\/bby\/?p=3301"},"modified":"2012-03-23T11:14:00","modified_gmt":"2012-03-23T11:14:00","slug":"miniklere-kutuphane-dersi-izmir","status":"publish","type":"post","link":"https:\/\/www.bbyhaber.com\/bby\/2012\/03\/23\/miniklere-kutuphane-dersi-izmir","title":{"rendered":"Miniklere k\u00fct\u00fcphane dersi-\u0130zmir"},"content":{"rendered":"<p style=\"text-align: justify;\">Torbal\u0131 Z\u00fcbeyde Han\u0131m Anaokulu \u00f6\u011frencileri d\u00fcn \u0130l\u00e7e Halk k\u00fct\u00fcphanesi\u2019ni ziyaret ederek, \u00f6\u011fretmenlerinden ve k\u00fct\u00fcphane yetkililerinden bilgi ve e\u011fitim ald\u0131lar. Torbal\u0131 Z\u00fcbeyde Han\u0131m Anaokulu \u00f6\u011frencileri d\u00fcn \u0130l\u00e7e Halk k\u00fct\u00fcphanesi\u2019ni ziyaret ederek, \u00f6\u011fretmenlerinden ve k\u00fct\u00fcphane yetkililerinden bilgi ve e\u011fitim ald\u0131lar. Minik \u00f6\u011frencilere k\u00fct\u00fcphanenin kullan\u0131m ama\u00e7lar\u0131 ve k\u00fct\u00fcphanedeki davran\u0131\u015flar \u00f6\u011fretilirken, kitap okuman\u0131n da ne kadar \u00f6nemli oldu\u011funa vurgu yap\u0131ld\u0131. K\u00fct\u00fcphanede sessiz bir \u015fekilde oturulmas\u0131 gerekti\u011fini \u00f6\u011frenen minikler daha sonra \u00f6\u011fretmenleri e\u015fli\u011finde kitap okudular. K\u00fct\u00fcphaneyi seven minikler, binlerce kitab\u0131 bir arada g\u00f6rmenin \u015fa\u015fk\u0131nl\u0131\u011f\u0131n\u0131 da ya\u015fad\u0131lar.<\/p>\n<p style=\"text-align: justify;\">http:\/\/www.egehaberi.com.tr<\/p>\n","protected":false},"excerpt":{"rendered":"<p>Torbal\u0131 Z\u00fcbeyde Han\u0131m Anaokulu \u00f6\u011frencileri d\u00fcn \u0130l\u00e7e Halk k\u00fct\u00fcphanesi\u2019ni ziyaret ederek, \u00f6\u011fretmenlerinden ve k\u00fct\u00fcphane yetkililerinden bilgi ve e\u011fitim ald\u0131lar. Torbal\u0131 Z\u00fcbeyde Han\u0131m Anaokulu \u00f6\u011frencileri d\u00fcn \u0130l\u00e7e Halk k\u00fct\u00fcphanesi\u2019ni ziyaret ederek, \u00f6\u011fretmenlerinden ve k\u00fct\u00fcphane yetkililerinden bilgi ve e\u011fitim ald\u0131lar. Minik \u00f6\u011frencilere k\u00fct\u00fcphanenin kullan\u0131m ama\u00e7lar\u0131 ve k\u00fct\u00fcphanedeki davran\u0131\u015flar \u00f6\u011fretilirken, kitap okuman\u0131n da ne kadar \u00f6nemli oldu\u011funa vurgu [&hellip;]<\/p>\n","protected":false},"author":1,"featured_media":0,"comment_status":"open","ping_status":"open","sticky":false,"template":"","format":"standard","meta":{"footnotes":""},"categories":[1],"tags":[],"class_list":["post-3301","post","type-post","status-publish","format-standard","hentry","category-genel"],"_links":{"self":[{"href":"https:\/\/www.bbyhaber.com\/bby\/wp-json\/wp\/v2\/posts\/3301"}],"collection":[{"href":"https:\/\/www.bbyhaber.com\/bby\/wp-json\/wp\/v2\/posts"}],"about":[{"href":"https:\/\/www.bbyhaber.com\/bby\/wp-json\/wp\/v2\/types\/post"}],"author":[{"embeddable":true,"href":"https:\/\/www.bbyhaber.com\/bby\/wp-json\/wp\/v2\/users\/1"}],"replies":[{"embeddable":true,"href":"https:\/\/www.bbyhaber.com\/bby\/wp-json\/wp\/v2\/comments?post=3301"}],"version-history":[{"count":0,"href":"https:\/\/www.bbyhaber.com\/bby\/wp-json\/wp\/v2\/posts\/3301\/revisions"}],"wp:attachment":[{"href":"https:\/\/www.bbyhaber.com\/bby\/wp-json\/wp\/v2\/media?parent=3301"}],"wp:term":[{"taxonomy":"category","embeddable":true,"href":"https:\/\/www.bbyhaber.com\/bby\/wp-json\/wp\/v2\/categories?post=3301"},{"taxonomy":"post_tag","embeddable":true,"href":"https:\/\/www.bbyhaber.com\/bby\/wp-json\/wp\/v2\/tags?post=3301"}],"curies":[{"name":"wp","href":"https:\/\/api.w.org\/{rel}","templated":true}]}}