{"id":3296,"date":"2012-03-23T11:08:22","date_gmt":"2012-03-23T11:08:22","guid":{"rendered":"http:\/\/www.bbyhaber.com\/bby\/?p=3296"},"modified":"2012-09-07T22:02:49","modified_gmt":"2012-09-07T19:02:49","slug":"81-ilde-kitap-okuma-etkinligi","status":"publish","type":"post","link":"https:\/\/www.bbyhaber.com\/bby\/2012\/03\/23\/81-ilde-kitap-okuma-etkinligi","title":{"rendered":"81 \u0130lde Kitap Okuma Etkinli\u011fin\u200be Kat\u0131lacak Olan \u0130ller"},"content":{"rendered":"<p style=\"text-align: justify;\"><strong>\u201cK\u0130TABINI ALAN MEYDANA GELS\u0130N!\u201d<\/strong><\/p>\n<p style=\"text-align: justify;\">48. K\u00fct\u00fcphane Haftas\u0131\u2019n\u0131n \u0130lk G\u00fcn\u00fcnde, 81 \u0130l Merkezinde, Ayn\u0131 Saatte \u201cKitap Okuyoruz\u201d 48. K\u00fct\u00fcphane Haftas\u0131 etkinlikleri kapsam\u0131nda 26 Mart Pazartesi g\u00fcn\u00fc 12.30-13.00 saatleri aras\u0131nda 81 ilde \u015fehir merkezlerinde, b\u00fcy\u00fck\u015fehirlerin il\u00e7elerinde toplumun kitap ve k\u00fct\u00fcphaneye ilgisini \u00e7ekmek, toplumda okuma al\u0131\u015fkanl\u0131\u011f\u0131 konusunda fark\u0131ndal\u0131k yaratmak i\u00e7in; <!--more-->k\u00fct\u00fcphaneciler, bilgi ve belge y\u00f6netimi b\u00f6l\u00fcm\u00fc \u00f6\u011frencileri, akademisyenler, yazarlar, \u00e7izerler, yay\u0131nc\u0131lar, okurlar hep birlikte kitap okuyaca\u011f\u0131z. Kitap okunacak illeri ve meydanlar\u0131 \u00e7o\u011faltal\u0131m.K\u00fct\u00fcphaneciler kitaplar\u0131yla, okurlar\u0131yla yazar\u0131yla meydanlarda olacak bu co\u015fkuyu \u00e7o\u011faltal\u0131m. Kitap okuma etkinli\u011fini destekleyen kurumlar; Okul K\u00fct\u00fcphanecileri Derne\u011fi, \u00c7ocuk ve Gen\u00e7lik Yay\u0131nlar\u0131 Derne\u011fi, \u00c7ocuk Vakf\u0131, Edebiyat\u00e7\u0131lar Derne\u011fi, BU\u011eDAY Ekolojik Ya\u015fam\u0131 Destekleme Derne\u011fi, Bir Dolap Kitap, \u00c7izgi Roman Okurlar\u0131 Platformu, Koza \u00c7ocuk Kitapl\u0131\u011f\u0131 ve Oyuncak At\u00f6lyesi, T\u00fcrkiye\u2019nin bir\u00e7ok \u00dcniversitesinde okuyan Toplum G\u00f6n\u00fcll\u00fcs\u00fc Gen\u00e7ler destek olacak. Toplumun k\u00fct\u00fcphanelere, kitabailgisinin artt\u0131\u011f\u0131 k\u00fct\u00fcphane haftas\u0131nda; k\u00fct\u00fcphaneler, k\u00fct\u00fcphanecilerin dernekleri, birbirinden farkl\u0131 etkinliklerle t\u00fcm T\u00fcrkiye\u2019de k\u00fct\u00fcphane haftas\u0131n\u0131 co\u015fkuyla kutlayacak.<\/p>\n<p style=\"text-align: justify;\">48. K\u00fct\u00fcphane Haftas\u0131n\u0131n a\u00e7\u0131l\u0131\u015f g\u00fcn\u00fc, 26 Mart 2012 tarihinde saat 12.30-13.00 aras\u0131nda 81 ilde e\u015f zamanl\u0131 ger\u00e7ekle\u015fecek olan kitap okuma etkinli\u011fimize ve \u201cBilgi, Toplumu \u00c7o\u011fulla\u015ft\u0131r\u0131r\u201d temas\u0131yla kutlanacak olan k\u00fct\u00fcphane haftas\u0131nda yap\u0131lacak t\u00fcm etkinliklere destek ve kat\u0131l\u0131m\u0131n\u0131z\u0131 bekliyoruz.<\/p>\n<p style=\"text-align: justify;\">K\u0130TAP OKUNACAK \u0130LLER VE OKUMA MERKEZLER\u0130<\/p>\n<p style=\"text-align: justify;\"><strong>26 Mart 2012Pazartesi G\u00fcn\u00fc -Saat: 12.30-13.00<\/strong><\/p>\n<p style=\"text-align: justify;\">Adana- Hac\u0131 \u00d6mer Sabanc\u0131 K\u00fclt\u00fcr Merkezi\u00a0 Bah\u00e7esi-saat: 12.30-13.00<\/p>\n<p style=\"text-align: justify;\">A\u011fr\u0131-\u0130l Halk K\u00fct\u00fcphanesi \u00d6n\u00fc-saat: 12.30-13.00<\/p>\n<p style=\"text-align: justify;\">Ankara-Abdi \u0130pek\u00e7i Park\u0131-\u00c7ankaya-saat:\u00a0 12.30-13.00<\/p>\n<p style=\"text-align: justify;\">Ankara-Bilkent \u00dcniversitesi K\u00fct\u00fcphaneBah\u00e7esi-saat: 12.30-13.00<\/p>\n<p style=\"text-align: justify;\">Antalya- Manavgat Cumhuriyet Meydan\u0131\/K\u00fclt\u00fcrEvi \u00d6n\u00fc-saat: 12.30-13.00<\/p>\n<p style=\"text-align: justify;\">Ardahan-\u0130l Halk K\u00fct\u00fcphanesi \u00d6n\u00fc-saat:12.30-13.00<\/p>\n<p style=\"text-align: justify;\">Artvin-\u00c7okkatl\u0131Otopark ve Spor Kompleksi Binas\u0131 Bo\u011fa Heykeli Yan\u0131-saat: 12.30-13.00<\/p>\n<p style=\"text-align: justify;\">Ayd\u0131n-\u0130l Halk K\u00fct\u00fcphanesi Kar\u015f\u0131s\u0131\/Turistik Park Yan\u0131-saat:12.30-13.00<\/p>\n<p style=\"text-align: justify;\">Bal\u0131kesir-Valilik Hizmet Binas\u0131 \u00d6n\u00fc\/Dinlenme Alan\u0131-saat: 12.30-13.00<\/p>\n<p style=\"text-align: justify;\">Bart\u0131n-Bart\u0131n Orman \u0130\u015fletme M\u00fcd\u00fcrl\u00fc\u011f\u00fcBah\u00e7esi-saat: 12.30-13.00<\/p>\n<p style=\"text-align: justify;\">Bilecik- \u0130l Halk K\u00fct\u00fcphanesi \u00d6n\u00fc-saat:12.30-13.00<\/p>\n<p style=\"text-align: justify;\">Bilecik-Boz\u00f6y\u00fck Atat\u00fcrk An\u0131t\u0131 \u00f6n\u00fc-saat: 12.00-12.30<\/p>\n<p style=\"text-align: justify;\">Bing\u00f6l- K\u00fclt\u00fcr Merkezi Binas\u0131 \u00d6n\u00fc-saat: 12.30-13.00<\/p>\n<p style=\"text-align: justify;\">Bitlis-\u015eehir Merkezi-saat: 12.30-13.00<\/p>\n<p style=\"text-align: justify;\">Burdur- Cumhuriyet Meydan\u0131 An\u0131t Alan\u0131-saat: 12.30-13.00<\/p>\n<p style=\"text-align: justify;\">Bursa- Uluda\u011f \u00dcniversitesi Mediko Sosyal Merkezi \u00d6n\u00fc-saat 12.30-13.00<\/p>\n<p style=\"text-align: justify;\">\u00c7anakkale- \u00c7anakkale 18 Mart \u00dcniv. AnafartalarKampusu-saat 12.30-13.00<\/p>\n<p style=\"text-align: justify;\">\u00c7orum-\u00c7orumK\u00fclt\u00fcr Sitesi Meydan\u0131-saat:12.30-13.00<\/p>\n<p style=\"text-align: justify;\">Denizli-Denizli Belediyesi \u00d6n\u00fc-saat:12.30-13.00<\/p>\n<p style=\"text-align: justify;\">Diyarbak\u0131r-\u0130l Halk K\u00fct\u00fcphanesi Bah\u00e7esi-saat:12.30-13.00<\/p>\n<p style=\"text-align: justify;\">Edirne- Sara\u00e7lar Caddesi-saat: 12.30-13.00<\/p>\n<p style=\"text-align: justify;\">Erzincan-Cumhuriyet Meydan\u0131-saat: 12.30-13.00<\/p>\n<p style=\"text-align: justify;\">Erzurum-Yakutiye Medresesi \u00d6n\u00fc-saat: 12.30-13.00<\/p>\n<p style=\"text-align: justify;\">Eski\u015fehir-\u0130l Halk K\u00fct\u00fcphanesiBah\u00e7esi-saat:12.30-13.00<\/p>\n<p style=\"text-align: justify;\">Gaziantep-K\u0131rkayak Park\u0131\/\u0130l Halk K\u00fct\u00fcphanesi\u00a0 Kar\u015f\u0131s\u0131-saat: 12.30-13.00<\/p>\n<p style=\"text-align: justify;\">Hakkari-Atat\u00fcrk K\u00fclt\u00fcr Merkezi-saat:12.30-13.00<\/p>\n<p style=\"text-align: justify;\">\u0130stanbul \u2013Galatasaray Lisesi \u00d6n\u00fc-\u0130stiklal Caddesi \u2013Taksim\/Beyo\u011flu-\u00a0 saat: 12.30-13.00<\/p>\n<p style=\"text-align: justify;\">\u0130zmir-Konak Meydan\u0131 Saat Kulesi \u00d6n\u00fc-Konak \u2013saat: 12.30-13.00<\/p>\n<p style=\"text-align: justify;\">\u0130zmir-Bornova Cumhuriyet Meydan\u0131-saat: 12.30-13.00<\/p>\n<p style=\"text-align: justify;\">Karaman- Piri Reis K\u00fclt\u00fcr Merkezi \u00d6n\u00fc-saat: 12.00-13.00<\/p>\n<p style=\"text-align: justify;\">K\u0131r\u0131kkale- Cumhuriyet Meydan\u0131- saat: 12.30-13.00<\/p>\n<p style=\"text-align: justify;\">Kocaeli-Sabanc\u0131 K\u00fclt\u00fcr Sitesi \u00d6n\u00fc-saat: 12.30-13.00<\/p>\n<p style=\"text-align: justify;\">Kocaeli-Kocaeli \u00dcniversitesi Umuttepe Yerle\u015fkesi CumhuriyetMeydan\u0131-saat:12.30-13.00<\/p>\n<p style=\"text-align: justify;\">Malatya &#8211; \u0130l Halk K\u00fct\u00fcphanesi \u00d6n\u00fc-Kernek Meydan\u0131-saat:12.30-13.00<\/p>\n<p style=\"text-align: justify;\">Manisa- Manisa \u0130l Halk K\u00fct\u00fcphanesi(K\u0130TAPSARAY)\u00a0 Bah\u00e7esi-saat:12.30-13.00<\/p>\n<p style=\"text-align: justify;\">Mu\u011fla -Hoca Mustafa Efendi \u0130lHalk K\u00fct\u00fcphanesi \u00d6n\u00fc-saat 12.30-13.00<\/p>\n<p style=\"text-align: justify;\">Mu\u015f- Ceylan Al\u0131\u015fveri\u015f Merkezi \u00d6n\u00fc-saat: 14.00-14.30<\/p>\n<p style=\"text-align: justify;\">Ordu- Atat\u00fcrk Park\u0131&#8217;ndaTeleferik \u0130stasyonu Yan\u0131-saat:12.30-13.00<\/p>\n<p style=\"text-align: justify;\">Osmaniye- Park 328 AVM- saat:12.30-13.00<\/p>\n<p style=\"text-align: justify;\">Sakarya- Atat\u00fcrk Bulvar\u0131 AKM \u00d6n\u00fc-Saat:\u00a0 12.30-13.00<\/p>\n<p style=\"text-align: justify;\">Sinop- Valilik \u00d6n\u00fc-saat: 12.30-13.00<\/p>\n<p style=\"text-align: justify;\">\u015eanl\u0131urfa-Cengiz Topel Meydan\u0131-saat: 12.30-13.00<\/p>\n<p style=\"text-align: justify;\">Tokat-Zile \u0130l\u00e7e Halk K\u00fct\u00fcphanesi\u00d6n\u00fc-saat:12.30-13.00<\/p>\n<p style=\"text-align: justify;\">U\u015fak-Tirito\u011flu Park\u0131-saat: 12.30-13.00<\/p>\n<p style=\"text-align: justify;\"><strong>27 Mart 2012 Sal\u0131 G\u00fcn\u00fc- Saat:\u00a0 12.30-13.00<\/strong><\/p>\n<p style=\"text-align: justify;\">Afyonkarahisar- Hattat Ahmet Karahisari K\u00fclt\u00fcr ve Sanat Merkezi \/Uydukent\u00a0 -saat: 12.30-13.00<\/p>\n<p style=\"text-align: justify;\">\u0130zmir-Konak Meydan\u0131 Saat Kulesi \u00d6n\u00fc-Konak\u2013saat: 12.30-13.00<\/p>\n<p style=\"text-align: justify;\"><strong>28 Mart 2012 \u00c7ar\u015famba G\u00fcn\u00fc<\/strong><\/p>\n<p style=\"text-align: justify;\">Bolu- Abant \u0130zzet Baysal \u00dcniversitesi K\u00fct\u00fcphanesi-saat: 12.00-12.30<\/p>\n<p style=\"text-align: justify;\"><strong>31 Mart 2012 Cumartesi G\u00fcn\u00fc<\/strong><\/p>\n<p style=\"text-align: justify;\">K\u0131br\u0131s\/Lefko\u015fa- Uluslararas\u0131 K\u0131br\u0131s \u00dcniversitesi B\u00fcy\u00fckhan\/Lefko\u015fa-saat:11.00<\/p>\n<p style=\"text-align: justify;\">Not: Kitap okuma etkinli\u011fine kat\u0131lacak olan iller ve meydanlar belirlendik\u00e7e bu liste g\u00fcncellenecektir.<\/p>\n<p style=\"text-align: justify;\"><span style=\"color: #0000ff;\"><strong>Kaynak:<\/strong><\/span><br \/>\n<strong>Ayd\u0131n \u0130leri<\/strong><br \/>\nTKD Genel Ba\u015fkan Yard\u0131mc\u0131s\u0131<br \/>\n<a href=\"http:\/\/twitter.com\/aydinileri\" target=\"_blank\">http:\/\/twitter.com\/aydinileri<\/a><br \/>\n<a href=\"http:\/\/www.facebook.com\/profile.php?id=822177645\" target=\"_blank\">http:\/\/www.facebook.com\/profile.php?id=822177645<\/a><br \/>\n<a href=\"http:\/\/aydinileri.blogspot.com\/\" target=\"_blank\">http:\/\/aydinileri.blogspot.com\/<\/a><\/p>\n","protected":false},"excerpt":{"rendered":"<p>\u201cK\u0130TABINI ALAN MEYDANA GELS\u0130N!\u201d 48. K\u00fct\u00fcphane Haftas\u0131\u2019n\u0131n \u0130lk G\u00fcn\u00fcnde, 81 \u0130l Merkezinde, Ayn\u0131 Saatte \u201cKitap Okuyoruz\u201d 48. K\u00fct\u00fcphane Haftas\u0131 etkinlikleri kapsam\u0131nda 26 Mart Pazartesi g\u00fcn\u00fc 12.30-13.00 saatleri aras\u0131nda 81 ilde \u015fehir merkezlerinde, b\u00fcy\u00fck\u015fehirlerin il\u00e7elerinde toplumun kitap ve k\u00fct\u00fcphaneye ilgisini \u00e7ekmek, toplumda okuma al\u0131\u015fkanl\u0131\u011f\u0131 konusunda fark\u0131ndal\u0131k yaratmak i\u00e7in;<\/p>\n","protected":false},"author":1,"featured_media":0,"comment_status":"open","ping_status":"open","sticky":false,"template":"","format":"standard","meta":{"footnotes":""},"categories":[1469,1476],"tags":[1461],"class_list":["post-3296","post","type-post","status-publish","format-standard","hentry","category-48-kutuphane-haftasi","category-aydin-ileri","tag-kutuphane-haftasi"],"_links":{"self":[{"href":"https:\/\/www.bbyhaber.com\/bby\/wp-json\/wp\/v2\/posts\/3296"}],"collection":[{"href":"https:\/\/www.bbyhaber.com\/bby\/wp-json\/wp\/v2\/posts"}],"about":[{"href":"https:\/\/www.bbyhaber.com\/bby\/wp-json\/wp\/v2\/types\/post"}],"author":[{"embeddable":true,"href":"https:\/\/www.bbyhaber.com\/bby\/wp-json\/wp\/v2\/users\/1"}],"replies":[{"embeddable":true,"href":"https:\/\/www.bbyhaber.com\/bby\/wp-json\/wp\/v2\/comments?post=3296"}],"version-history":[{"count":0,"href":"https:\/\/www.bbyhaber.com\/bby\/wp-json\/wp\/v2\/posts\/3296\/revisions"}],"wp:attachment":[{"href":"https:\/\/www.bbyhaber.com\/bby\/wp-json\/wp\/v2\/media?parent=3296"}],"wp:term":[{"taxonomy":"category","embeddable":true,"href":"https:\/\/www.bbyhaber.com\/bby\/wp-json\/wp\/v2\/categories?post=3296"},{"taxonomy":"post_tag","embeddable":true,"href":"https:\/\/www.bbyhaber.com\/bby\/wp-json\/wp\/v2\/tags?post=3296"}],"curies":[{"name":"wp","href":"https:\/\/api.w.org\/{rel}","templated":true}]}}