{"id":3271,"date":"2012-03-23T06:52:18","date_gmt":"2012-03-23T06:52:18","guid":{"rendered":"http:\/\/www.bbyhaber.com\/bby\/?p=3271"},"modified":"2012-10-01T09:38:45","modified_gmt":"2012-10-01T06:38:45","slug":"6-ankara-kitap-fuari","status":"publish","type":"post","link":"https:\/\/www.bbyhaber.com\/bby\/2012\/03\/23\/6-ankara-kitap-fuari","title":{"rendered":"6. Ankara Kitap Fuar\u0131"},"content":{"rendered":"<p style=\"text-align: justify;\">Atat\u00fcrk K\u00fclt\u00fcr Merkezinde, geleneksel olarak, 6 y\u0131ld\u0131r organize edilen Ankara Kitap Fuar\u0131, kap\u0131lar\u0131n\u0131 kitapseverlere a\u00e7\u0131yor. Eyl\u00fcl Fuarc\u0131l\u0131k ve T\u00fcrk K\u00fct\u00fcphaneciler Derne\u011fi Genel Merkezi taraf\u0131ndan 6 y\u0131ld\u0131r, K\u00fct\u00fcphane Haftas\u0131 kapsam\u0131nda geleneksel olarak ger\u00e7ekle\u015fen Ankara Kitap Fuar\u0131, Atat\u00fcrk K\u00fclt\u00fcr Merkezinde kitapseverlere kap\u0131lar\u0131n\u0131 bug\u00fcn\u00a0 a\u00e7\u0131yor. Fuar A\u00e7\u0131l\u0131\u015f T\u00f6reni 23Mart 2012 Cuma (bug\u00fcn)Saat: 14.00\u2019de ger\u00e7ekle\u015fecek.<!--more--><\/p>\n<p style=\"text-align: justify;\">Fuar Eyl\u00fcl Fuarc\u0131l\u0131k Y\u00f6netim Kurulu Ba\u015fkan\u0131 Remzi \u00c7ay\u0131r ve T\u00fcrk K\u00fct\u00fcphaneciler Derne\u011fi Genel Ba\u015fkan\u0131 Ali Fuat Kartal taraf\u0131ndan yap\u0131lacak a\u00e7\u0131l\u0131\u015f konu\u015fmalar\u0131 sonras\u0131nda a\u00e7\u0131lacak 150 yay\u0131nevinin kat\u0131l\u0131mc\u0131 olaca\u011f\u0131, 100\u2019den fazla yazar\u0131n imza g\u00fcnlerinde okurla bulu\u015faca\u011f\u0131 6. Ankara Kitap Fuar\u0131 1 Nisan2012 Pazar g\u00fcn\u00fc ak\u015fam\u0131na kadar ziyaret\u00e7ilere a\u00e7\u0131k olacak.<\/p>\n<p style=\"text-align: justify;\"><span style=\"color: #0000ff;\"><strong>Kaynak:<\/strong><\/span><br \/>\nAyd\u0131n \u0130leri<br \/>\nT\u00fcrk K\u00fct\u00fcphaneciler Derne\u011fi Genel Ba\u015fkan Yard\u0131mc\u0131s\u0131<br \/>\naydinileri@gmail.com<br \/>\n<a href=\"http:\/\/twitter.com\/aydinileri\" target=\"_blank\">http:\/\/twitter.com\/aydinileri<\/a><\/p>\n","protected":false},"excerpt":{"rendered":"<p>Atat\u00fcrk K\u00fclt\u00fcr Merkezinde, geleneksel olarak, 6 y\u0131ld\u0131r organize edilen Ankara Kitap Fuar\u0131, kap\u0131lar\u0131n\u0131 kitapseverlere a\u00e7\u0131yor. Eyl\u00fcl Fuarc\u0131l\u0131k ve T\u00fcrk K\u00fct\u00fcphaneciler Derne\u011fi Genel Merkezi taraf\u0131ndan 6 y\u0131ld\u0131r, K\u00fct\u00fcphane Haftas\u0131 kapsam\u0131nda geleneksel olarak ger\u00e7ekle\u015fen Ankara Kitap Fuar\u0131, Atat\u00fcrk K\u00fclt\u00fcr Merkezinde kitapseverlere kap\u0131lar\u0131n\u0131 bug\u00fcn\u00a0 a\u00e7\u0131yor. Fuar A\u00e7\u0131l\u0131\u015f T\u00f6reni 23Mart 2012 Cuma (bug\u00fcn)Saat: 14.00\u2019de ger\u00e7ekle\u015fecek.<\/p>\n","protected":false},"author":1,"featured_media":0,"comment_status":"open","ping_status":"open","sticky":false,"template":"","format":"standard","meta":{"footnotes":""},"categories":[1476,1,1493,1607],"tags":[],"class_list":["post-3271","post","type-post","status-publish","format-standard","hentry","category-aydin-ileri","category-genel","category-kitap-fuarlari-2","category-turk-kutuphaneciler-dernegi-tkd"],"_links":{"self":[{"href":"https:\/\/www.bbyhaber.com\/bby\/wp-json\/wp\/v2\/posts\/3271"}],"collection":[{"href":"https:\/\/www.bbyhaber.com\/bby\/wp-json\/wp\/v2\/posts"}],"about":[{"href":"https:\/\/www.bbyhaber.com\/bby\/wp-json\/wp\/v2\/types\/post"}],"author":[{"embeddable":true,"href":"https:\/\/www.bbyhaber.com\/bby\/wp-json\/wp\/v2\/users\/1"}],"replies":[{"embeddable":true,"href":"https:\/\/www.bbyhaber.com\/bby\/wp-json\/wp\/v2\/comments?post=3271"}],"version-history":[{"count":0,"href":"https:\/\/www.bbyhaber.com\/bby\/wp-json\/wp\/v2\/posts\/3271\/revisions"}],"wp:attachment":[{"href":"https:\/\/www.bbyhaber.com\/bby\/wp-json\/wp\/v2\/media?parent=3271"}],"wp:term":[{"taxonomy":"category","embeddable":true,"href":"https:\/\/www.bbyhaber.com\/bby\/wp-json\/wp\/v2\/categories?post=3271"},{"taxonomy":"post_tag","embeddable":true,"href":"https:\/\/www.bbyhaber.com\/bby\/wp-json\/wp\/v2\/tags?post=3271"}],"curies":[{"name":"wp","href":"https:\/\/api.w.org\/{rel}","templated":true}]}}