{"id":3266,"date":"2012-03-22T16:28:24","date_gmt":"2012-03-22T16:28:24","guid":{"rendered":"http:\/\/www.bbyhaber.com\/bby\/?p=3266"},"modified":"2013-03-06T12:02:56","modified_gmt":"2013-03-06T10:02:56","slug":"universite-kutuphanelerinde-calisan-memurlarin-kazanilmis-haklari-gasp-edilemez","status":"publish","type":"post","link":"https:\/\/www.bbyhaber.com\/bby\/2012\/03\/22\/universite-kutuphanelerinde-calisan-memurlarin-kazanilmis-haklari-gasp-edilemez","title":{"rendered":"\u00dcniversite K\u00fct\u00fcphanelerinde \u00c7al\u0131\u015fan Memurlar\u0131n Kazan\u0131lm\u0131\u015f Haklar\u0131 Gasp Edilemez"},"content":{"rendered":"<p style=\"text-align: justify;\">T\u00fcrkiye Kamu Sen ve T\u00fcrk E\u011fitim Sen \u0130stanbul \u0130l Ba\u015fkan\u0131 Yrd. Do\u00e7. Dr. M. Hanefi Bostan, &#8220;\u00dcniversite k\u00fct\u00fcphanelerinde \u00e7al\u0131\u015fan memurlar\u0131n kazan\u0131lm\u0131\u015f haklar\u0131 gasp edilemez&#8221; dedi.<!--more--><\/p>\n<p style=\"text-align: justify;\">Yaz\u0131l\u0131 a\u00e7\u0131klama yapan Hanefi Bostan, 10 Aral\u0131k 2010 tarih ve 27781 say\u0131l\u0131 Resmi Gazete&#8217;de yay\u0131mlanan 2010\/1092 say\u0131l\u0131 Bakanlar Kurulu karar\u0131 ile &#8220;folklor ara\u015ft\u0131rmac\u0131s\u0131, k\u00fct\u00fcphaneci, ar\u015fivci, kitap patologu ve sosyolog&#8221; unvanlar\u0131n\u0131n 657 say\u0131l\u0131 Devlet Memurlar\u0131 Kanunu&#8217;nun 36. maddesinin birinci f\u0131kras\u0131n\u0131n Teknik Hizmetler S\u0131n\u0131f\u0131 ba\u015fl\u0131kl\u0131 II numaral\u0131 bendi kapsam\u0131na al\u0131nmas\u0131n\u0131n kararla\u015ft\u0131r\u0131ld\u0131\u011f\u0131n\u0131 hat\u0131rlatarak, &#8220;4 Temmuz 2011 tarih ve 27984 m\u00fckerrer say\u0131l\u0131 Resmi Gazete&#8217;de yay\u0131mlanan 644 say\u0131l\u0131 Kanun H\u00fckm\u00fcnde Kararname uyar\u0131nca da; 190 say\u0131l\u0131 Kanun H\u00fckm\u00fcnde Kararname&#8217;nin eki (I) say\u0131l\u0131 cetvelin kurumlara ait b\u00f6l\u00fcmlerinde yer alan folklor ara\u015ft\u0131rmac\u0131s\u0131, m\u00fcze ara\u015ft\u0131rmac\u0131s\u0131, k\u00fct\u00fcphaneci, ar\u015fivci, kitap patologu ve sosyolog unvanl\u0131 kadrolar\u0131n s\u0131n\u0131f\u0131 Teknik Hizmetler S\u0131n\u0131f\u0131 olarak de\u011fi\u015ftirilmi\u015ftir. Bahsi ge\u00e7en d\u00fczenlemeler uyar\u0131nca hizmet s\u0131n\u0131flar\u0131 genel idare hizmetlerinden teknik hizmetler s\u0131n\u0131f\u0131na ge\u00e7irilen folklor ara\u015ft\u0131rmac\u0131s\u0131, m\u00fcze ara\u015ft\u0131rmac\u0131s\u0131, k\u00fct\u00fcphaneci, ar\u015fivci, kitap patologu ve sosyolog unvanl\u0131 kadrolara Teknik Hizmetler S\u0131n\u0131f\u0131 gere\u011fi zam ve tazminat \u00f6demesi yap\u0131lm\u0131\u015ft\u0131r. Ancak, Ardahan Milletvekili Say\u0131n Ensar \u00d6\u011f\u00fct&#8217;\u00fcn 7\/1107 esas numaral\u0131 soru \u00f6nergesine cevaben Bakanl\u0131\u011f\u0131n\u0131z B\u00fct\u00e7e ve Mali Kontrol Genel M\u00fcd\u00fcrl\u00fc\u011f\u00fc&#8217;nce T\u00fcrkiye B\u00fcy\u00fck Millet Meclisi Ba\u015fkanl\u0131\u011f\u0131&#8217;na sunulan 17 Ocak 2012 tarih ve 510 say\u0131l\u0131 yaz\u0131da folklor ara\u015ft\u0131rmac\u0131s\u0131, k\u00fct\u00fcphaneci, ar\u015fivci, kitap patologu ve sosyolog unvanl\u0131 personelin zam ve tazminat talebine ili\u015fkin olarak, bu personelin mesleki teknik i\u00e7eri\u011fe haiz y\u00fcksek\u00f6\u011frenim mezunu olarak de\u011ferlendirilmelerinin m\u00fcmk\u00fcn olmad\u0131\u011f\u0131 y\u00f6n\u00fcnde g\u00f6r\u00fc\u015f bildirildi\u011fi i\u00e7in yap\u0131lan \u00f6demeler kesilerek, personelden geriye d\u00f6n\u00fck olarak \u00f6demesi talep edilmektedir&#8221; dedi.<\/p>\n<p style=\"text-align: justify;\">Bostan, yasa bulunan bir konuda Maliye Bakanl\u0131\u011f\u0131&#8217;n\u0131n yasaya ayk\u0131r\u0131 bir talepte bulunmas\u0131n\u0131n s\u00f6z konusu olamayaca\u011f\u0131n\u0131 belirterek, &#8220;Maliye Bakan\u0131n\u0131n, \u00fcniversite ve b\u00fct\u00fcn k\u00fct\u00fcphanelerde \u00e7al\u0131\u015fan folklor ara\u015ft\u0131rmac\u0131s\u0131, k\u00fct\u00fcphaneci, ar\u015fivci, kitap patologu ve sosyolog unvanl\u0131 personelin teknik hizmetler s\u0131n\u0131f\u0131nda de\u011ferlendirilebilece\u011fi konusunda g\u00f6r\u00fc\u015f bildirmesine ra\u011fmen bug\u00fcn bu g\u00f6r\u00fc\u015f\u00fcnden vazge\u00e7mesi devlet ciddiyetiyle ba\u011fda\u015fmaz&#8221; ifadelerini kulland\u0131.<br \/>\nT\u00fcrk E\u011fitim Sen olarak konuyla ilgili Maliye Bakanl\u0131\u011f\u0131&#8217;na ve Y\u00d6K&#8217;e ayr\u0131 ayr\u0131 yaz\u0131lar yaz\u0131larak \u00fcniversite k\u00fct\u00fcphanelerinde teknik hizmetler s\u0131n\u0131f\u0131na al\u0131nan personelin ma\u011fdur edilmemesi ve kazan\u0131lm\u0131\u015f haklar\u0131n\u0131n gasp edilmemesi hususunda gerekli hassasiyeti g\u00f6stermelerinin istendi\u011fini anlatan Bostan, ayr\u0131ca milletvekillerinin Maliye Bakan\u0131&#8217;ndan yaz\u0131l\u0131 cevapland\u0131rmas\u0131 iste\u011fiyle bir soru \u00f6nergesi haz\u0131rlanarak milletvekillerine g\u00f6nderildi\u011fini kaydetti. Bostan, milletvekilleri taraf\u0131ndan Maliye Bakan\u0131&#8217;na<br \/>\nsorulan sorular\u0131 ise \u015f\u00f6yle s\u0131ralad\u0131:<\/p>\n<p style=\"text-align: justify;\">&#8220;- Folklor ara\u015ft\u0131rmac\u0131s\u0131, m\u00fcze ara\u015ft\u0131rmac\u0131s\u0131, k\u00fct\u00fcphaneci, ar\u015fivci, kitap patologu ve sosyolog unvanl\u0131 kadrolar\u0131n hizmet s\u0131n\u0131f\u0131 Bakanlar Kurulu karar\u0131 ve KHK uyar\u0131nca Teknik Hizmetler S\u0131n\u0131f\u0131 olarak de\u011fi\u015ftirilmesine kar\u015f\u0131l\u0131k, i\u00e7inde bulunduklar\u0131 hizmet s\u0131n\u0131f\u0131n\u0131n yararland\u0131\u011f\u0131 zam ve tazminatlardan yararlanamamalar\u0131 hukuka ve adalete uygun mudur?<\/p>\n<p style=\"text-align: justify;\">&#8211; Bakanl\u0131\u011f\u0131n\u0131z\u0131n 17 Ocak 2012 tarih ve 510 say\u0131l\u0131 yaz\u0131s\u0131nda; 657 say\u0131l\u0131 Yasa&#8217;n\u0131n 152. maddesinin &#8216;III-Ortak H\u00fck\u00fcmler&#8217; ba\u015fl\u0131kl\u0131 b\u00f6l\u00fcm\u00fcnde, maddede say\u0131lan zam ve tazminatlar\u0131n hangi i\u015fi yapanlara ve hangi g\u00f6revde bulunanlara \u00f6denece\u011fi, miktarlar\u0131, \u00f6deme usul ve esaslar\u0131n\u0131n kurumlar\u0131n yaz\u0131l\u0131 talebi ve Devlet Personel Ba\u015fkanl\u0131\u011f\u0131&#8217;n\u0131n g\u00f6r\u00fc\u015f\u00fc \u00fczerine Maliye Bakanl\u0131\u011f\u0131 taraf\u0131ndan haz\u0131rlanarak, Bakanlar Kurulu karar\u0131 ile y\u00fcr\u00fcrl\u00fc\u011fe konulaca\u011f\u0131n\u0131n h\u00fck\u00fcm alt\u0131na al\u0131nd\u0131\u011f\u0131, bu \u00e7er\u00e7evede s\u00f6z konusu taleplerin konuya ili\u015fkin \u00e7al\u0131\u015fmalar kapsam\u0131nda de\u011ferlendirilebilece\u011fi ifade edilmesine kar\u015f\u0131l\u0131k, bu konuya ili\u015fkin gerekli yasal d\u00fczenlemelerin yap\u0131lmas\u0131 i\u00e7in \u00e7al\u0131\u015fma ba\u015flat\u0131lm\u0131\u015f m\u0131d\u0131r?<\/p>\n<p style=\"text-align: justify;\">&#8211; Teknik Hizmetler S\u0131n\u0131f\u0131&#8217;na dahil edildi\u011fi halde bu s\u0131n\u0131f\u0131n yararland\u0131\u011f\u0131 haklardan yararlanamayan folklor ara\u015ft\u0131rmac\u0131s\u0131, m\u00fcze ara\u015ft\u0131rmac\u0131s\u0131, k\u00fct\u00fcphaneci, ar\u015fivci, kitap patologu ve sosyolog unvanl\u0131 kadrolar\u0131n geriye d\u00f6n\u00fck ma\u011fduriyetlerini ne \u015fekilde telafi etmeyi d\u00fc\u015f\u00fcnmektesiniz?&#8221;<\/p>\n<p style=\"text-align: justify;\">Kaynak: http:\/\/www.haberx.com<\/p>\n","protected":false},"excerpt":{"rendered":"<p>T\u00fcrkiye Kamu Sen ve T\u00fcrk E\u011fitim Sen \u0130stanbul \u0130l Ba\u015fkan\u0131 Yrd. Do\u00e7. Dr. M. Hanefi Bostan, &#8220;\u00dcniversite k\u00fct\u00fcphanelerinde \u00e7al\u0131\u015fan memurlar\u0131n kazan\u0131lm\u0131\u015f haklar\u0131 gasp edilemez&#8221; dedi.<\/p>\n","protected":false},"author":1,"featured_media":0,"comment_status":"open","ping_status":"open","sticky":false,"template":"","format":"standard","meta":{"footnotes":""},"categories":[1505],"tags":[1398,51,50],"class_list":["post-3266","post","type-post","status-publish","format-standard","hentry","category-teknik-kadro","tag-bby-ozluk-haklari","tag-teknik-kadro-kutuphaneci","tag-ths-kutuphaneci"],"_links":{"self":[{"href":"https:\/\/www.bbyhaber.com\/bby\/wp-json\/wp\/v2\/posts\/3266"}],"collection":[{"href":"https:\/\/www.bbyhaber.com\/bby\/wp-json\/wp\/v2\/posts"}],"about":[{"href":"https:\/\/www.bbyhaber.com\/bby\/wp-json\/wp\/v2\/types\/post"}],"author":[{"embeddable":true,"href":"https:\/\/www.bbyhaber.com\/bby\/wp-json\/wp\/v2\/users\/1"}],"replies":[{"embeddable":true,"href":"https:\/\/www.bbyhaber.com\/bby\/wp-json\/wp\/v2\/comments?post=3266"}],"version-history":[{"count":0,"href":"https:\/\/www.bbyhaber.com\/bby\/wp-json\/wp\/v2\/posts\/3266\/revisions"}],"wp:attachment":[{"href":"https:\/\/www.bbyhaber.com\/bby\/wp-json\/wp\/v2\/media?parent=3266"}],"wp:term":[{"taxonomy":"category","embeddable":true,"href":"https:\/\/www.bbyhaber.com\/bby\/wp-json\/wp\/v2\/categories?post=3266"},{"taxonomy":"post_tag","embeddable":true,"href":"https:\/\/www.bbyhaber.com\/bby\/wp-json\/wp\/v2\/tags?post=3266"}],"curies":[{"name":"wp","href":"https:\/\/api.w.org\/{rel}","templated":true}]}}