{"id":3215,"date":"2012-03-20T21:35:57","date_gmt":"2012-03-20T21:35:57","guid":{"rendered":"http:\/\/www.bbyhaber.com\/bby\/?p=3215"},"modified":"2012-03-20T21:36:42","modified_gmt":"2012-03-20T21:36:42","slug":"odemis-cezaevinde-her-kogusa-kutuphane-kurulacak","status":"publish","type":"post","link":"https:\/\/www.bbyhaber.com\/bby\/2012\/03\/20\/odemis-cezaevinde-her-kogusa-kutuphane-kurulacak","title":{"rendered":"\u00d6demi\u015f Cezaevi&#8217;nde Her Ko\u011fu\u015fa K\u00fct\u00fcphane Kurulacak-\u0130zmir"},"content":{"rendered":"<div id=\"news_content\" style=\"text-align: justify;\">\n<p>\u00d6demi\u015f Cumhuriyet Ba\u015fsavc\u0131s\u0131 \u00d6mer Faruk Yurdag\u00fcl, &#8220;Amac\u0131m\u0131z, ula\u015f\u0131labilir mesafede, her ko\u011fu\u015fta zengin i\u00e7erikli, sosyal ve manevi motivasyonu art\u0131r\u0131c\u0131 kitaplarla donat\u0131lm\u0131\u015f k\u00fct\u00fcphaneler olu\u015fturmak&#8221; dedi.<\/p>\n<p>Yurdag\u00fcl, d\u00fczenledi\u011fi bas\u0131n toplant\u0131s\u0131nda, \u00d6demi\u015f Ceza \u0130nfaz Kurumu&#8217;ndaki 37 ko\u011fu\u015fa k\u00fct\u00fcphane kurduklar\u0131n\u0131 ve bu k\u00fct\u00fcphanelere kitap yard\u0131m\u0131 beklediklerini, ortalama 2 bin civar\u0131nda kitaba ihtiya\u00e7lar\u0131n\u0131 olduklar\u0131n\u0131 s\u00f6yledi.<!--more--><\/p>\n<p>\u015eimdiye kadar Sosyal Aktivite E\u011fitim Bilim K\u00fclt\u00fcr Derne\u011fi (SABER) Ba\u015fkan\u0131 Ramazan G\u00f6\u00e7en&#8217;in de katk\u0131lar\u0131yla yakla\u015f\u0131k bin 200 kitab\u0131n topland\u0131\u011f\u0131n\u0131 ifade eden Yurdag\u00fcl, s\u00f6zlerini \u015f\u00f6yle s\u00fcrd\u00fcrd\u00fc:<\/p>\n<p>&#8220;Bu kampanyay\u0131 \u00e7ok \u00f6nemsiyorum, herkesten destek bekliyoruz. \u00c7a\u011fda\u015f ceza infaz sisteminde h\u00fck\u00fcml\u00fc ve tutuklular\u0131n topluma kazand\u0131r\u0131lmas\u0131 \u00e7al\u0131\u015fmalar\u0131nda pek \u00e7ok ara\u00e7tan faydalanmak bir zaruret olarak ortaya \u00e7\u0131kmaktad\u0131r. H\u00fck\u00fcml\u00fc ve tutuklular\u0131n varsa e\u011fitim a\u00e7\u0131s\u0131ndan eksikliklerinin giderilmesi, sosyal sorumluluk bilin\u00e7lerinin art\u0131r\u0131lmas\u0131, toplumun hala de\u011ferli birer ferdi olduklar\u0131n\u0131n hissettirilmesi, infaz sonras\u0131nda yeniden ceza infaz kurumuna d\u00f6nmelerini engelleyecek bireysel geli\u015fimin ve d\u00f6n\u00fc\u015f\u00fcm\u00fcn sa\u011flanabilmesi, o h\u00fck\u00fcml\u00fc i\u00e7in oldu\u011fu kadar ailesi ve t\u00fcm toplum i\u00e7in de hayati bir \u00f6neme sahiptir.&#8221;<\/p>\n<p>Yurdag\u00fcl, bilin\u00e7li olarak veya istemeden toplumsal d\u00fczeni su\u00e7 i\u015flemek suretiyle bozmu\u015f bir ferdin, yeniden topluma de\u011ferli bir birey olarak d\u00f6nmesi, topluma kazand\u0131r\u0131lmas\u0131 maksad\u0131yla meslek edindirme kurslar\u0131, e\u011fitim ve k\u00fclt\u00fcr faaliyetleri imkanlar \u00f6l\u00e7\u00fcs\u00fcnde sportif ve sanatsal faaliyetler ger\u00e7ekle\u015ftirildi\u011fini bildirdi.<\/p>\n<p>\u00d6demi\u015f Ceza \u0130nfaz Kurumu&#8217;nun bu faaliyetlerin say\u0131s\u0131 ve i\u00e7eriklerinin fonksiyonelli\u011fi a\u00e7\u0131s\u0131ndan \u00f6rnek bir seviyede oldu\u011funu kaydeden Yurdag\u00fcl, &#8220;\u015eimdiki amac\u0131m\u0131z, ula\u015f\u0131labilir mesafede, her ko\u011fu\u015fta zengin i\u00e7erikli, sosyal ve manevi motivasyonu art\u0131r\u0131c\u0131 kitaplarla donat\u0131lm\u0131\u015f k\u00fct\u00fcphaneler olu\u015fturmak. Bunu yaparken, t\u00fcm sivil toplum \u00f6rg\u00fctlerinden ve \u00d6demi\u015f halk\u0131ndan destek bekliyoruz. H\u00fck\u00fcml\u00fc ve tutuklular\u0131n kullan\u0131m\u0131na elveri\u015fli, onlar\u0131n ruh d\u00fcnyalar\u0131n\u0131 ve zihinlerini adeta cilalayacak tarzda g\u00fczel eserler ile k\u00fct\u00fcphanelerimizi donatmak istiyoruz&#8221; dedi.<\/p>\n<p>Kaynak: http:\/\/www.haberciniz.biz\/<\/p>\n<\/div>\n","protected":false},"excerpt":{"rendered":"<p>\u00d6demi\u015f Cumhuriyet Ba\u015fsavc\u0131s\u0131 \u00d6mer Faruk Yurdag\u00fcl, &#8220;Amac\u0131m\u0131z, ula\u015f\u0131labilir mesafede, her ko\u011fu\u015fta zengin i\u00e7erikli, sosyal ve manevi motivasyonu art\u0131r\u0131c\u0131 kitaplarla donat\u0131lm\u0131\u015f k\u00fct\u00fcphaneler olu\u015fturmak&#8221; dedi. Yurdag\u00fcl, d\u00fczenledi\u011fi bas\u0131n toplant\u0131s\u0131nda, \u00d6demi\u015f Ceza \u0130nfaz Kurumu&#8217;ndaki 37 ko\u011fu\u015fa k\u00fct\u00fcphane kurduklar\u0131n\u0131 ve bu k\u00fct\u00fcphanelere kitap yard\u0131m\u0131 beklediklerini, ortalama 2 bin civar\u0131nda kitaba ihtiya\u00e7lar\u0131n\u0131 olduklar\u0131n\u0131 s\u00f6yledi.<\/p>\n","protected":false},"author":1,"featured_media":0,"comment_status":"open","ping_status":"open","sticky":false,"template":"","format":"standard","meta":{"footnotes":""},"categories":[1],"tags":[114],"class_list":["post-3215","post","type-post","status-publish","format-standard","hentry","category-genel","tag-cezaevi-kutuphane"],"_links":{"self":[{"href":"https:\/\/www.bbyhaber.com\/bby\/wp-json\/wp\/v2\/posts\/3215"}],"collection":[{"href":"https:\/\/www.bbyhaber.com\/bby\/wp-json\/wp\/v2\/posts"}],"about":[{"href":"https:\/\/www.bbyhaber.com\/bby\/wp-json\/wp\/v2\/types\/post"}],"author":[{"embeddable":true,"href":"https:\/\/www.bbyhaber.com\/bby\/wp-json\/wp\/v2\/users\/1"}],"replies":[{"embeddable":true,"href":"https:\/\/www.bbyhaber.com\/bby\/wp-json\/wp\/v2\/comments?post=3215"}],"version-history":[{"count":0,"href":"https:\/\/www.bbyhaber.com\/bby\/wp-json\/wp\/v2\/posts\/3215\/revisions"}],"wp:attachment":[{"href":"https:\/\/www.bbyhaber.com\/bby\/wp-json\/wp\/v2\/media?parent=3215"}],"wp:term":[{"taxonomy":"category","embeddable":true,"href":"https:\/\/www.bbyhaber.com\/bby\/wp-json\/wp\/v2\/categories?post=3215"},{"taxonomy":"post_tag","embeddable":true,"href":"https:\/\/www.bbyhaber.com\/bby\/wp-json\/wp\/v2\/tags?post=3215"}],"curies":[{"name":"wp","href":"https:\/\/api.w.org\/{rel}","templated":true}]}}