{"id":3174,"date":"2012-03-20T14:03:14","date_gmt":"2012-03-20T14:03:14","guid":{"rendered":"http:\/\/www.bbyhaber.com\/bby\/?p=3174"},"modified":"2016-03-23T15:36:44","modified_gmt":"2016-03-23T13:36:44","slug":"48-kutuphane-haftasi-acilis-yuruyusu-tkd-istanbul","status":"publish","type":"post","link":"https:\/\/www.bbyhaber.com\/bby\/2012\/03\/20\/48-kutuphane-haftasi-acilis-yuruyusu-tkd-istanbul","title":{"rendered":"48. K\u00fct\u00fcphane Haftas\u0131 A\u00e7\u0131l\u0131\u015f Y\u00fcr\u00fcy\u00fc\u015f\u00fc-TKD \u0130stanbul"},"content":{"rendered":"<p style=\"text-align: justify;\">Bu y\u0131l 48. sini kutlayaca\u011f\u0131m\u0131z K\u00fct\u00fcphane Haftas\u0131\u2019n\u0131n \u0130stanbul etkinlikleri \u201c \u0130stanbul K\u00fct\u00fcphaneleri Y\u00fcr\u00fcyor\u201d ad\u0131n\u0131 verdi\u011fimiz y\u00fcr\u00fcy\u00fc\u015fle ba\u015flayacak. Bu y\u00fcr\u00fcy\u00fc\u015fle \u0130stanbul\u2019da say\u0131lar\u0131 400\u2019\u00fc a\u015fan k\u00fct\u00fcphane ve bilgi merkezlerini g\u00f6r\u00fcn\u00fcr k\u0131lmak, k\u00fct\u00fcphanelere ve k\u00fct\u00fcphanecilik mesle\u011fine y\u00f6nelik toplumsal fark\u0131ndal\u0131\u011f\u0131n geli\u015ftirilmesine katk\u0131da bulunmak ve 26 Mart \u2013 1 Nisan 2012 tarihleri aras\u0131nda kutlanacak olan K\u00fct\u00fcphane Haftas\u0131 etkinliklerine dikkat \u00e7ekmeyi ama\u00e7l\u0131yoruz.<!--more--><\/p>\n<p style=\"text-align: justify;\">Ge\u00e7en y\u0131lki co\u015fkulu y\u00fcr\u00fcy\u00fc\u015f\u00fcm\u00fczde hep birlikte korsana hay\u0131r diyerek, \u201cK\u00fct\u00fcphaneleri Ke\u015ffedin, Korsan\u0131Yok Edin\u201d demi\u015ftik. Bu y\u0131l da; bir yandan \u201cK\u00fct\u00fcphaneler \u2018Sizi\u2019 De\u011fi\u015ftirir\u201d derken, yine korsan yay\u0131nc\u0131l\u0131\u011fa kar\u015f\u0131 olan duyarl\u0131l\u0131\u011f\u0131m\u0131z\u0131 hayk\u0131raca\u011f\u0131z. K\u00fct\u00fcphanelerin ve ve k\u00fct\u00fcphanecilerin yan\u0131 s\u0131ra yay\u0131nevleri, edebiyat\u00e7\u0131lar ve yazarlarla birlikte y\u00fcr\u00fcyece\u011fiz.<\/p>\n<p><iframe loading=\"lazy\" src=\"http:\/\/www.dailymotion.com\/embed\/video\/xhuy9c\" frameborder=\"0\" width=\"396\" height=\"324\"><\/iframe><br \/>\n<a href=\"http:\/\/www.dailymotion.com\/video\/xhuy9c_kutuphanecilerden-korsana-hayyr-yuruyuyu-tkd-ystanbul-yubesi_news\" target=\"_blank\">K\u00fct\u00fcphanecilerden Korsana Hay\u0131r Y\u00fcr\u00fcy\u00fc\u015f\u00fc-TKD&#8230;<\/a> <em> <a href=\"http:\/\/www.dailymotion.com\/bbyhaber\" target=\"_blank\">bbyhaber<\/a><\/em><\/p>\n<p style=\"text-align: justify;\">25 Mart 2012 Pazar g\u00fcn\u00fc saat 15.00\u2019te \u0130stanbul B\u00fcy\u00fck\u015fehir Belediye Bandosu e\u015fli\u011finde T\u00fcnel Meydan\u0131&#8217;ndan ba\u015flayacak y\u00fcr\u00fcy\u00fc\u015f s\u0131ras\u0131nda \u0130stanbul\u2019daki k\u00fct\u00fcphane isimlerinin ve \u00e7e\u015fitli sloganlar\u0131n yer ald\u0131\u011f\u0131 pankartlar ta\u015f\u0131yaca\u011f\u0131z. Nostaljik Tramvay\u2019da yap\u0131lan drama g\u00f6sterilerinin de e\u015flik etti\u011fi \u015eenlik Y\u00fcr\u00fcy\u00fc\u015f\u00fc Taksim An\u0131t\u0131\u2019na \u00e7elenk konulmas\u0131, sayg\u0131 duru\u015fu , \u201c\u0130stiklal Mar\u015f\u0131\u201d ve &#8220;K\u00fct\u00fcphaneciler Mar\u015f\u0131\u201dn\u0131n okunmas\u0131n\u0131n ard\u0131ndan hafta kutlamalar\u0131na ili\u015fkin yap\u0131lan bas\u0131n bildirisiyle son bulacak.<\/p>\n<p style=\"text-align: justify;\">K\u00fct\u00fcphane Haftas\u0131 \u015eenlik Y\u00fcr\u00fcy\u00fc\u015f\u00fc\u2019nde k\u00fct\u00fcphanenizin de temsil edilmesi i\u00e7in 21 Mart \u00c7ar\u015famba g\u00fcn\u00fcne kadar a\u00e7\u0131l\u0131\u015f y\u00fcr\u00fcy\u00fc\u015f\u00fc kay\u0131t formunu doldurman\u0131z\u0131 rica ediyoruz. Y\u00fcr\u00fcy\u00fc\u015f esnas\u0131nda k\u00fct\u00fcphanenizin isminin yer ald\u0131\u011f\u0131 pankart derne\u011fimiz taraf\u0131ndan yapt\u0131r\u0131lacakt\u0131r.<\/p>\n<p style=\"text-align: justify;\">T\u00fcm meslekta\u015flar\u0131m\u0131z\u0131, k\u00fct\u00fcphane ve bilgi merkezlerimizi, arkada\u015flar\u0131n\u0131z\u0131, ailelerinizi, \u00e7ocuklar\u0131n\u0131z\u0131, akademisyenlerimizi ve \u00f6\u011frencilerimizi, bu y\u00fcr\u00fcy\u00fc\u015fe kat\u0131lmaya davet ediyoruz.<\/p>\n<p>K\u00fct\u00fcphane Haftas\u0131 ve mesleki fark\u0131ndal\u0131\u011f\u0131m\u0131z\u0131n artt\u0131r\u0131lmas\u0131na ili\u015fkin \u00e7abam\u0131z\u0131 destekleyece\u011finizi umar\u0131z.<\/p>\n<p><strong>Kaynak:<\/strong><\/p>\n<p style=\"text-align: justify;\"><a href=\"http:\/\/www.istanbulkutuphaneci.org\/\" target=\"_blank\">T\u00fcrk K\u00fct\u00fcphaneciler Derne\u011fi \u0130stanbul \u015eubesi<\/a><\/p>\n<p style=\"text-align: justify;\"><a href=\"http:\/\/kutuphanehaftasi.istanbulkutuphaneci.org\/kutuphane-haftasi-acilis-yuruyusu\" target=\"_blank\">Y\u00fcr\u00fcy\u00fc\u015fe kat\u0131l\u0131m i\u00e7in TKD \u0130stanbul \u015eubesi&#8217;nin 48. K\u00fct\u00fcphane Haftas\u0131 Web Sayfas\u0131n\u0131 inceleyiniz.<\/a><\/p>\n","protected":false},"excerpt":{"rendered":"<p>Bu y\u0131l 48. sini kutlayaca\u011f\u0131m\u0131z K\u00fct\u00fcphane Haftas\u0131\u2019n\u0131n \u0130stanbul etkinlikleri \u201c \u0130stanbul K\u00fct\u00fcphaneleri Y\u00fcr\u00fcyor\u201d ad\u0131n\u0131 verdi\u011fimiz y\u00fcr\u00fcy\u00fc\u015fle ba\u015flayacak. Bu y\u00fcr\u00fcy\u00fc\u015fle \u0130stanbul\u2019da say\u0131lar\u0131 400\u2019\u00fc a\u015fan k\u00fct\u00fcphane ve bilgi merkezlerini g\u00f6r\u00fcn\u00fcr k\u0131lmak, k\u00fct\u00fcphanelere ve k\u00fct\u00fcphanecilik mesle\u011fine y\u00f6nelik toplumsal fark\u0131ndal\u0131\u011f\u0131n geli\u015ftirilmesine katk\u0131da bulunmak ve 26 Mart \u2013 1 Nisan 2012 tarihleri aras\u0131nda kutlanacak olan K\u00fct\u00fcphane Haftas\u0131 etkinliklerine dikkat \u00e7ekmeyi [&hellip;]<\/p>\n","protected":false},"author":1,"featured_media":0,"comment_status":"open","ping_status":"open","sticky":false,"template":"","format":"standard","meta":{"footnotes":""},"categories":[1469],"tags":[1461,1420],"class_list":["post-3174","post","type-post","status-publish","format-standard","hentry","category-48-kutuphane-haftasi","tag-kutuphane-haftasi","tag-tkd-istanbul"],"_links":{"self":[{"href":"https:\/\/www.bbyhaber.com\/bby\/wp-json\/wp\/v2\/posts\/3174"}],"collection":[{"href":"https:\/\/www.bbyhaber.com\/bby\/wp-json\/wp\/v2\/posts"}],"about":[{"href":"https:\/\/www.bbyhaber.com\/bby\/wp-json\/wp\/v2\/types\/post"}],"author":[{"embeddable":true,"href":"https:\/\/www.bbyhaber.com\/bby\/wp-json\/wp\/v2\/users\/1"}],"replies":[{"embeddable":true,"href":"https:\/\/www.bbyhaber.com\/bby\/wp-json\/wp\/v2\/comments?post=3174"}],"version-history":[{"count":0,"href":"https:\/\/www.bbyhaber.com\/bby\/wp-json\/wp\/v2\/posts\/3174\/revisions"}],"wp:attachment":[{"href":"https:\/\/www.bbyhaber.com\/bby\/wp-json\/wp\/v2\/media?parent=3174"}],"wp:term":[{"taxonomy":"category","embeddable":true,"href":"https:\/\/www.bbyhaber.com\/bby\/wp-json\/wp\/v2\/categories?post=3174"},{"taxonomy":"post_tag","embeddable":true,"href":"https:\/\/www.bbyhaber.com\/bby\/wp-json\/wp\/v2\/tags?post=3174"}],"curies":[{"name":"wp","href":"https:\/\/api.w.org\/{rel}","templated":true}]}}