{"id":3164,"date":"2012-03-20T07:38:12","date_gmt":"2012-03-20T07:38:12","guid":{"rendered":"http:\/\/www.bbyhaber.com\/bby\/?p=3164"},"modified":"2016-03-23T15:36:20","modified_gmt":"2016-03-23T13:36:20","slug":"tkd-48-kutuphane-haftasi-basin-bulteni","status":"publish","type":"post","link":"https:\/\/www.bbyhaber.com\/bby\/2012\/03\/20\/tkd-48-kutuphane-haftasi-basin-bulteni","title":{"rendered":"T\u00fcrk K\u00fct\u00fcphaneciler Derne\u011fi Genel Merkezi 48.K\u00fct\u00fcphane Haftas\u0131 Bas\u0131n B\u00fclteni"},"content":{"rendered":"<p style=\"text-align: justify;\"><a href=\"http:\/\/www.bbyhaber.com\/bby\/wp-content\/uploads\/kutuphane-haftasi-afisleri\/2012.jpg\"><img loading=\"lazy\" decoding=\"async\" class=\"alignleft\" src=\"http:\/\/www.bbyhaber.com\/bby\/wp-content\/uploads\/kutuphane-haftasi-afisleri\/2012.jpg\" alt=\"\" width=\"180\" height=\"280\" \/><\/a>48. K\u00fct\u00fcphane Haftas\u0131 t\u00fcm T\u00fcrkiye\u2019de dolu dolu etkinliklerle kutlanacak. Kamuoyunda k\u00fct\u00fcphane konusunda olumlu \u00e7a\u011fr\u0131\u015f\u0131m olu\u015fturmak; kitap, k\u00fct\u00fcphane ve okuma k\u00fclt\u00fcr\u00fc, okuma al\u0131\u015fkanl\u0131\u011f\u0131 konular\u0131nda toplumsal alg\u0131y\u0131 y\u00fckseltmek; d\u00fcnya k\u00fct\u00fcphanecili\u011findeki \u00f6nemli geli\u015fmeleri meslekta\u015flar payla\u015fmak \u00fczere her y\u0131l Mart ay\u0131n\u0131n son haftas\u0131 yurt \u00e7ap\u0131nda K\u00fct\u00fcphane Haftas\u0131 olarak kutlanmaktad\u0131r.<!--more--><\/p>\n<p style=\"text-align: justify;\">K\u00fclt\u00fcr ve Turizm Bakanl\u0131\u011f\u0131 K\u00fct\u00fcphaneler ve Yay\u0131mlar Genel M\u00fcd\u00fcrl\u00fc\u011f\u00fc ile T\u00fcrk K\u00fct\u00fcphaneciler Derne\u011fi i\u015fbirli\u011fiyle haz\u0131rlanan 48. K\u00fct\u00fcphane Haftas\u0131, \u201cBilgi, Toplumu \u00c7o\u011fulla\u015ft\u0131r\u0131r\u201d ana temas\u0131yla, 26 Mart-01 Nisan 2012 tarihleri aras\u0131nda kutlanacak.<\/p>\n<p style=\"text-align: justify;\">Haftan\u0131n Resmi A\u00e7\u0131l\u0131\u015f\u0131 Uluslararas\u0131 Kat\u0131l\u0131mla Hatay\u2019da Ger\u00e7ekle\u015fecek<\/p>\n<p style=\"text-align: justify;\">2011 y\u0131l\u0131nda ilk kez Ankara d\u0131\u015f\u0131nda \u0130zmir, Efes Antik kentinde bulunan Celsus K\u00fct\u00fcphanesinde ger\u00e7eklen K\u00fct\u00fcphane Haftan\u0131n resmi a\u00e7\u0131l\u0131\u015f\u0131 bu y\u0131l \u00e7ok k\u00fclt\u00fcr\u00fcn bir arada ya\u015fad\u0131\u011f\u0131 Hatay\u2019da Haftan\u0131n resmi a\u00e7\u0131l\u0131\u015f t\u00f6reni, 26 Mart 2012 Pazartesi g\u00fcn\u00fc, saat 10:00\u2019da, Hatay\u2019da, Antakya Meclis K\u00fclt\u00fcr Sanat Merkezi\u2019nde uluslararas\u0131 kat\u0131l\u0131mla ger\u00e7ekle\u015ftirilecek.<\/p>\n<p style=\"text-align: justify;\">Resmi a\u00e7\u0131l\u0131\u015f t\u00f6reni 26 Mart 2012 Pazartesi g\u00fcn\u00fc, sayg\u0131 duru\u015fu ve \u0130stiklal Mar\u015f\u0131 ile ba\u015flayacak, \u00fc\u00e7 semavi din ve alt\u0131 mezhebin mensuplar\u0131ndan olu\u015fan ve Nobel Bar\u0131\u015f \u00d6d\u00fcl\u00fc&#8217;ne aday g\u00f6sterilen Antakya Medeniyetler Korosu bir konser verecektir.<\/p>\n<p style=\"text-align: justify;\">Konserin ard\u0131ndan s\u0131ras\u0131yla T\u00fcrk K\u00fct\u00fcphaneciler Derne\u011fi Genel Ba\u015fkan\u0131 Ali Fuat KARTAL, K\u00fct\u00fcphaneler ve Yay\u0131mlar Genel M\u00fcd\u00fcr\u00fc Prof. Dr. Onur Bilge KULA, Antakya Belediye Ba\u015fkan\u0131 Do\u00e7. Dr. L\u00fctf\u00fc SAVA\u015e, Hatay Valisi Mehmet Celalettin LEKES\u0130Z ve kat\u0131ld\u0131klar\u0131 takdirde K\u00fclt\u00fcr ve Turizm Bakanl\u0131\u011f\u0131 M\u00fcste\u015far\u0131 \u00d6zg\u00fcr \u00d6ZASLAN a\u00e7\u0131l\u0131\u015f konu\u015fmalar\u0131n\u0131 ger\u00e7ekle\u015ftireceklerdir.<\/p>\n<p style=\"text-align: justify;\">A\u00e7\u0131l\u0131\u015f konu\u015fmalar\u0131n\u0131n ard\u0131ndan, 2011 y\u0131l\u0131nda bas\u0131nda yer alan kitap, k\u00fct\u00fcphane konulu haberlerin derlenmesinden olu\u015fan \u201cAlmanak 2011\u201d adl\u0131 k\u0131sa video ile Bakanl\u0131\u011f\u0131m\u0131zca haz\u0131rlanan \u201cS\u0131ra D\u0131\u015f\u0131 Okurlar Belgeseli\u201dnin \u00fc\u00e7\u00fcnc\u00fcs\u00fc, izlenecektir. Kamuoyunda b\u00fcy\u00fck ilgi g\u00f6ren S\u0131ra D\u0131\u015f\u0131 Okurlar Belgeseli\u2019nde,\u00a0 \u00fclkemizde kendi kendine okuma al\u0131\u015fkanl\u0131\u011f\u0131 kazanm\u0131\u015f ve bunu ya\u015fam\u0131n\u0131n en \u00f6nemli par\u00e7as\u0131 haline getirmi\u015f, okuduklar\u0131yla ya\u015fam\u0131na y\u00f6n vermi\u015f ve birtak\u0131m ya\u015famsal sorunlar\u0131na \u00e7\u00f6z\u00fcm bulmu\u015f ki\u015filer konu edilmektedir. Video g\u00f6sterimi vatanda\u015flar\u0131m\u0131zla ger\u00e7ekle\u015ftirilen k\u00fct\u00fcphane temal\u0131 sokak r\u00f6portajlar\u0131 ile sona erecektir.<\/p>\n<p style=\"text-align: justify;\">A\u00e7\u0131l\u0131\u015f etkinli\u011fi plaket ve \u00f6d\u00fcl t\u00f6reni ile devam edecektir.<\/p>\n<p style=\"text-align: justify;\">Ayn\u0131 g\u00fcn saat 14:00\u2019te Antakya Savon Otel Toplant\u0131 Salonu\u2019nda \u201c\u00c7ok K\u00fclt\u00fcrl\u00fcl\u00fck ve K\u00fct\u00fcphaneler\u201d konulu bir panel d\u00fczenlenecektir. K\u00fct\u00fcphaneler ve Yay\u0131mlar Genel M\u00fcd\u00fcr\u00fc Prof. Dr. Onur Bilge KULA\u2019n\u0131n y\u00f6netece\u011fi panale Almanya\u2019dan k\u00fclt\u00fcrleraras\u0131 k\u00fct\u00fcphanecilik \u00e7al\u0131\u015fmalar\u0131 konusunda iki uzman k\u00fct\u00fcphaneci N\u00fcrnberg \u0130l Halk K\u00fct\u00fcphanesi\u2019nden Susanne SCHNEEHORST ve Berlin \u0130l Halk K\u00fct\u00fcphanesi\u2019nden Tar\u0131k SEDEN kat\u0131lacaklard\u0131r. Di\u011fer panelist \u00fclkemizden ara\u015ft\u0131rmac\u0131 yazar Mehmet TEK\u0130N olacakt\u0131r.<\/p>\n<p style=\"text-align: justify;\">Panelin ard\u0131ndan, \u00e7a\u011fda\u015f k\u00fct\u00fcphane hizmetleri anlay\u0131\u015f\u0131na uygun olarak yeniden d\u00fczenlenen Hatay Cemil Meri\u00e7 \u0130l Halk K\u00fct\u00fcphanesi\u2019ne toplu bir ziyaret ger\u00e7ekle\u015ftirilecektir.<\/p>\n<p style=\"text-align: justify;\">K\u00fct\u00fcphane Haftas\u0131 81 ilde dolu dolu kutlanacak.<\/p>\n<p style=\"text-align: justify;\">Hatay Program\u0131 d\u0131\u015f\u0131nda ba\u015fta bu y\u0131l 50. Kurulu\u015f Y\u0131l\u0131n\u0131 kutlayan T\u00fcrk K\u00fct\u00fcphaneciler Derne\u011fi \u0130stanbul, Ankara \u015fubeleri \u00f6zel etkinlikler ger\u00e7ekle\u015ftirecek.<\/p>\n<p style=\"text-align: justify;\">48. K\u00fct\u00fcphane Haftas\u0131\u2019n\u0131n \u0130lk G\u00fcn\u00fcnde, 81 \u0130l Merkezinde, Ayn\u0131 Saatte Kitap Okunacak.<\/p>\n<p style=\"text-align: justify;\">48. K\u00fct\u00fcphane Haftas\u0131 etkinlikleri kapsam\u0131nda 26 Mart Pazartesi g\u00fcn\u00fc 12.30-13.00 saatleri aras\u0131nda 81 ilde \u015fehir merkezlerinde, b\u00fcy\u00fck\u015fehirlerin il\u00e7elerinde toplumun kitap ve k\u00fct\u00fcphaneye ilgisini \u00e7ekmek, toplumda okuma al\u0131\u015fkanl\u0131\u011f\u0131 konusunda fark\u0131ndal\u0131k yaratmak i\u00e7in; k\u00fct\u00fcphaneciler, bilgi ve belge y\u00f6netimi b\u00f6l\u00fcm\u00fc \u00f6\u011frencileri, akademisyenler, yazarlar, \u00e7izerler, yay\u0131nc\u0131lar, okurlar hep birlikte Kitap okuyaca\u011f\u0131z.<\/p>\n<p style=\"text-align: justify;\">Kitap okuma etkinli\u011fine; Okul K\u00fct\u00fcphanecileri Derne\u011fi, Ekolojik Ya\u015fam\u0131 Destekleme Derne\u011fi, Edebiyat\u00e7\u0131lar Derne\u011fi, \u00c7izgi Roman Okurlar\u0131 Platformu, Koza \u00c7ocuk Kitapl\u0131\u011f\u0131 ve Oyuncak At\u00f6lyesi, T\u00fcrkiye\u2019nin bir\u00e7ok \u00dcniversitesinde okuyan Toplum G\u00f6n\u00fcll\u00fcs\u00fc Gen\u00e7ler destek olacak.<\/p>\n<p style=\"text-align: justify;\">48. K\u00fct\u00fcphane Haftas\u0131n\u0131n a\u00e7\u0131l\u0131\u015f g\u00fcn\u00fc, 26 Mart 2012 tarihinde saat 12.30-13.00 aras\u0131nda 81 ilde e\u015f zamanl\u0131 ger\u00e7ekle\u015fecek olan kitap okuma etkinli\u011fimize ve \u201cBilgi Toplumu \u00c7o\u011fulla\u015ft\u0131r\u0131r\u201d temas\u0131yla kutlanacak olan k\u00fct\u00fcphane haftas\u0131nda yap\u0131lacak t\u00fcm etkinliklere destek ve kat\u0131l\u0131m\u0131n\u0131z\u0131 bekliyoruz.<\/p>\n<p style=\"text-align: justify;\">K\u00fct\u00fcphane Haftas\u0131 etkinliklerini Facebook ve Twitter\u2019dan da takip edebilirisiniz\u2026<\/p>\n<p style=\"text-align: justify;\">Facebook: http:\/\/www.facebook.com\/kutuphanehaftasi<br \/>\nTwitter: @ktphnhaftasi<\/p>\n<p style=\"text-align: justify;\"><span style=\"color: #0000ff;\"><strong>Kaynak:<\/strong><\/span><br \/>\nAyd\u0131n \u0130leri<br \/>\nT\u00fcrk K\u00fct\u00fcphaneciler Derne\u011fi Genel Ba\u015fkan Yard\u0131mc\u0131s\u0131<br \/>\naydinileri@gmail.com<\/p>\n<p style=\"text-align: justify;\">Not: Hafta hakk\u0131nda TV, Radyo ve gazete s\u00f6yle\u015fileri i\u00e7in l\u00fctfen irtibata ge\u00e7iniz.<\/p>\n","protected":false},"excerpt":{"rendered":"<p>48. K\u00fct\u00fcphane Haftas\u0131 t\u00fcm T\u00fcrkiye\u2019de dolu dolu etkinliklerle kutlanacak. Kamuoyunda k\u00fct\u00fcphane konusunda olumlu \u00e7a\u011fr\u0131\u015f\u0131m olu\u015fturmak; kitap, k\u00fct\u00fcphane ve okuma k\u00fclt\u00fcr\u00fc, okuma al\u0131\u015fkanl\u0131\u011f\u0131 konular\u0131nda toplumsal alg\u0131y\u0131 y\u00fckseltmek; d\u00fcnya k\u00fct\u00fcphanecili\u011findeki \u00f6nemli geli\u015fmeleri meslekta\u015flar payla\u015fmak \u00fczere her y\u0131l Mart ay\u0131n\u0131n son haftas\u0131 yurt \u00e7ap\u0131nda K\u00fct\u00fcphane Haftas\u0131 olarak kutlanmaktad\u0131r.<\/p>\n","protected":false},"author":1,"featured_media":0,"comment_status":"open","ping_status":"open","sticky":false,"template":"","format":"standard","meta":{"footnotes":""},"categories":[1469,1476,1607],"tags":[1461],"class_list":["post-3164","post","type-post","status-publish","format-standard","hentry","category-48-kutuphane-haftasi","category-aydin-ileri","category-turk-kutuphaneciler-dernegi-tkd","tag-kutuphane-haftasi"],"_links":{"self":[{"href":"https:\/\/www.bbyhaber.com\/bby\/wp-json\/wp\/v2\/posts\/3164"}],"collection":[{"href":"https:\/\/www.bbyhaber.com\/bby\/wp-json\/wp\/v2\/posts"}],"about":[{"href":"https:\/\/www.bbyhaber.com\/bby\/wp-json\/wp\/v2\/types\/post"}],"author":[{"embeddable":true,"href":"https:\/\/www.bbyhaber.com\/bby\/wp-json\/wp\/v2\/users\/1"}],"replies":[{"embeddable":true,"href":"https:\/\/www.bbyhaber.com\/bby\/wp-json\/wp\/v2\/comments?post=3164"}],"version-history":[{"count":0,"href":"https:\/\/www.bbyhaber.com\/bby\/wp-json\/wp\/v2\/posts\/3164\/revisions"}],"wp:attachment":[{"href":"https:\/\/www.bbyhaber.com\/bby\/wp-json\/wp\/v2\/media?parent=3164"}],"wp:term":[{"taxonomy":"category","embeddable":true,"href":"https:\/\/www.bbyhaber.com\/bby\/wp-json\/wp\/v2\/categories?post=3164"},{"taxonomy":"post_tag","embeddable":true,"href":"https:\/\/www.bbyhaber.com\/bby\/wp-json\/wp\/v2\/tags?post=3164"}],"curies":[{"name":"wp","href":"https:\/\/api.w.org\/{rel}","templated":true}]}}