{"id":3162,"date":"2012-03-19T15:43:08","date_gmt":"2012-03-19T15:43:08","guid":{"rendered":"http:\/\/www.bbyhaber.com\/bby\/?p=3162"},"modified":"2012-04-03T14:56:51","modified_gmt":"2012-04-03T14:56:51","slug":"17-konteynir-kentte-17-okuma-salonu-acildi-van","status":"publish","type":"post","link":"https:\/\/www.bbyhaber.com\/bby\/2012\/03\/19\/17-konteynir-kentte-17-okuma-salonu-acildi-van","title":{"rendered":"17 Konteyn\u0131r Kentte 17 Okuma Salonu A\u00e7\u0131ld\u0131-Van"},"content":{"rendered":"<p style=\"text-align: justify;\">Van \u0130l K\u00fclt\u00fcr ve Turizm M\u00fcd\u00fcrl\u00fc\u011f\u00fc taraf\u0131ndan konteyn\u0131r kentlerde a\u00e7\u0131lan okuma salonlar\u0131na halk\u0131n b\u00fcy\u00fck ilgi g\u00f6sterdi\u011fi bildirildi. \u0130HA muhabirine a\u00e7\u0131klamalarda bulunan \u0130l K\u00fclt\u00fcr ve Turizm M\u00fcd\u00fcr\u00fc Muzaffer Aktu\u011f, mevcut k\u00fct\u00fcphanenin depremde hasar g\u00f6rmesi \u00fczerine kapat\u0131ld\u0131\u011f\u0131 ve ancak \u015fimdi 17 konteyn\u0131r kentte 17 okuma salonu a\u00e7arak halka hizmet verdiklerini s\u00f6yledi. <!--more-->M\u00fcd\u00fcr Aktu\u011f, &#8220;Okuma salonlar\u0131m\u0131zda hikaye kitab\u0131ndan tutun her kategoride kitap bulunuyor. \u0130lk\u00f6\u011fretim, lise ve \u00fcniversiteye haz\u0131rlanan \u00f6\u011frencilerimizin yan\u0131 s\u0131ra vatanda\u015flar da okuma salonlar\u0131m\u0131zdan faydalan\u0131yorlar. \u0130\u015f-Kur \u0130l M\u00fcd\u00fcrl\u00fc\u011f\u00fc&#8217;nden personel ald\u0131k. Bu arkada\u015flar\u0131m\u0131z\u0131 da bir k\u00fct\u00fcphane memuru gibi g\u00f6revlendirdik. Okuma salonlar\u0131n\u0131 tek tek dola\u015f\u0131yorum. G\u00f6revli arkada\u015flarla konu\u015fuyorum. Okuma salonlar\u0131na insanlar\u0131m\u0131z\u0131n fazla ra\u011fbet g\u00f6stermesi nedeniyle g\u00f6revliler benden fazla masa sandalye talebinde bulunuyorlar. Bu da tabi ki sevindirici bir durum&#8221; dedi. Muzaffer Aktu\u011f, mevcut k\u00fct\u00fcphane binas\u0131nda karot numunesi al\u0131nd\u0131\u011f\u0131n\u0131 ve karar\u0131n K\u00fclt\u00fcr ve Turizm Bakanl\u0131\u011f\u0131 taraf\u0131ndan verilece\u011fini de s\u00f6zlerine ekledi.<\/p>\n<p style=\"text-align: justify;\">Kaynak: http:\/\/www.haberfx.net<\/p>\n","protected":false},"excerpt":{"rendered":"<p>Van \u0130l K\u00fclt\u00fcr ve Turizm M\u00fcd\u00fcrl\u00fc\u011f\u00fc taraf\u0131ndan konteyn\u0131r kentlerde a\u00e7\u0131lan okuma salonlar\u0131na halk\u0131n b\u00fcy\u00fck ilgi g\u00f6sterdi\u011fi bildirildi. \u0130HA muhabirine a\u00e7\u0131klamalarda bulunan \u0130l K\u00fclt\u00fcr ve Turizm M\u00fcd\u00fcr\u00fc Muzaffer Aktu\u011f, mevcut k\u00fct\u00fcphanenin depremde hasar g\u00f6rmesi \u00fczerine kapat\u0131ld\u0131\u011f\u0131 ve ancak \u015fimdi 17 konteyn\u0131r kentte 17 okuma salonu a\u00e7arak halka hizmet verdiklerini s\u00f6yledi.<\/p>\n","protected":false},"author":1,"featured_media":0,"comment_status":"open","ping_status":"open","sticky":false,"template":"","format":"standard","meta":{"footnotes":""},"categories":[1555,1],"tags":[],"class_list":["post-3162","post","type-post","status-publish","format-standard","hentry","category-deprem-kutuphane","category-genel"],"_links":{"self":[{"href":"https:\/\/www.bbyhaber.com\/bby\/wp-json\/wp\/v2\/posts\/3162"}],"collection":[{"href":"https:\/\/www.bbyhaber.com\/bby\/wp-json\/wp\/v2\/posts"}],"about":[{"href":"https:\/\/www.bbyhaber.com\/bby\/wp-json\/wp\/v2\/types\/post"}],"author":[{"embeddable":true,"href":"https:\/\/www.bbyhaber.com\/bby\/wp-json\/wp\/v2\/users\/1"}],"replies":[{"embeddable":true,"href":"https:\/\/www.bbyhaber.com\/bby\/wp-json\/wp\/v2\/comments?post=3162"}],"version-history":[{"count":0,"href":"https:\/\/www.bbyhaber.com\/bby\/wp-json\/wp\/v2\/posts\/3162\/revisions"}],"wp:attachment":[{"href":"https:\/\/www.bbyhaber.com\/bby\/wp-json\/wp\/v2\/media?parent=3162"}],"wp:term":[{"taxonomy":"category","embeddable":true,"href":"https:\/\/www.bbyhaber.com\/bby\/wp-json\/wp\/v2\/categories?post=3162"},{"taxonomy":"post_tag","embeddable":true,"href":"https:\/\/www.bbyhaber.com\/bby\/wp-json\/wp\/v2\/tags?post=3162"}],"curies":[{"name":"wp","href":"https:\/\/api.w.org\/{rel}","templated":true}]}}