{"id":3158,"date":"2012-03-19T15:37:22","date_gmt":"2012-03-19T15:37:22","guid":{"rendered":"http:\/\/www.bbyhaber.com\/bby\/?p=3158"},"modified":"2014-04-24T23:53:41","modified_gmt":"2014-04-24T20:53:41","slug":"15-internet-haftasi","status":"publish","type":"post","link":"https:\/\/www.bbyhaber.com\/bby\/2012\/03\/19\/15-internet-haftasi","title":{"rendered":"15. \u0130nternet Haftas\u0131"},"content":{"rendered":"<p style=\"text-align: justify;\">T\u00fcrkiye \u0130nterneti 12 Nisanda 19. y\u0131l\u0131n\u0131 doldurmu\u015f olacak. T\u00fcrkiye \u0130nternet Kamuoyunu, 9-22 Nisan&#8217;da ger\u00e7ekle\u015fecek 15. \u0130nternet Haftas\u0131n\u0131, t\u00fcm \u00fclkede internete verdi\u011fimiz \u00f6neme yak\u0131\u015f\u0131r bir \u015fekilde; interneti savunmaya, interneti konu\u015fmaya ve bu do\u011fum g\u00fcn\u00fcn\u00fc kutlamaya \u00e7a\u011f\u0131r\u0131yoruz. <!--more-->T\u00fcm kesimlerden; \u00dcniversiteler, Ticaret ve Sanayi Odalar\u0131, \u00c7ift\u00e7i Birlikleri, Ziraat Odalar\u0131, M\u00fchendis Odalar\u0131, Barolar, Tabip Odalar\u0131, Bankalar Birli\u011fi, Noterler Birli\u011fi, Organize Sanayi B\u00f6lgeleri, Yerel Y\u00f6netimler, \u0130nternet Cafeler, Okullar, Kaymakaml\u0131klar, Valilikler, Bakanl\u0131klar, t\u00fcm kamu y\u00f6netimi, \u00f6zel sekt\u00f6r, internet \u015firketleri, Bili\u015fim\/Bilgi\/\u0130leti\u015fim STK&#8217;lar\u0131, Demokratik Kitle \u00d6rg\u00fctleri, Bili\u015fim Kl\u00fcpleri, T\u00fcm Medya Kurulu\u015flar\u0131n\u0131, Bireyleri bu \u0130nternet Haftas\u0131n\u0131 t\u00fcm \u00fclkeyi saran bir \u0130nternet \u015eenli\u011fine, Bilgi Toplumu, e-d\u00f6n\u00fc\u015f\u00fcm, e-t\u00fcrkiye ve e-devlet kavramlar\u0131n\u0131n geni\u015f kitlelerle tan\u0131\u015ft\u0131r\u0131ld\u0131\u011f\u0131 bir \u0130nternet ve Bili\u015fim F\u0131rt\u0131nas\u0131na d\u00f6nd\u00fcrmeye \u00e7a\u011f\u0131r\u0131yoruz. <a href=\"http:\/\/internethaftasi.org.tr\/hafta12\/\" target=\"_blank\">Detay i\u00e7in t\u0131klay\u0131n\u0131z<\/a><\/p>\n<p style=\"text-align: justify;\">Kaynak: http:\/\/internethaftasi.org.tr<\/p>\n","protected":false},"excerpt":{"rendered":"<p>T\u00fcrkiye \u0130nterneti 12 Nisanda 19. y\u0131l\u0131n\u0131 doldurmu\u015f olacak. T\u00fcrkiye \u0130nternet Kamuoyunu, 9-22 Nisan&#8217;da ger\u00e7ekle\u015fecek 15. \u0130nternet Haftas\u0131n\u0131, t\u00fcm \u00fclkede internete verdi\u011fimiz \u00f6neme yak\u0131\u015f\u0131r bir \u015fekilde; interneti savunmaya, interneti konu\u015fmaya ve bu do\u011fum g\u00fcn\u00fcn\u00fc kutlamaya \u00e7a\u011f\u0131r\u0131yoruz.<\/p>\n","protected":false},"author":1,"featured_media":0,"comment_status":"open","ping_status":"open","sticky":false,"template":"","format":"standard","meta":{"footnotes":""},"categories":[],"tags":[1395,281],"class_list":["post-3158","post","type-post","status-publish","format-standard","hentry","tag-bby-mesleki-etkinlikler-arsivi","tag-internet-haftasi"],"_links":{"self":[{"href":"https:\/\/www.bbyhaber.com\/bby\/wp-json\/wp\/v2\/posts\/3158"}],"collection":[{"href":"https:\/\/www.bbyhaber.com\/bby\/wp-json\/wp\/v2\/posts"}],"about":[{"href":"https:\/\/www.bbyhaber.com\/bby\/wp-json\/wp\/v2\/types\/post"}],"author":[{"embeddable":true,"href":"https:\/\/www.bbyhaber.com\/bby\/wp-json\/wp\/v2\/users\/1"}],"replies":[{"embeddable":true,"href":"https:\/\/www.bbyhaber.com\/bby\/wp-json\/wp\/v2\/comments?post=3158"}],"version-history":[{"count":0,"href":"https:\/\/www.bbyhaber.com\/bby\/wp-json\/wp\/v2\/posts\/3158\/revisions"}],"wp:attachment":[{"href":"https:\/\/www.bbyhaber.com\/bby\/wp-json\/wp\/v2\/media?parent=3158"}],"wp:term":[{"taxonomy":"category","embeddable":true,"href":"https:\/\/www.bbyhaber.com\/bby\/wp-json\/wp\/v2\/categories?post=3158"},{"taxonomy":"post_tag","embeddable":true,"href":"https:\/\/www.bbyhaber.com\/bby\/wp-json\/wp\/v2\/tags?post=3158"}],"curies":[{"name":"wp","href":"https:\/\/api.w.org\/{rel}","templated":true}]}}