{"id":3153,"date":"2012-03-19T11:25:27","date_gmt":"2012-03-19T08:25:27","guid":{"rendered":"http:\/\/www.bbyhaber.com\/bby\/?p=3153"},"modified":"2013-03-26T10:34:22","modified_gmt":"2013-03-26T08:34:22","slug":"istek-okullarindan-kutuphanede-bir-gece-etkinligi","status":"publish","type":"post","link":"https:\/\/www.bbyhaber.com\/bby\/2012\/03\/19\/istek-okullarindan-kutuphanede-bir-gece-etkinligi","title":{"rendered":"\u0130stek Okullar\u0131\u2019ndan \u201cK\u00fct\u00fcphanede Bir Gece\u201d etkinli\u011fi"},"content":{"rendered":"<p style=\"text-align: justify;\">Teknoloji, bilim, sanat, anadil, yabanc\u0131 dil ve sosyal etkinlikleri b\u00fct\u00fcnle\u015ftirerek \u00f6\u011frencilerine zengin ve etkin bir \u00f6\u011frenme ortam\u0131 sa\u011flayan \u0130STEK Atanur O\u011fuz Okullar\u0131 \u201cK\u00fct\u00fcphane Haftas\u0131\u201d kapsam\u0131nda farkl\u0131 bir etkinli\u011fe imza at\u0131yor.<!--more--><\/p>\n<p style=\"text-align: justify;\">K\u00fct\u00fcphane fark\u0131ndal\u0131\u011f\u0131 yaratmay\u0131 ve 24 saat e\u011fitim temas\u0131n\u0131 vurgulamay\u0131 ama\u00e7layan \u201cK\u00fct\u00fcphanede Bir Gece\u201d etkinli\u011finde, okuma oran\u0131na g\u00f6re se\u00e7ilmi\u015f 24 \u00f6\u011frenci, ders bitiminden sonra k\u00fct\u00fcphanede konaklayarak gece boyunca e\u011flenceli vakit ge\u00e7irecekler.<\/p>\n<p style=\"text-align: justify;\">Okulda bulunduklar\u0131 s\u00fcre zarf\u0131nda okuma saati, k\u0131sa metrajl\u0131 film g\u00f6sterimi, canl\u0131 m\u00fczik dinletisi, Tolga G\u00fcm\u00fc\u015fay s\u00f6yle\u015fisi ve \u015eebnem G\u00fcrsoy at\u00f6lye \u00e7al\u0131\u015fmas\u0131 gibi etkinliklerle k\u00fct\u00fcphanede keyifli saatler ge\u00e7irecek \u00f6\u011frenciler, ertesi sabah s\u0131cak bir kahvalt\u0131n\u0131n ard\u0131ndan evlerine u\u011furlanacak.<\/p>\n<p style=\"text-align: justify;\">T\u00fcrkiye\u2019deki okul k\u00fct\u00fcphanelerinde de yayg\u0131nla\u015ft\u0131r\u0131lmas\u0131 hedefiyle \u201cK\u00fct\u00fcphane Haftas\u0131\u201d kapsam\u0131nda d\u00fczenlenen etkinlik, 23 Mart Cuma g\u00fcn\u00fc ger\u00e7ekle\u015ftirilecek.<\/p>\n<p style=\"text-align: justify;\"><span style=\"color: #0000ff;\"><strong>PROGRAM AKI\u015eI:<\/strong><\/span><\/p>\n<p style=\"text-align: justify;\"><strong>\u00a023 Mart 2012<\/strong><\/p>\n<p style=\"text-align: justify;\">\u2022\u00a0\u00a0\u00a0\u00a0\u00a0 16:00\u00a0\u00a0\u00a0\u00a0\u00a0\u00a0\u00a0\u00a0\u00a0\u00a0\u00a0\u00a0\u00a0\u00a0\u00a0\u00a0\u00a0\u00a0\u00a0\u00a0\u00a0\u00a0\u00a0\u00a0\u00a0\u00a0 K\u00fct\u00fcphanede Toplanma<\/p>\n<p style=\"text-align: justify;\">\u2022\u00a0\u00a0\u00a0\u00a0\u00a0 16:30-17:30\u00a0\u00a0\u00a0\u00a0\u00a0\u00a0\u00a0\u00a0\u00a0\u00a0\u00a0\u00a0\u00a0\u00a0\u00a0\u00a0 Aperatif Saati (Bas\u0131n Duyurusu)<\/p>\n<p style=\"text-align: justify;\">\u2022\u00a0\u00a0\u00a0\u00a0\u00a0 17:30-18:30\u00a0\u00a0\u00a0\u00a0\u00a0\u00a0\u00a0\u00a0\u00a0\u00a0\u00a0\u00a0\u00a0\u00a0\u00a0\u00a0 \u015eebnem G\u00fcrsoy Etkinli\u011fi<\/p>\n<p style=\"text-align: justify;\">\u2022\u00a0\u00a0\u00a0\u00a0\u00a0 19:00-20:00\u00a0\u00a0\u00a0\u00a0\u00a0\u00a0\u00a0\u00a0\u00a0\u00a0\u00a0\u00a0\u00a0\u00a0\u00a0\u00a0 Yemek Saati<\/p>\n<p style=\"text-align: justify;\">\u2022\u00a0\u00a0\u00a0\u00a0\u00a0 20:00-21:00\u00a0\u00a0\u00a0\u00a0\u00a0\u00a0\u00a0\u00a0\u00a0\u00a0\u00a0\u00a0\u00a0\u00a0\u00a0\u00a0 Tolga G\u00fcm\u00fc\u015fay ile S\u00f6yle\u015fi<\/p>\n<p style=\"text-align: justify;\">\u2022\u00a0\u00a0\u00a0\u00a0\u00a0 21:00-21:30\u00a0\u00a0\u00a0\u00a0\u00a0\u00a0\u00a0\u00a0\u00a0\u00a0\u00a0\u00a0\u00a0\u00a0\u00a0\u00a0 Canl\u0131 M\u00fczik Dinletisi<\/p>\n<p style=\"text-align: justify;\">\u2022\u00a0\u00a0\u00a0\u00a0\u00a0 21:30-22:30\u00a0\u00a0\u00a0\u00a0\u00a0\u00a0\u00a0\u00a0\u00a0\u00a0\u00a0\u00a0\u00a0\u00a0\u00a0\u00a0 Film G\u00f6sterimi<\/p>\n<p style=\"text-align: justify;\">\u2022\u00a0\u00a0\u00a0\u00a0\u00a0 22:30-23:00\u00a0\u00a0\u00a0\u00a0\u00a0\u00a0\u00a0\u00a0\u00a0\u00a0\u00a0\u00a0\u00a0\u00a0\u00a0\u00a0 Kitap Okuma Saati ve Yat\u0131\u015f<\/p>\n<p style=\"text-align: justify;\"><strong>\u00a024 Mart 2012<\/strong><\/p>\n<p style=\"text-align: justify;\">\u2022\u00a0\u00a0\u00a0\u00a0\u00a0 08:00\u00a0\u00a0\u00a0\u00a0\u00a0\u00a0\u00a0\u00a0\u00a0\u00a0\u00a0\u00a0\u00a0\u00a0\u00a0\u00a0\u00a0\u00a0\u00a0\u00a0\u00a0\u00a0\u00a0\u00a0\u00a0\u00a0 Sabah Kahvalt\u0131s\u0131<\/p>\n<p style=\"text-align: justify;\">Kaynak:<\/p>\n<p style=\"text-align: justify;\">U\u011fur ERS\u00d6ZL\u00dc<br \/>\n\u0130STEK \u00d6zel Atanur O\u011fuz Okullar\u0131<\/p>\n<p style=\"text-align: justify;\">K\u00fct\u00fcphane ve Medya Merkezi<br \/>\nLibrary and Media Center<br \/>\nT +90 (212) 211 34 60 \/ 2136<\/p>\n<p style=\"text-align: justify;\">T +90 (212) 272 52 10<br \/>\nwww.istek.org.tr<\/p>\n","protected":false},"excerpt":{"rendered":"<p>Teknoloji, bilim, sanat, anadil, yabanc\u0131 dil ve sosyal etkinlikleri b\u00fct\u00fcnle\u015ftirerek \u00f6\u011frencilerine zengin ve etkin bir \u00f6\u011frenme ortam\u0131 sa\u011flayan \u0130STEK Atanur O\u011fuz Okullar\u0131 \u201cK\u00fct\u00fcphane Haftas\u0131\u201d kapsam\u0131nda farkl\u0131 bir etkinli\u011fe imza at\u0131yor.<\/p>\n","protected":false},"author":1,"featured_media":0,"comment_status":"open","ping_status":"open","sticky":false,"template":"","format":"standard","meta":{"footnotes":""},"categories":[1469],"tags":[1461,477],"class_list":["post-3153","post","type-post","status-publish","format-standard","hentry","category-48-kutuphane-haftasi","tag-kutuphane-haftasi","tag-kutuphanede-bir-gece"],"_links":{"self":[{"href":"https:\/\/www.bbyhaber.com\/bby\/wp-json\/wp\/v2\/posts\/3153"}],"collection":[{"href":"https:\/\/www.bbyhaber.com\/bby\/wp-json\/wp\/v2\/posts"}],"about":[{"href":"https:\/\/www.bbyhaber.com\/bby\/wp-json\/wp\/v2\/types\/post"}],"author":[{"embeddable":true,"href":"https:\/\/www.bbyhaber.com\/bby\/wp-json\/wp\/v2\/users\/1"}],"replies":[{"embeddable":true,"href":"https:\/\/www.bbyhaber.com\/bby\/wp-json\/wp\/v2\/comments?post=3153"}],"version-history":[{"count":0,"href":"https:\/\/www.bbyhaber.com\/bby\/wp-json\/wp\/v2\/posts\/3153\/revisions"}],"wp:attachment":[{"href":"https:\/\/www.bbyhaber.com\/bby\/wp-json\/wp\/v2\/media?parent=3153"}],"wp:term":[{"taxonomy":"category","embeddable":true,"href":"https:\/\/www.bbyhaber.com\/bby\/wp-json\/wp\/v2\/categories?post=3153"},{"taxonomy":"post_tag","embeddable":true,"href":"https:\/\/www.bbyhaber.com\/bby\/wp-json\/wp\/v2\/tags?post=3153"}],"curies":[{"name":"wp","href":"https:\/\/api.w.org\/{rel}","templated":true}]}}