{"id":3128,"date":"2012-03-19T10:57:35","date_gmt":"2012-03-19T10:57:35","guid":{"rendered":"http:\/\/www.bbyhaber.com\/bby\/?p=3128"},"modified":"2012-04-03T14:58:26","modified_gmt":"2012-04-03T14:58:26","slug":"universite-ogrencilerinden-vana-kutuphane-sivas","status":"publish","type":"post","link":"https:\/\/www.bbyhaber.com\/bby\/2012\/03\/19\/universite-ogrencilerinden-vana-kutuphane-sivas","title":{"rendered":"\u00dcniversite \u00d6\u011frencilerinden Van&#8217;a K\u00fct\u00fcphane-Sivas"},"content":{"rendered":"<p style=\"text-align: justify;\">Cumhuriyet \u00dcniversitesi E\u011fitim Fak\u00fcltesi S\u0131n\u0131f \u00d6\u011fretmenli\u011fi B\u00f6l\u00fcm\u00fc \u00f6\u011frencileri, Van&#8217;da bir ilk\u00f6\u011fretim okulunda k\u00fct\u00fcphane kuracak.\u00a0 Sivas Valili\u011fi&#8217;nden yap\u0131lan yaz\u0131l\u0131 a\u00e7\u0131klamaya g\u00f6re, Cumhuriyet \u00dcniversitesi E\u011fitim Fak\u00fcltesi S\u0131n\u0131f \u00d6\u011fretmenli\u011fi B\u00f6l\u00fcm\u00fc 3. s\u0131n\u0131f \u00f6\u011frencileri, Vali Ali Kolat&#8217;\u0131 makam\u0131nda ziyaret etti.<!--more--><\/p>\n<p style=\"text-align: justify;\">Ziyarette Van&#8217;\u0131n \u00c7ald\u0131ran il\u00e7esindeki Atat\u00fcrk \u0130lk\u00f6\u011fretim Okulu&#8217;na k\u00fct\u00fcphane kurmay\u0131 planlad\u0131klar\u0131n\u0131 ifade eden \u00f6\u011frenciler, Van&#8217;da Cumhuriyet K\u00fct\u00fcphanesi adl\u0131 projeyle ihtiya\u00e7lar\u0131 tamamlay\u0131p en iyi imkanlarladonat\u0131lm\u0131\u015f bir k\u00fct\u00fcphane kurmay\u0131 hedeflediklerini belirtti.<\/p>\n<p style=\"text-align: justify;\">Ziyaretten duydu\u011fu memnuniyeti dile getiren Vali Kolat ise &#8220;Herkes yiyecek, i\u00e7ecek al\u0131r ama kimse kitab\u0131 ihtiya\u00e7 olarak g\u00f6rmez. Bu y\u00fczden duyarl\u0131l\u0131\u011f\u0131n\u0131z\u0131 takdir ediyorum. Sizler gibi duyarl\u0131 gen\u00e7lere \u00e7ok ihtiyac\u0131m\u0131z var, gelecek sizlere emanet. Yapt\u0131\u011f\u0131n\u0131z \u00e7al\u0131\u015fmalara, valili\u011fimiz ve kurumlar\u0131m\u0131zla her t\u00fcrl\u00fc deste\u011fi verece\u011fiz&#8221; dedi.<\/p>\n<p style=\"text-align: justify;\">Kaynak: http:\/\/www.abbasguclu.com.tr\/<\/p>\n","protected":false},"excerpt":{"rendered":"<p>Cumhuriyet \u00dcniversitesi E\u011fitim Fak\u00fcltesi S\u0131n\u0131f \u00d6\u011fretmenli\u011fi B\u00f6l\u00fcm\u00fc \u00f6\u011frencileri, Van&#8217;da bir ilk\u00f6\u011fretim okulunda k\u00fct\u00fcphane kuracak.\u00a0 Sivas Valili\u011fi&#8217;nden yap\u0131lan yaz\u0131l\u0131 a\u00e7\u0131klamaya g\u00f6re, Cumhuriyet \u00dcniversitesi E\u011fitim Fak\u00fcltesi S\u0131n\u0131f \u00d6\u011fretmenli\u011fi B\u00f6l\u00fcm\u00fc 3. s\u0131n\u0131f \u00f6\u011frencileri, Vali Ali Kolat&#8217;\u0131 makam\u0131nda ziyaret etti.<\/p>\n","protected":false},"author":1,"featured_media":0,"comment_status":"open","ping_status":"open","sticky":false,"template":"","format":"standard","meta":{"footnotes":""},"categories":[1],"tags":[],"class_list":["post-3128","post","type-post","status-publish","format-standard","hentry","category-genel"],"_links":{"self":[{"href":"https:\/\/www.bbyhaber.com\/bby\/wp-json\/wp\/v2\/posts\/3128"}],"collection":[{"href":"https:\/\/www.bbyhaber.com\/bby\/wp-json\/wp\/v2\/posts"}],"about":[{"href":"https:\/\/www.bbyhaber.com\/bby\/wp-json\/wp\/v2\/types\/post"}],"author":[{"embeddable":true,"href":"https:\/\/www.bbyhaber.com\/bby\/wp-json\/wp\/v2\/users\/1"}],"replies":[{"embeddable":true,"href":"https:\/\/www.bbyhaber.com\/bby\/wp-json\/wp\/v2\/comments?post=3128"}],"version-history":[{"count":0,"href":"https:\/\/www.bbyhaber.com\/bby\/wp-json\/wp\/v2\/posts\/3128\/revisions"}],"wp:attachment":[{"href":"https:\/\/www.bbyhaber.com\/bby\/wp-json\/wp\/v2\/media?parent=3128"}],"wp:term":[{"taxonomy":"category","embeddable":true,"href":"https:\/\/www.bbyhaber.com\/bby\/wp-json\/wp\/v2\/categories?post=3128"},{"taxonomy":"post_tag","embeddable":true,"href":"https:\/\/www.bbyhaber.com\/bby\/wp-json\/wp\/v2\/tags?post=3128"}],"curies":[{"name":"wp","href":"https:\/\/api.w.org\/{rel}","templated":true}]}}