{"id":3123,"date":"2012-03-19T10:53:26","date_gmt":"2012-03-19T10:53:26","guid":{"rendered":"http:\/\/www.bbyhaber.com\/bby\/?p=3123"},"modified":"2012-04-03T14:59:16","modified_gmt":"2012-04-03T14:59:16","slug":"bos-zamanlarini-kutuphanede-satranc-oynayarak-degerlendiriyorlar-kars","status":"publish","type":"post","link":"https:\/\/www.bbyhaber.com\/bby\/2012\/03\/19\/bos-zamanlarini-kutuphanede-satranc-oynayarak-degerlendiriyorlar-kars","title":{"rendered":"Bo\u015f zamanlar\u0131n\u0131 k\u00fct\u00fcphanede satran\u00e7 oynayarak de\u011ferlendiriyorlar-Kars"},"content":{"rendered":"<div id=\"contextual\" style=\"text-align: justify;\">\n<p><a href=\"http:\/\/img6.mynet.com\/yurthaber2\/2012\/03\/kars\/bos-zamanlarini-kutuphanede-satranc-oynayarak-degerlendiriyorlar-70t.jpg\"><img loading=\"lazy\" decoding=\"async\" class=\"alignleft\" src=\"http:\/\/img6.mynet.com\/yurthaber2\/2012\/03\/kars\/bos-zamanlarini-kutuphanede-satranc-oynayarak-degerlendiriyorlar-70t.jpg\" alt=\"\" width=\"343\" height=\"257\" \/><\/a>Kars Sar\u0131kam\u0131\u015f\u2019ta \u00f6\u011frenciler bo\u015f zamanlar\u0131n\u0131 k\u00fct\u00fcphanede satran\u00e7 oynayarak de\u011ferlendiriyor. \u00d6\u011frenciler, \u0130l\u00e7e Halk K\u00fct\u00fcphanesi&#8217;nin bu hizmetlerinden olduk\u00e7a memnun olduklar\u0131n\u0131 ifade ediyor. \u00d6\u011frencilerden Dilan Y\u0131lmaz, \u201cOkul \u00e7\u0131k\u0131\u015f\u0131 ve hafta sonlar\u0131 satran\u00e7 oynamaya geliyoruz, oynamaktan \u00e7ok zevk al\u0131yoruz. Satran\u00e7 onamay\u0131 seviyoruz.\u201d dedi.<!--more--><\/p>\n<p>Sar\u0131kam\u0131\u015f \u0130l\u00e7e Halk K\u00fct\u00fcphanesi M\u00fcd\u00fcrvekili Turgay Alada\u011f, de\u011fi\u015fen zamanla birlikte i\u015fletmelerin de kendilerini s\u00fcrekli yenilemeleri, hizmet al\u0131c\u0131lara alternatifler sunmalar\u0131 gerekti\u011fine inand\u0131klar\u0131n\u0131 belirtti. &#8220;Biz de k\u00fct\u00fcphanemizin geli\u015fmesi ve se\u00e7eneklerin \u00e7o\u011falmas\u0131 i\u00e7in hizmet binam\u0131z\u0131n giri\u015f kat\u0131nda bir adet satran\u00e7 salonu d\u00fczenleyerek \u00f6\u011frencilerimizin hizmetine a\u00e7t\u0131k.&#8221; diyen Alada\u011f, &#8220;\u00d6\u011frencileri sokaktan ve internetten uzak tutmak ad\u0131na b\u00f6yle bir \u00e7al\u0131\u015fma yapt\u0131k. Gayet faydal\u0131 oldu\u011funu g\u00f6rd\u00fck. Satran\u00e7 salonuna gelenler okuma salonunu da kullanarak toplamda bir sinerji art\u0131\u015f\u0131na katk\u0131da bulunuyorlar. \u0130lerleyen zaman i\u00e7erisinde benzer \u00e7al\u0131\u015fmalar yaparak Halk K\u00fct\u00fcphanesini \u00e7ocuklar\u0131m\u0131z i\u00e7in bir cazibe merkezi haline getirmek istiyoruz. Bize her t\u00fcrl\u00fc deste\u011fi sa\u011flayan Sar\u0131kam\u0131\u015f Kaymakam\u0131 Erdo\u011fan Turan Ermi\u015f\u2019e te\u015fekk\u00fcr ediyorum.\u201d dedi.<\/p>\n<p>Kaynak: http:\/\/yurthaber.mynet.com<\/p>\n<\/div>\n","protected":false},"excerpt":{"rendered":"<p>Kars Sar\u0131kam\u0131\u015f\u2019ta \u00f6\u011frenciler bo\u015f zamanlar\u0131n\u0131 k\u00fct\u00fcphanede satran\u00e7 oynayarak de\u011ferlendiriyor. \u00d6\u011frenciler, \u0130l\u00e7e Halk K\u00fct\u00fcphanesi&#8217;nin bu hizmetlerinden olduk\u00e7a memnun olduklar\u0131n\u0131 ifade ediyor. \u00d6\u011frencilerden Dilan Y\u0131lmaz, \u201cOkul \u00e7\u0131k\u0131\u015f\u0131 ve hafta sonlar\u0131 satran\u00e7 oynamaya geliyoruz, oynamaktan \u00e7ok zevk al\u0131yoruz. Satran\u00e7 onamay\u0131 seviyoruz.\u201d dedi.<\/p>\n","protected":false},"author":1,"featured_media":0,"comment_status":"open","ping_status":"open","sticky":false,"template":"","format":"standard","meta":{"footnotes":""},"categories":[1],"tags":[848],"class_list":["post-3123","post","type-post","status-publish","format-standard","hentry","category-genel","tag-halk-kutuphaneleri"],"_links":{"self":[{"href":"https:\/\/www.bbyhaber.com\/bby\/wp-json\/wp\/v2\/posts\/3123"}],"collection":[{"href":"https:\/\/www.bbyhaber.com\/bby\/wp-json\/wp\/v2\/posts"}],"about":[{"href":"https:\/\/www.bbyhaber.com\/bby\/wp-json\/wp\/v2\/types\/post"}],"author":[{"embeddable":true,"href":"https:\/\/www.bbyhaber.com\/bby\/wp-json\/wp\/v2\/users\/1"}],"replies":[{"embeddable":true,"href":"https:\/\/www.bbyhaber.com\/bby\/wp-json\/wp\/v2\/comments?post=3123"}],"version-history":[{"count":0,"href":"https:\/\/www.bbyhaber.com\/bby\/wp-json\/wp\/v2\/posts\/3123\/revisions"}],"wp:attachment":[{"href":"https:\/\/www.bbyhaber.com\/bby\/wp-json\/wp\/v2\/media?parent=3123"}],"wp:term":[{"taxonomy":"category","embeddable":true,"href":"https:\/\/www.bbyhaber.com\/bby\/wp-json\/wp\/v2\/categories?post=3123"},{"taxonomy":"post_tag","embeddable":true,"href":"https:\/\/www.bbyhaber.com\/bby\/wp-json\/wp\/v2\/tags?post=3123"}],"curies":[{"name":"wp","href":"https:\/\/api.w.org\/{rel}","templated":true}]}}