{"id":3115,"date":"2012-03-18T19:13:00","date_gmt":"2012-03-18T19:13:00","guid":{"rendered":"http:\/\/www.bbyhaber.com\/bby\/?p=3115"},"modified":"2012-03-19T11:11:48","modified_gmt":"2012-03-19T11:11:48","slug":"niluferin-ucuncu-kutuphanesi-ucevlerde-bursa","status":"publish","type":"post","link":"https:\/\/www.bbyhaber.com\/bby\/2012\/03\/18\/niluferin-ucuncu-kutuphanesi-ucevlerde-bursa","title":{"rendered":"Nil\u00fcfer&#8217;in \u00fc\u00e7\u00fcnc\u00fc k\u00fct\u00fcphanesi \u00dc\u00e7evler&#8217;de-Bursa"},"content":{"rendered":"<p style=\"text-align: justify;\">Nil\u00fcfer&#8217;deki ilk k\u00fct\u00fcphane hizmetini 2007 y\u0131l\u0131nda Akk\u0131l\u0131\u00e7 K\u00fct\u00fcphanesi&#8217;nde ba\u015flatan Nil\u00fcfer Belediyesi, \u00fc\u00e7\u00fcnc\u00fc k\u00fct\u00fcphanesini \u00dc\u00e7evler Mahallesi&#8217;nde hizmete a\u00e7\u0131yor. Nil\u00fcfer&#8217;in farkl\u0131 b\u00f6lgelerinde her biri farkl\u0131 ihtisas konular\u0131nda geli\u015ftirilecek k\u00fct\u00fcphanelerden ilkini ge\u00e7ti\u011fimiz y\u0131l restore edilen tarihi Demirci Camii&#8217;nde hizmete sunan Nil\u00fcfer Belediyesi, bu y\u0131lki k\u00fct\u00fcphane haftas\u0131nda da Nil\u00fcfer \u00dc\u00e7evler K\u00fct\u00fcphanesi&#8217;nin kap\u0131lar\u0131n\u0131 a\u00e7\u0131yor.<!--more--><\/p>\n<p style=\"text-align: justify;\">31 Mart Cumartesi g\u00fcn\u00fc saat 12.00&#8217;de yap\u0131lacak t\u00f6renle hizmet vermeye ba\u015flayacak olan \u00dc\u00e7evler K\u00fct\u00fcphanesi koleksiyonunda; ba\u015fta gazeteci Y\u00fcksel Baysal&#8217;\u0131n kitapl\u0131\u011f\u0131 olmak \u00fczere, ba\u015fvuru kaynaklar\u0131, felsefe, psikoloji, toplum bilimleri, din bilimleri, uygulamal\u0131 bilimler, ki\u015fisel geli\u015fim, halk edebiyat\u0131, ki\u015fisel ya\u015fam ve mesleki geli\u015fim, \u00e7ocuk edebiyat\u0131, tarihin \u00e7e\u015fitli konular\u0131, el sanatlar\u0131, tar\u0131m ve hayvanc\u0131l\u0131k, sa\u011fl\u0131k, spor, uygulamal\u0131 bilimler, e\u011fitici teknik yay\u0131nlar, tarih-co\u011frafya rehber yay\u0131nlar\u0131 yer al\u0131yor.<\/p>\n<p style=\"text-align: justify;\">\u00d6d\u00fcn\u00e7 kitap al\u0131\u015fveri\u015fi, internet eri\u015fimi, ara\u015ft\u0131rma dan\u0131\u015fma hizmetleri, at\u00f6lye \u00e7al\u0131\u015fmalar\u0131 ve okuryazar bulu\u015fmalar\u0131n\u0131n ger\u00e7ekle\u015fece\u011fi Nil\u00fcfer \u00dc\u00e7evler K\u00fct\u00fcphanesi, iki katl\u0131 bir binada toplam 700 metrekare civar\u0131nda kullan\u0131m alan\u0131na sahip. Okurlar\u0131na hafta sonlar\u0131 ve ak\u015famlar\u0131 da kap\u0131lar\u0131n\u0131 a\u00e7\u0131k tutacak olan bu yeni k\u00fct\u00fcphane, Nil\u00fcfer-Akk\u0131l\u0131\u00e7 K\u00fct\u00fcphanesi ve Nil\u00fcfer \u00c7ocuk K\u00fct\u00fcphanesi ile \u00e7evrimi\u00e7i ba\u011flant\u0131da olacak. Kitapseverler b\u00f6ylece Nil\u00fcfer&#8217;in hangi k\u00fct\u00fcphanesine giderse gitsin, ayn\u0131 a\u011f \u00fczerinde hizmet verilebilmesi sayesinde k\u00fct\u00fcphanelerin t\u00fcm envanterinden yararlanma f\u0131rsat\u0131 elde edecek.<\/p>\n<p style=\"text-align: justify;\">\u00dc\u00e7evler, Be\u015fevler, \u00c7al\u0131 ve Konak Mahalleleri&#8217;ne hizmet verebilecek bir kapasiteye sahip olan k\u00fct\u00fcphanedeki son haz\u0131rl\u0131klar\u0131 yerinde inceleyen Nil\u00fcfer Belediye Ba\u015fkan\u0131 Mustafa Bozbey, a\u00e7\u0131k raf sisteminin uygulanaca\u011f\u0131 ve Bursa&#8217;da ilk kez &#8220;\u00d6d\u00fcn\u00e7 kitap makinas\u0131&#8221;n\u0131n kullan\u0131laca\u011f\u0131 \u00dc\u00e7evler K\u00fct\u00fcphanesi&#8217;ne t\u00fcm Nil\u00fcferlileri davet etti. Bozbey ayr\u0131ca, 60 bin kitap kapasitesine sahip olmas\u0131 hedeflenen \u00dc\u00e7evler K\u00fct\u00fcphanesi&#8217;nin bu rakama k\u0131sa zamanda ula\u015fabilmesi ad\u0131na k\u00fclt\u00fcr dostlar\u0131ndan kitap ba\u011f\u0131\u015f\u0131 beklediklerini kaydetti.<\/p>\n<p style=\"text-align: justify;\">Kaynak: http:\/\/www.bursadabugun.com<\/p>\n","protected":false},"excerpt":{"rendered":"<p>Nil\u00fcfer&#8217;deki ilk k\u00fct\u00fcphane hizmetini 2007 y\u0131l\u0131nda Akk\u0131l\u0131\u00e7 K\u00fct\u00fcphanesi&#8217;nde ba\u015flatan Nil\u00fcfer Belediyesi, \u00fc\u00e7\u00fcnc\u00fc k\u00fct\u00fcphanesini \u00dc\u00e7evler Mahallesi&#8217;nde hizmete a\u00e7\u0131yor. Nil\u00fcfer&#8217;in farkl\u0131 b\u00f6lgelerinde her biri farkl\u0131 ihtisas konular\u0131nda geli\u015ftirilecek k\u00fct\u00fcphanelerden ilkini ge\u00e7ti\u011fimiz y\u0131l restore edilen tarihi Demirci Camii&#8217;nde hizmete sunan Nil\u00fcfer Belediyesi, bu y\u0131lki k\u00fct\u00fcphane haftas\u0131nda da Nil\u00fcfer \u00dc\u00e7evler K\u00fct\u00fcphanesi&#8217;nin kap\u0131lar\u0131n\u0131 a\u00e7\u0131yor.<\/p>\n","protected":false},"author":1,"featured_media":0,"comment_status":"open","ping_status":"open","sticky":false,"template":"","format":"standard","meta":{"footnotes":""},"categories":[1],"tags":[],"class_list":["post-3115","post","type-post","status-publish","format-standard","hentry","category-genel"],"_links":{"self":[{"href":"https:\/\/www.bbyhaber.com\/bby\/wp-json\/wp\/v2\/posts\/3115"}],"collection":[{"href":"https:\/\/www.bbyhaber.com\/bby\/wp-json\/wp\/v2\/posts"}],"about":[{"href":"https:\/\/www.bbyhaber.com\/bby\/wp-json\/wp\/v2\/types\/post"}],"author":[{"embeddable":true,"href":"https:\/\/www.bbyhaber.com\/bby\/wp-json\/wp\/v2\/users\/1"}],"replies":[{"embeddable":true,"href":"https:\/\/www.bbyhaber.com\/bby\/wp-json\/wp\/v2\/comments?post=3115"}],"version-history":[{"count":0,"href":"https:\/\/www.bbyhaber.com\/bby\/wp-json\/wp\/v2\/posts\/3115\/revisions"}],"wp:attachment":[{"href":"https:\/\/www.bbyhaber.com\/bby\/wp-json\/wp\/v2\/media?parent=3115"}],"wp:term":[{"taxonomy":"category","embeddable":true,"href":"https:\/\/www.bbyhaber.com\/bby\/wp-json\/wp\/v2\/categories?post=3115"},{"taxonomy":"post_tag","embeddable":true,"href":"https:\/\/www.bbyhaber.com\/bby\/wp-json\/wp\/v2\/tags?post=3115"}],"curies":[{"name":"wp","href":"https:\/\/api.w.org\/{rel}","templated":true}]}}