{"id":3106,"date":"2012-03-15T15:23:36","date_gmt":"2012-03-15T15:23:36","guid":{"rendered":"http:\/\/www.bbyhaber.com\/bby\/?p=3106"},"modified":"2012-05-16T12:08:59","modified_gmt":"2012-05-16T12:08:59","slug":"her-ay-bir-kitap-okuyun","status":"publish","type":"post","link":"https:\/\/www.bbyhaber.com\/bby\/2012\/03\/15\/her-ay-bir-kitap-okuyun","title":{"rendered":"Her ay bir kitap okuyun"},"content":{"rendered":"<p style=\"text-align: justify;\">K\u00fct\u00fcphaneler ve Yay\u0131mlar Genel M\u00fcd\u00fcr\u00fc Onur Bilge Kula, kitap okuma al\u0131\u015fkanl\u0131\u011f\u0131n\u0131n yurt genelinde yayg\u0131nla\u015ft\u0131r\u0131lmas\u0131na ili\u015fkin \u00e7al\u0131\u015fmalar\u0131yla ilgili bilgi verirken, T\u00fcrkiye&#8217;nin bir edebiyat \u00fclkesi olarak tan\u0131nmas\u0131n\u0131n \u00fclkenin genel imaj\u0131 ve tan\u0131t\u0131m\u0131 bak\u0131m\u0131ndan b\u00fcy\u00fck \u00f6nem ta\u015f\u0131d\u0131\u011f\u0131n\u0131 s\u00f6yledi. T\u00fcrkiye&#8217;de 2011 senesinde yay\u0131n sekt\u00f6r\u00fcn\u00fcn g\u00fc\u00e7lenmesi, \u00e7e\u015fitlenmesi ve farkl\u0131la\u015fmas\u0131 a\u00e7\u0131s\u0131ndan \u00f6nemli geli\u015fmeler ya\u015fand\u0131\u011f\u0131n\u0131 ifade eden Kula, &#8221;Ge\u00e7en y\u0131l T\u00fcrkiye&#8217;de muhte\u015fem geli\u015fmeler oldu. <!--more-->Yay\u0131n sekt\u00f6r\u00fcnde ge\u00e7en y\u0131l 43 bin 200 kitap i\u00e7in uluslararas\u0131 standart kitap numaras\u0131 (ISBN) al\u0131nd\u0131. Bunlardan b\u00fcy\u00fck b\u00f6l\u00fcm\u00fc sosyal bilimler, be\u015feri bilimler ve k\u00fclt\u00fcr alan\u0131na ait&#8221; dedi. Edebiyat\u0131n ise bunlar\u0131n 15 binini olu\u015fturdu\u011funu belirten Kula, yay\u0131n sekt\u00f6r\u00fcn\u00fcn ge\u00e7en y\u0131lki durumunu ise \u015f\u00f6yle \u00f6zetledi:<\/p>\n<p style=\"text-align: justify;\">&#8221;Bizim i\u00e7in en \u00f6nemlisi, T\u00fcrkiye&#8217;de edebiyat \u00fcretiminin katlanarak artmas\u0131d\u0131r. Edebiyat \u00fcretimi deyince ba\u015fta roman, hikaye, \u015fiir ve drama anla\u015f\u0131l\u0131yor. Bir rakam vereyim, 2010 y\u0131l\u0131nda T\u00fcrkiye&#8217;de 570 roman yay\u0131mlanm\u0131\u015ft\u0131, 2011 y\u0131l\u0131nda 1851 roman yay\u0131mland\u0131. \u00dc\u00e7 kattan daha fazla, muhte\u015fem bir geli\u015fmedir bu. Bizim \u00fclkemizin, toplumumuzun \u00e7ok iyi bir avantaj\u0131 var.<\/p>\n<p style=\"text-align: justify;\">T\u00fcrkiye, \u00e7ok gen\u00e7 bir yazar kadrosuna sahip. Bu yazarlar i\u00e7erisinde kad\u0131nlar\u0131n da \u00e7ok b\u00fcy\u00fck bir pay\u0131 var. Kad\u0131n yazarlar\u0131m\u0131z\u0131n say\u0131s\u0131 gurur verecek \u00f6l\u00e7\u00fcde art\u0131yor. Ayr\u0131ca bu kad\u0131n yazarlar\u0131m\u0131z hem \u00e7ok iyi e\u011fitimli, hem yabanc\u0131 dil biliyorlar, hem de d\u00fcnya bilgi ve deneyimleri \u00e7ok sa\u011flam. Bunlar toplumumuz a\u00e7\u0131s\u0131ndan \u00f6v\u00fcn\u00e7 verici geli\u015fmeler. Yazarlar\u0131m\u0131z, ba\u015fta Orhan Pamuk, Ahmet \u00dcmit, Elif \u015eafak, Z\u00fclf\u00fc Livaneli, \u0130skender Pala gibi \u00e7ok satan yazarlar olmak \u00fczere hepsi d\u00fcnyaya a\u00e7\u0131k insanlar. B\u00f6yle bir yazar toplulu\u011funa sahip olmak bizim \u00e7al\u0131\u015fmalar\u0131m\u0131z\u0131 \u00e7ok kolayla\u015ft\u0131r\u0131yor.&#8221;<\/p>\n<p style=\"text-align: justify;\">&#8216;Okuma oran\u0131 san\u0131ld\u0131\u011f\u0131 gibi d\u00fc\u015f\u00fck de\u011fil&#8217;<\/p>\n<p style=\"text-align: justify;\">T\u00fcrk edebiyat\u0131n\u0131n d\u00fcnyan\u0131n 42 dilinde, 50&#8217;den fazla \u00fclkede okundu\u011funu aktaran Kula, ge\u00e7en y\u0131l T\u00fcrkiye tarihinde ilk defa <a title=\"T\u00fcrkiye\u2019nin \u0130lk Okuma K\u00fclt\u00fcr\u00fc Haritas\u0131 \u00c7\u0131kt\u0131\" href=\"http:\/\/www.bbyhaber.com\/bby\/2011\/04\/19\/turkiyenin-ilk-okuma-haritasi-cikti\/\">T\u00fcrkiye Okuma K\u00fclt\u00fcr\u00fc Haritas\u0131n\u0131<\/a> yay\u0131mlad\u0131klar\u0131n\u0131 an\u0131msatt\u0131.<\/p>\n<p style=\"text-align: justify;\">T\u00fcrkiye \u00e7ap\u0131nda \u00e7ok ciddi bir alan ara\u015ft\u0131rmas\u0131 yapt\u0131klar\u0131n\u0131 anlatan Kula, &#8221;Bu ara\u015ft\u0131rmaya g\u00f6re T\u00fcrkiye&#8217;de ki\u015fi ba\u015f\u0131na 7.2 kitap okunuyor. Zaten bu say\u0131 bizim ISBN numaras\u0131 ile 43 bin 200 \u00e7e\u015fit ISBN numaras\u0131 alarak yay\u0131mlanm\u0131\u015f kitaplar&#8221; dedi. Kula, kitap okuma d\u00fczeyini art\u0131rmak i\u00e7in yapacaklar\u0131 \u00e7al\u0131\u015fmalar\u0131 ise \u015f\u00f6yle \u00f6zetledi:<\/p>\n<p style=\"text-align: justify;\">&#8221;Bir de ISBN numaras\u0131 almadan, kendi ba\u015flar\u0131na yay\u0131n yapan ki\u015fi ve kurumlar var. Onlar\u0131 da katt\u0131\u011f\u0131n\u0131z zaman 500 milyondan fazla kitap sat\u0131l\u0131yor demektir. \u00c7\u00fcnk\u00fc yay\u0131n sekt\u00f6r\u00fc \u00f6zel sekt\u00f6r. Kendi aya\u011f\u0131n\u0131n \u00fczerinde durmak zorunda ve bast\u0131\u011f\u0131 kitab\u0131 satmak durumunda. O nedenle yay\u0131n sekt\u00f6r\u00fcn\u00fcn piyasa pay\u0131n\u0131 anlatmak bak\u0131m\u0131ndan bu say\u0131 \u00e7ok \u00f6nemli. Demek ki kitap sat\u0131l\u0131yor ki bas\u0131l\u0131yor.<\/p>\n<p style=\"text-align: justify;\">T\u00fcrkiye&#8217;de insanlar\u0131n sand\u0131\u011f\u0131 gibi okuma oran\u0131 \u00e7ok d\u00fc\u015f\u00fck de\u011fil. \u00c7ok y\u00fcksek de de\u011fil. Bizim amac\u0131m\u0131z bunu ki\u015fi ba\u015f\u0131na 12&#8217;ye \u00e7\u0131karmakt\u0131r. &#8216;Her ay bir kitap okuyun&#8217; slogan\u0131yla \u00e7al\u0131\u015f\u0131yoruz ve bu d\u00fc\u015f\u00fcnceyi yaymay\u0131 \u00e7al\u0131\u015f\u0131yoruz. Yani her ay bir kitap, bir toplumun hem entelekt\u00fcel d\u00fczeyinin derinli\u011fini, geni\u015fli\u011fini g\u00f6sterir. Hem istikrard\u0131r, hem de ayn\u0131 zamanda b\u00f6yle bir al\u0131\u015fkanl\u0131\u011f\u0131n yerle\u015fmesidir. Her anlamda istikrar\u0131 \u00e7ok destekleyen bir \u015feydir. Biz buna ula\u015fmaya \u00e7al\u0131\u015f\u0131yoruz.&#8221;<\/p>\n<p style=\"text-align: justify;\">&#8216;Sekt\u00f6r, devletin bu i\u015fi b\u0131rakmas\u0131n\u0131 istiyor&#8217;<\/p>\n<p style=\"text-align: justify;\">K\u00fclt\u00fcr ve Turizm Bakanl\u0131\u011f\u0131&#8217;n\u0131n yaln\u0131zca anma, arma\u011fan kitap t\u00fcr\u00fcnde yay\u0131nlar yapt\u0131\u011f\u0131n\u0131 ve yay\u0131nc\u0131l\u0131k sekt\u00f6r\u00fcndeki faaliyetlerini azaltt\u0131\u011f\u0131n\u0131 da aktaran Kula, &#8221;Bunlar\u0131n say\u0131s\u0131 da 10-15 aras\u0131ndad\u0131r. \u00c7\u00fcnk\u00fc T\u00fcrkiye&#8217;de art\u0131k yay\u0131nc\u0131l\u0131k sekt\u00f6r\u00fc, devletin bu i\u015fi b\u0131rakmas\u0131n\u0131 istiyor&#8221; dedi.<\/p>\n<p style=\"text-align: justify;\">\u00c7ok az say\u0131da, ama nitelikli kitaplar \u00e7\u0131kard\u0131klar\u0131n\u0131 ifade eden Onur Bilge Kula, ge\u00e7en y\u0131l okurla bulu\u015fturduklar\u0131 eserlerin tematik se\u00e7imle haz\u0131rland\u0131\u011f\u0131n\u0131 s\u00f6yledi. &#8221;Felsefe ve Bilimin Do\u011fulu \u00d6nc\u00fcleri&#8221; temal\u0131 5-6 kitap yapt\u0131klar\u0131n\u0131 belirten Kula, &#8221;Evliya \u00c7elebi&#8217;ye kadar uzanan bir yelpazede, bunun i\u00e7inde Yunus Emre de \u015eeyh Bedrettin de olacak&#8221; diye konu\u015ftu.<\/p>\n<p style=\"text-align: justify;\">&#8221;Bizim yay\u0131n politikam\u0131z, T\u00fcrk yay\u0131nc\u0131l\u0131\u011f\u0131n\u0131n sekt\u00f6r olarak yap\u0131s\u0131n\u0131n g\u00fc\u00e7lenmesi, \u00e7e\u015fitlenmesi ve sadece T\u00fcrkiye&#8217;ye de\u011fil, T\u00fcrkiye&#8217;nin d\u0131\u015f\u0131na a\u00e7\u0131lmas\u0131 konusunda biz onlarla ortak \u00e7al\u0131\u015fmalar yap\u0131yoruz&#8221; diyen Kula, T\u00fcrkiye&#8217;de \u00e7ok say\u0131da yazar\u0131n ba\u015far\u0131l\u0131 eserlerinin olmas\u0131n\u0131n eserlerin ba\u015fka dillere \u00e7evrilme oran\u0131n\u0131 da art\u0131rd\u0131\u011f\u0131n\u0131 kaydetti. Kula, &#8221;\u00c7\u00fcnk\u00fc bu edebiyat \u00fcretimi bizi ger\u00e7ekten &#8216;\u00e7evir&#8217; diye zorluyor. 1850 roman ne demek, yani muhte\u015fem bir \u015fey. Bunun mutlaka \u00e7ok \u00f6nemli bir b\u00f6l\u00fcm\u00fcn\u00fcn d\u00fcnya dillerine \u00e7evrilmesi gerekiyor&#8221; \u015feklinde konu\u015ftu.<\/p>\n<p style=\"text-align: justify;\">Kaynak: http:\/\/www.ntvmsnbc.com<\/p>\n","protected":false},"excerpt":{"rendered":"<p>K\u00fct\u00fcphaneler ve Yay\u0131mlar Genel M\u00fcd\u00fcr\u00fc Onur Bilge Kula, kitap okuma al\u0131\u015fkanl\u0131\u011f\u0131n\u0131n yurt genelinde yayg\u0131nla\u015ft\u0131r\u0131lmas\u0131na ili\u015fkin \u00e7al\u0131\u015fmalar\u0131yla ilgili bilgi verirken, T\u00fcrkiye&#8217;nin bir edebiyat \u00fclkesi olarak tan\u0131nmas\u0131n\u0131n \u00fclkenin genel imaj\u0131 ve tan\u0131t\u0131m\u0131 bak\u0131m\u0131ndan b\u00fcy\u00fck \u00f6nem ta\u015f\u0131d\u0131\u011f\u0131n\u0131 s\u00f6yledi. T\u00fcrkiye&#8217;de 2011 senesinde yay\u0131n sekt\u00f6r\u00fcn\u00fcn g\u00fc\u00e7lenmesi, \u00e7e\u015fitlenmesi ve farkl\u0131la\u015fmas\u0131 a\u00e7\u0131s\u0131ndan \u00f6nemli geli\u015fmeler ya\u015fand\u0131\u011f\u0131n\u0131 ifade eden Kula, &#8221;Ge\u00e7en y\u0131l T\u00fcrkiye&#8217;de muhte\u015fem [&hellip;]<\/p>\n","protected":false},"author":1,"featured_media":0,"comment_status":"open","ping_status":"open","sticky":false,"template":"","format":"standard","meta":{"footnotes":""},"categories":[1],"tags":[],"class_list":["post-3106","post","type-post","status-publish","format-standard","hentry","category-genel"],"_links":{"self":[{"href":"https:\/\/www.bbyhaber.com\/bby\/wp-json\/wp\/v2\/posts\/3106"}],"collection":[{"href":"https:\/\/www.bbyhaber.com\/bby\/wp-json\/wp\/v2\/posts"}],"about":[{"href":"https:\/\/www.bbyhaber.com\/bby\/wp-json\/wp\/v2\/types\/post"}],"author":[{"embeddable":true,"href":"https:\/\/www.bbyhaber.com\/bby\/wp-json\/wp\/v2\/users\/1"}],"replies":[{"embeddable":true,"href":"https:\/\/www.bbyhaber.com\/bby\/wp-json\/wp\/v2\/comments?post=3106"}],"version-history":[{"count":0,"href":"https:\/\/www.bbyhaber.com\/bby\/wp-json\/wp\/v2\/posts\/3106\/revisions"}],"wp:attachment":[{"href":"https:\/\/www.bbyhaber.com\/bby\/wp-json\/wp\/v2\/media?parent=3106"}],"wp:term":[{"taxonomy":"category","embeddable":true,"href":"https:\/\/www.bbyhaber.com\/bby\/wp-json\/wp\/v2\/categories?post=3106"},{"taxonomy":"post_tag","embeddable":true,"href":"https:\/\/www.bbyhaber.com\/bby\/wp-json\/wp\/v2\/tags?post=3106"}],"curies":[{"name":"wp","href":"https:\/\/api.w.org\/{rel}","templated":true}]}}